{"id":28274,"count":1,"description":"","link":"https:\/\/www.porlalibreedomex.com\/?tag=comunicologo-y-fotografo-carlos-escutia","name":"comunic\u00f3logo y fot\u00f3grafo Carlos Escut\u00eda","slug":"comunicologo-y-fotografo-carlos-escutia","taxonomy":"post_tag","meta":[],"_links":{"self":[{"href":"https:\/\/www.porlalibreedomex.com\/index.php?rest_route=\/wp\/v2\/tags\/28274","targetHints":{"allow":["GET"]}}],"collection":[{"href":"https:\/\/www.porlalibreedomex.com\/index.php?rest_route=\/wp\/v2\/tags"}],"about":[{"href":"https:\/\/www.porlalibreedomex.com\/index.php?rest_route=\/wp\/v2\/taxonomies\/post_tag"}],"wp:post_type":[{"href":"https:\/\/www.porlalibreedomex.com\/index.php?rest_route=%2Fwp%2Fv2%2Fposts&tags=28274"}],"curies":[{"name":"wp","href":"https:\/\/api.w.org\/{rel}","templated":true}]}}