{"id":9801,"date":"2015-11-19T19:29:43","date_gmt":"2015-11-20T04:29:43","guid":{"rendered":"http:\/\/porlalibre.info\/?p=9801"},"modified":"2015-11-19T19:29:43","modified_gmt":"2015-11-20T04:29:43","slug":"realizan-mesas-de-trabajo-para-elaborar-el-programa-de-derechos-humanos-del-edomex","status":"publish","type":"post","link":"https:\/\/www.porlalibreedomex.com\/?p=9801","title":{"rendered":"REALIZAN MESAS DE TRABAJO PARA ELABORAR EL PROGRAMA DE DERECHOS HUMANOS DEL EDOM\u00c9X"},"content":{"rendered":"<p>&nbsp;<\/p>\n<ul>\n<li><strong><em>Sesi\u00f3n Itinerante para la Reforma Constitucional de los Derechos Humanos<\/em><\/strong><\/li>\n<\/ul>\n<figure id=\"attachment_9802\" aria-describedby=\"caption-attachment-9802\" style=\"width: 774px\" class=\"wp-caption aligncenter\"><img loading=\"lazy\" decoding=\"async\" class=\"size-full wp-image-9802\" src=\"http:\/\/porlalibre.info\/wp-content\/uploads\/2015\/11\/FOTO-BOL.-200.jpg\" alt=\"BARUCH DELGADO CARBAJAL, Presidente de la CODHEM, en las mesas de trabajo para elaborar un programa que d\u00e9 plena vigencia a los Derechos Humanas del Estado de M\u00e9xico\" width=\"774\" height=\"586\" \/><figcaption id=\"caption-attachment-9802\" class=\"wp-caption-text\">BARUCH DELGADO CARBAJAL, Presidente de la CODHEM, en las mesas de trabajo para elaborar un programa que d\u00e9 plena vigencia a los Derechos Humanos del Estado de M\u00e9xico<\/figcaption><\/figure>\n<p style=\"text-align: justify;\"><strong>Toluca, M\u00e9xico, 19 de noviembre de 2015.-<\/strong> Los retos que se tienen en la entidad en materia de derechos humanos, son elaborar el Programa Estatal y solicitar la colaboraci\u00f3n de todas las instancias para ponerlo en marcha, a fin de generar mecanismos, estrategias y acciones que ayuden a superar los obst\u00e1culos que impiden su ejercicio pleno en territorio mexiquense, asegur\u00f3 el ombudsman Baruch Delgado Carbajal.<\/p>\n<p style=\"text-align: justify;\">Al dar las conclusiones de las dos mesas de trabajo durante la Sesi\u00f3n Itinerante de Derechos Humanos, que tuvieron como finalidad la Elaboraci\u00f3n del Programa Estatal en la materia y en las que participaron acad\u00e9micos, juristas, autoridades estatales y representantes de la sociedad civil organizada, para presentar un diagn\u00f3stico, opiniones y ofrecer propuestas para dicho programa, dijo que la apuesta es posicionar a la entidad en un mejor lugar, para disfrutar de las libertades que deben ser reconocidas y garantizadas por el Estado mexicano.<\/p>\n<p style=\"text-align: justify;\">Expuso que en abril de 2014 se public\u00f3 en el Diario Oficial de la Federaci\u00f3n, el Programa Nacional a partir del cual, los ciudadanos y servidores p\u00fablicos se asume un compromiso por una naci\u00f3n m\u00e1s humana, donde las fronteras geogr\u00e1ficas y normativas se borren cuando se trate del respeto a la dignidad humana.<\/p>\n<p style=\"text-align: justify;\">En ese sentido, el primer reto es contar para el 2016, con un programa estatal que ayude a consolidar a M\u00e9xico como un pa\u00eds en paz. Una vez elaborado, recalc\u00f3, para atender el segundo reto ser\u00e1 necesaria la colaboraci\u00f3n de las dependencias responsables de coordinar el cumplimiento de las estrategias y l\u00edneas de acci\u00f3n que permitan su pleno ejercicio.<\/p>\n<p style=\"text-align: justify;\">Por \u00faltimo, exhort\u00f3 a sumar esfuerzos para que la entidad siga distingui\u00e9ndose por tener una ciudadan\u00eda participativa y un gobierno que trabaja en armon\u00eda, con el objetivo de lograr el bienestar de los mexiquenses, a trav\u00e9s de la observancia de la ley, la imparcialidad y el respeto a sus derechos fundamentales.<\/p>\n<p style=\"text-align: justify;\">\n","protected":false},"excerpt":{"rendered":"<p>&nbsp; Sesi\u00f3n Itinerante para la Reforma Constitucional de los Derechos Humanos Toluca, M\u00e9xico, 19 de noviembre de 2015.- Los retos que se tienen en la entidad en materia de derechos humanos, son elaborar el Programa Estatal y solicitar la colaboraci\u00f3n de todas las instancias para ponerlo en marcha, a fin de generar mecanismos, estrategias y [&hellip;]<\/p>\n","protected":false},"author":2,"featured_media":9802,"comment_status":"open","ping_status":"open","sticky":false,"template":"","format":"standard","meta":{"footnotes":""},"categories":[5,1],"tags":[1380,17,5617],"class_list":{"0":"post-9801","1":"post","2":"type-post","3":"status-publish","4":"format-standard","5":"has-post-thumbnail","7":"category-nota-informativa","8":"category-uncategorized","9":"tag-baruch-delgado-carbajal","10":"tag-codhem","11":"tag-reforma-constituciona-de-derechos-humanos"},"wps_subtitle":"","_links":{"self":[{"href":"https:\/\/www.porlalibreedomex.com\/index.php?rest_route=\/wp\/v2\/posts\/9801","targetHints":{"allow":["GET"]}}],"collection":[{"href":"https:\/\/www.porlalibreedomex.com\/index.php?rest_route=\/wp\/v2\/posts"}],"about":[{"href":"https:\/\/www.porlalibreedomex.com\/index.php?rest_route=\/wp\/v2\/types\/post"}],"author":[{"embeddable":true,"href":"https:\/\/www.porlalibreedomex.com\/index.php?rest_route=\/wp\/v2\/users\/2"}],"replies":[{"embeddable":true,"href":"https:\/\/www.porlalibreedomex.com\/index.php?rest_route=%2Fwp%2Fv2%2Fcomments&post=9801"}],"version-history":[{"count":0,"href":"https:\/\/www.porlalibreedomex.com\/index.php?rest_route=\/wp\/v2\/posts\/9801\/revisions"}],"wp:featuredmedia":[{"embeddable":true,"href":"https:\/\/www.porlalibreedomex.com\/index.php?rest_route=\/"}],"wp:attachment":[{"href":"https:\/\/www.porlalibreedomex.com\/index.php?rest_route=%2Fwp%2Fv2%2Fmedia&parent=9801"}],"wp:term":[{"taxonomy":"category","embeddable":true,"href":"https:\/\/www.porlalibreedomex.com\/index.php?rest_route=%2Fwp%2Fv2%2Fcategories&post=9801"},{"taxonomy":"post_tag","embeddable":true,"href":"https:\/\/www.porlalibreedomex.com\/index.php?rest_route=%2Fwp%2Fv2%2Ftags&post=9801"}],"curies":[{"name":"wp","href":"https:\/\/api.w.org\/{rel}","templated":true}]}}