{"id":9787,"date":"2015-11-18T20:11:23","date_gmt":"2015-11-19T05:11:23","guid":{"rendered":"http:\/\/porlalibre.info\/?p=9787"},"modified":"2015-11-18T20:11:23","modified_gmt":"2015-11-19T05:11:23","slug":"reconocio-uaem-a-50-trabajadores-con-nota-al-cumplimiento-administrativo","status":"publish","type":"post","link":"https:\/\/www.porlalibreedomex.com\/?p=9787","title":{"rendered":"Reconoci\u00f3 UAEM a 50 trabajadores,  con Nota al Cumplimiento Administrativo"},"content":{"rendered":"<p>&nbsp;<\/p>\n<p><strong>\u00a0<\/strong><\/p>\n<figure id=\"attachment_9788\" aria-describedby=\"caption-attachment-9788\" style=\"width: 2126px\" class=\"wp-caption aligncenter\"><img loading=\"lazy\" decoding=\"async\" class=\"size-full wp-image-9788\" src=\"http:\/\/porlalibre.info\/wp-content\/uploads\/2015\/11\/Comun.-0964-4.jpg\" alt=\"Al encabezar la Ceremonia de Entrega de la Nota al Cumplimiento Administrativo, con la cual se distingui\u00f3 a 50 trabajadores de la instituci\u00f3n, el rector de la UAEM, Jorge Olvera Garc\u00eda, consider\u00f3 que esta casa de estudios recibi\u00f3 un presupuesto suficiente para resolver los temas acad\u00e9micos y administrativos planteados para el siguiente a\u00f1o.\" width=\"2126\" height=\"1417\" \/><figcaption id=\"caption-attachment-9788\" class=\"wp-caption-text\">Al encabezar la Ceremonia de Entrega de la Nota al Cumplimiento Administrativo, con la cual se distingui\u00f3 a 50 trabajadores de la instituci\u00f3n, el rector de la UAEM, Jorge Olvera Garc\u00eda, consider\u00f3 que esta casa de estudios recibi\u00f3 un presupuesto suficiente para resolver los temas acad\u00e9micos y administrativos planteados para el siguiente a\u00f1o.<\/figcaption><\/figure>\n<ul>\n<li><em>Durante la ceremonia de entrega de esta distinci\u00f3n, el rector Jorge Olvera Garc\u00eda detall\u00f3 que esta casa de estudios recibi\u00f3 un presupuesto suficiente para resolver temas acad\u00e9micos y administrativos planteados para el siguiente a\u00f1o.<\/em><\/li>\n<li><em>Sin embargo, asever\u00f3, son tiempos de crear conciencia y reflexi\u00f3n en torno al tema presupuestal; adelant\u00f3 que \u201cen breve se anunciar\u00e1n medidas de ahorro con las que toda instituci\u00f3n de car\u00e1cter p\u00fablico debe contar\u201d.<\/em><\/li>\n<\/ul>\n<ul>\n<li><em>Reiter\u00f3 que en beneficio de los estudiantes, la instituci\u00f3n no aumentar\u00e1 sus colegiaturas y que a pesar de las limitaciones presupuestales, se continuar\u00e1 con la tradici\u00f3n institucional de romper los topes salariales.<\/em><\/li>\n<\/ul>\n<p>&nbsp;<\/p>\n<p style=\"text-align: justify;\">En 2016, en el sur de la entidad, la Universidad Aut\u00f3noma del Estado de M\u00e9xico crear\u00e1 un nuevo plantel de la Escuela Preparatoria, inform\u00f3 el rector Jorge Olvera Garc\u00eda, quien detall\u00f3 que esta casa de estudios recibi\u00f3 un presupuesto suficiente para resolver los temas acad\u00e9micos y administrativos planteados para el siguiente a\u00f1o.<\/p>\n<p style=\"text-align: justify;\">Lo anterior, al encabezar, por tercer a\u00f1o consecutivo, la Ceremonia de Entrega de la Nota al Cumplimiento Administrativo, con la cual se distingui\u00f3 a 50 trabajadores de la instituci\u00f3n, en cuya trayectoria, dijo el rector, descansan los valores de responsabilidad, compa\u00f1erismo, honestidad, compromiso y lealtad.<\/p>\n<p style=\"text-align: justify;\">Acompa\u00f1ado por los secretarios generales del Sindicato \u00danico de Trabajadores y Empleados al Servicios de la UAEM, Le\u00f3n Carmona Castillo, y de la Federaci\u00f3n de Asociaciones Aut\u00f3nomas de Personal Acad\u00e9mico de la instituci\u00f3n, V\u00edctor Manuel Pineda Guti\u00e9rrez, Jorge Olvera afirm\u00f3 que a pesar de las limitaciones presupuestales, la Administraci\u00f3n 2013-2017 continuar\u00e1 con la tradici\u00f3n institucional de romper, en beneficio de trabajadores administrativo y acad\u00e9micos, los topes salariales, \u201cpues quienes realizan las funciones adjetivas que fortalecen a las sustantivas de la universidad tienen que ser reconocidos econ\u00f3micamente\u201d.<\/p>\n<p style=\"text-align: justify;\">Sin embargo, asever\u00f3, son tiempos de crear conciencia y reflexi\u00f3n en torno al tema presupuestal; adelant\u00f3 que \u201cen breve se anunciar\u00e1n medidas de ahorro con las que toda instituci\u00f3n de car\u00e1cter p\u00fablico debe contar\u201d. Por ejemplo, dijo, por segundo a\u00f1o consecutivo, el salario de los trabajadores de confianza y directivos no aumentar\u00e1.<\/p>\n<p style=\"text-align: justify;\">Reiter\u00f3 que en beneficio de los estudiantes, la instituci\u00f3n no incrementar\u00e1 sus colegiaturas y por el contrario, se continuar\u00e1 con el impulso de iniciativas como el Potrob\u00fas, que ofrece un servicio digno y gratuito a los universitarios, y la entrega de un mayor n\u00famero de becas, as\u00ed como el fortalecimiento de la infraestructura.<\/p>\n<p style=\"text-align: justify;\">Ante los galardonados, los titulares de las secretar\u00edas de la Administraci\u00f3n Central y el Colegio de Directores de la instituci\u00f3n, hizo un llamado a \u201centender y apoyar las medidas de ahorro que permitir\u00e1n a la UAEM transitar por un camino cierto y seguro\u201d.<\/p>\n<p style=\"text-align: justify;\">En el acto, donde se dieron cita el secretario de Rector\u00eda, Hiram Ra\u00fal Pi\u00f1a Libien; el abogado general de la instituci\u00f3n, Jos\u00e9 Benjam\u00edn Bernal Su\u00e1rez; la directora de Recursos Humanos, Martha Olivia Cano Nava, y la directora del Plantel \u201cDr. \u00c1ngel Mar\u00eda Garibay K.\u201d de la Escuela Preparatoria, Georgina de Jes\u00fas Gonz\u00e1lez Garc\u00eda, integrante de la Comisi\u00f3n al M\u00e9rito Universitario del H. Consejo Universitario, se reconoci\u00f3 la dedicaci\u00f3n, constancia, entrega y compromiso de los galardonados, en aras de la excelencia en el servicio, adicionado a la antig\u00fcedad acumulada.<\/p>\n<p style=\"text-align: justify;\">\u00a0\u00a0\u00a0\u00a0\u00a0\u00a0\u00a0\u00a0\u00a0\u00a0\u00a0 En representaci\u00f3n de los trabajadores distinguidos con la Nota al Cumplimiento Administrativo, Marisol de la Colina Camacho, de la Facultad de Econom\u00eda, conmin\u00f3 a sus compa\u00f1eros a \u201ccontinuar confiando y creyendo en la calidad y calidez de su trabajo\u201d.<\/p>\n<p style=\"text-align: justify;\">\u00a0\u00a0\u00a0\u00a0\u00a0\u00a0\u00a0\u00a0\u00a0\u00a0\u00a0 \u201cLa UAEM cree en nosotros, conf\u00eda en nuestro compromiso, en nuestro af\u00e1n de superaci\u00f3n y el trabajo diario en equipo\u201d. Destac\u00f3 que la Administraci\u00f3n 2013-2017 tiene a bien reconocer a mujeres y hombres universitarios que cumplen con una esencial norma de vida en sus distintas actividades; mediante estas distinciones, consider\u00f3, \u201cfortalece el esp\u00edritu para refrendar la lealtad, tal como el primer d\u00eda\u201d.<\/p>\n","protected":false},"excerpt":{"rendered":"<p>&nbsp; \u00a0 Durante la ceremonia de entrega de esta distinci\u00f3n, el rector Jorge Olvera Garc\u00eda detall\u00f3 que esta casa de estudios recibi\u00f3 un presupuesto suficiente para resolver temas acad\u00e9micos y administrativos planteados para el siguiente a\u00f1o. Sin embargo, asever\u00f3, son tiempos de crear conciencia y reflexi\u00f3n en torno al tema presupuestal; adelant\u00f3 que \u201cen breve [&hellip;]<\/p>\n","protected":false},"author":2,"featured_media":9788,"comment_status":"open","ping_status":"open","sticky":false,"template":"","format":"standard","meta":{"footnotes":""},"categories":[16,5,1],"tags":[3372,52],"class_list":{"0":"post-9787","1":"post","2":"type-post","3":"status-publish","4":"format-standard","5":"has-post-thumbnail","7":"category-foto","8":"category-nota-informativa","9":"category-uncategorized","10":"tag-nota-al-cumplimiento-administrativo","11":"tag-rector-jorge-olvera"},"wps_subtitle":"","_links":{"self":[{"href":"https:\/\/www.porlalibreedomex.com\/index.php?rest_route=\/wp\/v2\/posts\/9787","targetHints":{"allow":["GET"]}}],"collection":[{"href":"https:\/\/www.porlalibreedomex.com\/index.php?rest_route=\/wp\/v2\/posts"}],"about":[{"href":"https:\/\/www.porlalibreedomex.com\/index.php?rest_route=\/wp\/v2\/types\/post"}],"author":[{"embeddable":true,"href":"https:\/\/www.porlalibreedomex.com\/index.php?rest_route=\/wp\/v2\/users\/2"}],"replies":[{"embeddable":true,"href":"https:\/\/www.porlalibreedomex.com\/index.php?rest_route=%2Fwp%2Fv2%2Fcomments&post=9787"}],"version-history":[{"count":0,"href":"https:\/\/www.porlalibreedomex.com\/index.php?rest_route=\/wp\/v2\/posts\/9787\/revisions"}],"wp:featuredmedia":[{"embeddable":true,"href":"https:\/\/www.porlalibreedomex.com\/index.php?rest_route=\/"}],"wp:attachment":[{"href":"https:\/\/www.porlalibreedomex.com\/index.php?rest_route=%2Fwp%2Fv2%2Fmedia&parent=9787"}],"wp:term":[{"taxonomy":"category","embeddable":true,"href":"https:\/\/www.porlalibreedomex.com\/index.php?rest_route=%2Fwp%2Fv2%2Fcategories&post=9787"},{"taxonomy":"post_tag","embeddable":true,"href":"https:\/\/www.porlalibreedomex.com\/index.php?rest_route=%2Fwp%2Fv2%2Ftags&post=9787"}],"curies":[{"name":"wp","href":"https:\/\/api.w.org\/{rel}","templated":true}]}}