{"id":9209,"date":"2015-10-12T10:39:42","date_gmt":"2015-10-12T19:39:42","guid":{"rendered":"http:\/\/porlalibre.info\/?p=9209"},"modified":"2015-10-12T10:39:42","modified_gmt":"2015-10-12T19:39:42","slug":"alebrijes-en-cuadratines-las-manifestaciones-y-los-anarquistas","status":"publish","type":"post","link":"https:\/\/www.porlalibreedomex.com\/?p=9209","title":{"rendered":"Alebrijes en Cuadratines: Las manifestaciones y los anarquistas"},"content":{"rendered":"<h2><strong>Alebrijes en Cuadratines<\/strong><\/h2>\n<h2><strong>Las manifestaciones y los anarquistas<\/strong><\/h2>\n<p>&nbsp;<\/p>\n<p><strong>Adri\u00e1n Chavarr\u00eda Espinosa<\/strong><\/p>\n<p style=\"text-align: justify;\">Sin duda en este nuevo siglo se viven condiciones pol\u00edticas y sociales muy diferentes a las registradas en el siglo pasado, que si bien son conquistas indiscutibles tambi\u00e9n debe reconocerse que no resultaron sencillas.<\/p>\n<p style=\"text-align: justify;\">\u00a0\u00a0\u00a0\u00a0\u00a0\u00a0\u00a0\u00a0\u00a0\u00a0\u00a0 Por ejemplo, en el siglo pasado las manifestaciones p\u00fablicas resultaban casi prohibidas, en especial de aquellas que resultaban cr\u00edticas a las autoridades; recu\u00e9rdese las represiones a los movimientos de maestros, ferrocarrileros, m\u00e9dicos y en especial de los estudiantes. En cambio, a las oficiales se les otorgaban todo el apoyo para su desarrollo.<\/p>\n<p style=\"text-align: justify;\">\u00a0\u00a0\u00a0\u00a0\u00a0\u00a0\u00a0\u00a0\u00a0\u00a0\u00a0 Se daban casos quecuando se realizaban visitas de mandatarios extranjeros o eventos pol\u00edticos\u2011por ejemplo, el informe presidencial\u2011 eran casi d\u00edas de fiesta nacional. En el caso de las visitas, se suspend\u00edan clases y labores en oficinas p\u00fablicas, para que alumnos y empleados hicieran vallas para dar la bienvenida; en los informes se cerraba todo el centro hist\u00f3rico capitalino y se utilizaba al Z\u00f3calo para que vitorearan al presidente, quien hab\u00eda ya recibido aplausos de diputados federales y senadores y despu\u00e9s se registraba el cl\u00e1sico <em>besamanos<\/em>.<\/p>\n<p style=\"text-align: justify;\">\u00a0\u00a0\u00a0\u00a0\u00a0\u00a0\u00a0\u00a0\u00a0\u00a0\u00a0 As\u00ed que ahora existe un panorama totalmente diferente, donde se permiten las manifestaciones para exponer demandas y quejas sociales, sin embargo, se han registrado una serie de circunstancias que manchan y afectan estas expresiones populares: la aparici\u00f3n de los llamados <em>anarcos<\/em>.<\/p>\n<p style=\"text-align: justify;\">\u00a0\u00a0\u00a0\u00a0\u00a0\u00a0\u00a0\u00a0\u00a0\u00a0\u00a0 \u00bfQui\u00e9nes son? Pues se les describe como a grupos de j\u00f3venes que cubren su rostro con pasamonta\u00f1as o paliacates, quienes armadas con bombas molotov, piedras, tubos y otros objetos contundentes, se infiltran en las marchas para causar da\u00f1os y destrozos tanto en comercios como en el mobiliario urbano y agreden a los elementos policiacos; tras todo ello huyen para evitar ser arrestados.<\/p>\n<p style=\"text-align: justify;\">\u00a0\u00a0\u00a0\u00a0\u00a0\u00a0\u00a0\u00a0\u00a0\u00a0\u00a0 Pero, adem\u00e1s, tambi\u00e9n \u00faltimamente se han dado a la tarea de ocupar ilegalmente instalaciones educativas, como han sido los planteles Vallejo y Naucalpan del Colegio de Ciencias y Humanidades as\u00ed como la unidad Xochimilco de la Universidad Aut\u00f3noma Metropolitana.<\/p>\n<p style=\"text-align: justify;\">\u00a0\u00a0\u00a0\u00a0\u00a0\u00a0\u00a0\u00a0\u00a0\u00a0\u00a0 Lamentablemente su presencia no se limita solamente a la ciudad de M\u00e9xico, sino tambi\u00e9n act\u00faan en otros puntos del pa\u00eds, como sucedi\u00f3 el pasado viernes 2 de octubre en la ciudad de Oaxaca, donde adem\u00e1s de infiltrarse en la marcha para recordar el 47 aniversario de los hechos sangrientos de Tlalteloco, da\u00f1aron comercios, casas, fachadas comerciales y autos nuevos de dos agencias de venta. Aqu\u00ed se logr\u00f3 la detenci\u00f3n de poco m\u00e1s de 50 anarquistas, varios de ellos quedaron libres por ser menores de edad, aunque finalmente solo se consignaron a nueve de ellos.<\/p>\n<p style=\"text-align: justify;\">\u00a0\u00a0\u00a0\u00a0\u00a0\u00a0\u00a0\u00a0\u00a0\u00a0\u00a0 Tambi\u00e9n han sido constantes las tomas de casetas de cobro en autopistas, bajo el argumento de solicitar apoyos para los padres de los normalistas desaparecidos de Ayotzinapa, pero como simple pretexto ya que nunca han entregado los recursos recaudados para los guerrerenses.<\/p>\n<p style=\"text-align: justify;\">\u00a0\u00a0\u00a0\u00a0\u00a0\u00a0\u00a0\u00a0\u00a0\u00a0\u00a0 En fin sus actuaciones han sido constantes, la mayor parte de las veces de manera violenta, pero no se han podido eliminar. Entonces la duda es \u00bfQui\u00e9n los patrocina, quien les da los recursos para adquirir sus \u201carmas\u201d?, incluso, varios de ellos usan m\u00e1scaras antig\u00e1s para evitar las actuaciones de los elementos policiacos.<\/p>\n<p style=\"text-align: justify;\">\u00a0\u00a0\u00a0\u00a0\u00a0\u00a0\u00a0\u00a0\u00a0\u00a0\u00a0 Aqu\u00ed es donde deben actuar de manera coordinada las autoridades de los tres niveles de gobierno, para en una labor de inteligencia conjunta se logre conocer a quienes movilizan a estos anarcos, que simplemente lo que buscan es crear ambientes de tensi\u00f3n y violencia y, en la medida de lo posible, evitar situaciones donde se registren decesos, que de suceder ser\u00edan nuevas banderas para proseguir con sus \u201cluchas y movimientos\u201d.<\/p>\n<p style=\"text-align: justify;\">\u00a0\u00a0\u00a0\u00a0\u00a0\u00a0\u00a0\u00a0\u00a0\u00a0\u00a0 Y es que a pesar de todos los esfuerzos de las autoridades para evitar confrontaciones con equipo letal, nunca puede descartarse que sucedan hechos lamentables que, posteriormente ser\u00edan calificados por ellos como represi\u00f3n de las autoridades.<\/p>\n<p style=\"text-align: justify;\">\u00a0\u00a0\u00a0\u00a0\u00a0\u00a0\u00a0\u00a0\u00a0\u00a0\u00a0 T\u00e9ngase presente que el primero de diciembre de 2012, cuando rindi\u00f3 su protesta Enrique Pe\u00f1a Nieto como presidente de la rep\u00fablica en el Palacio Legislativo de San L\u00e1zaro, un grupo de estos anarquistas agredi\u00f3 esas instalaciones y, lamentablemente, uno de sus integrantes result\u00f3 lesionado en la cara. Incluso, se le dio por muerto y hasta un diputado asegur\u00f3 que era el primer muerto del nuevo sexenio.<\/p>\n<p style=\"text-align: justify;\">\u00a0\u00a0\u00a0\u00a0\u00a0\u00a0\u00a0\u00a0\u00a0\u00a0\u00a0 Por todo lo anterior resulta indispensable conocer qui\u00e9n o qui\u00e9nes est\u00e1n detr\u00e1s de estos anarquistas para desenmascararlos, exponerlos ante la sociedad y presentarlos ante la ley para que responden por todas sus acciones negativas, ya que no se debe esperar a que se ahogue el ni\u00f1o para tapar el pozo, sino actuar anticipadamente por el bien de la sociedad.<\/p>\n<p style=\"text-align: justify;\">Para comentarios est\u00e1 a su disposici\u00f3n el correo <a href=\"mailto:ache57@yahoo.com.mx\">ache57@yahoo.com.mx<\/a><\/p>\n","protected":false},"excerpt":{"rendered":"<p>Alebrijes en Cuadratines Las manifestaciones y los anarquistas &nbsp; Adri\u00e1n Chavarr\u00eda Espinosa Sin duda en este nuevo siglo se viven condiciones pol\u00edticas y sociales muy diferentes a las registradas en el siglo pasado, que si bien son conquistas indiscutibles tambi\u00e9n debe reconocerse que no resultaron sencillas. \u00a0\u00a0\u00a0\u00a0\u00a0\u00a0\u00a0\u00a0\u00a0\u00a0\u00a0 Por ejemplo, en el siglo pasado las manifestaciones [&hellip;]<\/p>\n","protected":false},"author":2,"featured_media":0,"comment_status":"open","ping_status":"open","sticky":false,"template":"","format":"standard","meta":{"footnotes":""},"categories":[1107,1],"tags":[150,261,5282,5283],"class_list":{"0":"post-9209","1":"post","2":"type-post","3":"status-publish","4":"format-standard","6":"category-articulo","7":"category-uncategorized","8":"tag-adrian-chavarria","9":"tag-alebrijes-en-cuadratines","10":"tag-anarquistas","11":"tag-las-manifestaciones-y-los-anarquistas"},"wps_subtitle":"","_links":{"self":[{"href":"https:\/\/www.porlalibreedomex.com\/index.php?rest_route=\/wp\/v2\/posts\/9209","targetHints":{"allow":["GET"]}}],"collection":[{"href":"https:\/\/www.porlalibreedomex.com\/index.php?rest_route=\/wp\/v2\/posts"}],"about":[{"href":"https:\/\/www.porlalibreedomex.com\/index.php?rest_route=\/wp\/v2\/types\/post"}],"author":[{"embeddable":true,"href":"https:\/\/www.porlalibreedomex.com\/index.php?rest_route=\/wp\/v2\/users\/2"}],"replies":[{"embeddable":true,"href":"https:\/\/www.porlalibreedomex.com\/index.php?rest_route=%2Fwp%2Fv2%2Fcomments&post=9209"}],"version-history":[{"count":0,"href":"https:\/\/www.porlalibreedomex.com\/index.php?rest_route=\/wp\/v2\/posts\/9209\/revisions"}],"wp:attachment":[{"href":"https:\/\/www.porlalibreedomex.com\/index.php?rest_route=%2Fwp%2Fv2%2Fmedia&parent=9209"}],"wp:term":[{"taxonomy":"category","embeddable":true,"href":"https:\/\/www.porlalibreedomex.com\/index.php?rest_route=%2Fwp%2Fv2%2Fcategories&post=9209"},{"taxonomy":"post_tag","embeddable":true,"href":"https:\/\/www.porlalibreedomex.com\/index.php?rest_route=%2Fwp%2Fv2%2Ftags&post=9209"}],"curies":[{"name":"wp","href":"https:\/\/api.w.org\/{rel}","templated":true}]}}