{"id":87,"date":"2014-03-21T15:52:46","date_gmt":"2014-03-21T15:52:46","guid":{"rendered":"http:\/\/porlalibre.info\/?p=87"},"modified":"2014-03-21T15:52:46","modified_gmt":"2014-03-21T15:52:46","slug":"innovacion-y-calidad-cimientos-de-la-actividad-academica-de-la-uaem","status":"publish","type":"post","link":"https:\/\/www.porlalibreedomex.com\/?p=87","title":{"rendered":"INNOVACI\u00d3N Y CALIDAD, CIMIENTOS  DE LA ACTIVIDAD ACAD\u00c9MICA DE LA UAEM"},"content":{"rendered":"<ul>\n<li><i>El rector Jorge Olvera Garc\u00eda,encabez\u00f3 la Ceremonia Conmemorativa del 50 Aniversario de la Facultad de Arquitectura y Dise\u00f1o, marco en la cual el escultor mexicano Sebasti\u00e1n ofreci\u00f3 la conferencia magistral \u201cSebasti\u00e1n Multidimensional\u201d. <\/i><\/li>\n<li><i>Son ya 108 generaciones de egresados de esta Facultad, explic\u00f3 el director Marco Antonio Luna Pichardo.<\/i><\/li>\n<\/ul>\n<p>&nbsp;<\/p>\n<figure id=\"attachment_88\" aria-describedby=\"caption-attachment-88\" style=\"width: 3307px\" class=\"wp-caption aligncenter\"><a href=\"http:\/\/porlalibre.info\/wp-content\/uploads\/2014\/03\/Aniv.-Facultad-de-Arquitectura-de-la-UAEM.jpg\"><img loading=\"lazy\" decoding=\"async\" class=\"size-full wp-image-88\" alt=\"El rector que se entreg\u00f3 reconocimientos a profesores fundadores y a las primeras generaciones de alumnos de las licenciaturas\" src=\"http:\/\/porlalibre.info\/wp-content\/uploads\/2014\/03\/Aniv.-Facultad-de-Arquitectura-de-la-UAEM.jpg\" width=\"3307\" height=\"2362\" srcset=\"https:\/\/www.porlalibreedomex.com\/wp-content\/uploads\/2014\/03\/Aniv.-Facultad-de-Arquitectura-de-la-UAEM.jpg 3307w, https:\/\/www.porlalibreedomex.com\/wp-content\/uploads\/2014\/03\/Aniv.-Facultad-de-Arquitectura-de-la-UAEM-300x214.jpg 300w, https:\/\/www.porlalibreedomex.com\/wp-content\/uploads\/2014\/03\/Aniv.-Facultad-de-Arquitectura-de-la-UAEM-768x549.jpg 768w, https:\/\/www.porlalibreedomex.com\/wp-content\/uploads\/2014\/03\/Aniv.-Facultad-de-Arquitectura-de-la-UAEM-1024x731.jpg 1024w\" sizes=\"auto, (max-width: 3307px) 100vw, 3307px\" \/><\/a><figcaption id=\"caption-attachment-88\" class=\"wp-caption-text\">El rector que se entreg\u00f3 reconocimientos a profesores fundadores y a las primeras generaciones de alumnos de las licenciaturas<\/figcaption><\/figure>\n<p><b>Toluca, M\u00e9xico, 20 de marzo de 2014.- <\/b>Desde su origen, la Universidad Aut\u00f3noma del Estado de M\u00e9xico encontr\u00f3 en la innovaci\u00f3n y calidad los cimientos para el desarrollo de su actividad acad\u00e9mica, se\u00f1al\u00f3 el rector Jorge Olvera Garc\u00eda, en la Ceremonia Conmemorativa al 50 Aniversario de la Facultad de Arquitectura y Dise\u00f1o, marco en la cual el escultor mexicano Sebasti\u00e1n ofreci\u00f3 la conferencia magistral \u201cSebasti\u00e1n Multidimensional\u201d. Acompa\u00f1ado por el director de dicho organismo universitario, Marco Antonio Luna Pichardo, Olvera Garc\u00eda asever\u00f3 que la aprobaci\u00f3n para la creaci\u00f3n de la que fue la d\u00e9cimo segunda escuela de Arquitectura del pa\u00eds marc\u00f3 un momento de gran trascendencia hist\u00f3rica para la M\u00e1xima Casa de Estudios mexiquense. En el Aula Magna \u201cLic. Adolfo L\u00f3pez Mateos\u201d del Edificio de Rector\u00eda, donde se dieron cita ex directores, profesores y alumnos fundadores de dicha facultad, refiri\u00f3 que para la comunidad de este organismo universitario es necesario hacer un alto, con la finalidad de observar c\u00f3mo ha crecido, c\u00f3mo se ha diversificado su oferta acad\u00e9mica, que responde a las necesidades de la entidad y el pa\u00eds. Durante esta ceremonia, en la que se entregaron reconocimientos a profesores fundadores y a las primeras generaciones de alumnos de las licenciaturas, Jorge Olvera Garc\u00eda enfatiz\u00f3 que el proyecto humanista que enarbola la Administraci\u00f3n 2013-2017 de la UAEM se apoya en el trabajo compartido por las autoridades centrales y cada uno de los espacios acad\u00e9micos; reafirm\u00f3 su compromiso de cercan\u00eda y apoyo con la comunidad universitaria, para que la instituci\u00f3n educativa mexiquense mantenga su tradici\u00f3n y prestigio de calidad. Abund\u00f3 que \u201c50 a\u00f1os de existencia marcan para la Facultad de Arquitectura y Dise\u00f1o s\u00f3lo el inicio de una historia de \u00e9xitos y triunfos, en los cuales el desarrollo acad\u00e9mico, la creaci\u00f3n de nuevos conocimientos y la formaci\u00f3n de capital humano de excelencia son constantes y ejemplo para todos los espacios acad\u00e9micos de la instituci\u00f3n\u201d. Finalmente, Jorge Olvera Garc\u00eda agradeci\u00f3 la presencia en este evento del escultor mexicano Sebasti\u00e1n, Doctor\u00a0<i>Honoris Causa<\/i>\u00a0por esta casa de estudios e instituciones como las universidades de Nueva York, Chihuahua, La Laguna, Colima y Aut\u00f3noma Metropolitana; resalt\u00f3 su visi\u00f3n distinta de las cosas, su valent\u00eda para transformar la realidad que observa y sus formas matem\u00e1ticas; lo calific\u00f3 como un \u201cmatem\u00e1tico del arte y aritm\u00e9tico de la pintura\u201d. Ante los estudiantes, profesores e investigadores de las carreras de\u00a0Arquitectura, Dise\u00f1o Gr\u00e1fico, Dise\u00f1o Industrial y Administraci\u00f3n y Promoci\u00f3n de la Obra Urbana de\u00a0la Facultad de Arquitectura y Dise\u00f1o de la UAEM que se dieron cita en esta celebraci\u00f3n, el escultor mexicano plante\u00f3 que el\u00a0desarrollo de su lenguaje escult\u00f3rico est\u00e1 apoyado en disciplinas cient\u00edficas como las Matem\u00e1ticas y la Geometr\u00eda; defini\u00f3 su vocaci\u00f3n como escultor de grandes dimensiones, a partir de la provocaci\u00f3n de proyectos de interacci\u00f3n urbana donde el espectador es actor principal. Indic\u00f3 que su trabajo comprende m\u00e1s de 200 obras en diferentes puntos del planeta; su producci\u00f3n abarca escultura monumental urbana, as\u00ed como dise\u00f1o arquitect\u00f3nico, pintura, dise\u00f1o de objetos, mobiliario, arte p\u00fablico, joyer\u00eda, dise\u00f1o de vestuario teatral, escenograf\u00edas y espect\u00e1culos multimedia, entre otros. En su oportunidad, Marco Antonio Luna Pichardo subray\u00f3 que medio siglo de historia de la Facultad de Arquitectura y Dise\u00f1o de la UAEM se resume en 108 generaciones de egresados: 45 de arquitectura, 22 de Dise\u00f1o Gr\u00e1fico y Dise\u00f1o Industrial y nueve de Administraci\u00f3n y Promoci\u00f3n de la Obra Urbana, adem\u00e1s de los egresados de estudios de posgrado. Luna Pichardo detall\u00f3 que en la actualidad, este organismo universitario cuenta con programas acad\u00e9micos competitivos y acreditados, mil 646 estudiantes, adem\u00e1s de 400 profesores.<\/p>\n","protected":false},"excerpt":{"rendered":"<p>El rector Jorge Olvera Garc\u00eda,encabez\u00f3 la Ceremonia Conmemorativa del 50 Aniversario de la Facultad de Arquitectura y Dise\u00f1o, marco en la cual el escultor mexicano Sebasti\u00e1n ofreci\u00f3 la conferencia magistral \u201cSebasti\u00e1n Multidimensional\u201d. Son ya 108 generaciones de egresados de esta Facultad, explic\u00f3 el director Marco Antonio Luna Pichardo. &nbsp; Toluca, M\u00e9xico, 20 de marzo de [&hellip;]<\/p>\n","protected":false},"author":2,"featured_media":0,"comment_status":"open","ping_status":"open","sticky":false,"template":"","format":"standard","meta":{"footnotes":""},"categories":[5,1],"tags":[51,52,13],"class_list":{"0":"post-87","1":"post","2":"type-post","3":"status-publish","4":"format-standard","6":"category-nota-informativa","7":"category-uncategorized","8":"tag-facultad-de-arquitectura","9":"tag-rector-jorge-olvera","10":"tag-uaem"},"wps_subtitle":"","_links":{"self":[{"href":"https:\/\/www.porlalibreedomex.com\/index.php?rest_route=\/wp\/v2\/posts\/87","targetHints":{"allow":["GET"]}}],"collection":[{"href":"https:\/\/www.porlalibreedomex.com\/index.php?rest_route=\/wp\/v2\/posts"}],"about":[{"href":"https:\/\/www.porlalibreedomex.com\/index.php?rest_route=\/wp\/v2\/types\/post"}],"author":[{"embeddable":true,"href":"https:\/\/www.porlalibreedomex.com\/index.php?rest_route=\/wp\/v2\/users\/2"}],"replies":[{"embeddable":true,"href":"https:\/\/www.porlalibreedomex.com\/index.php?rest_route=%2Fwp%2Fv2%2Fcomments&post=87"}],"version-history":[{"count":0,"href":"https:\/\/www.porlalibreedomex.com\/index.php?rest_route=\/wp\/v2\/posts\/87\/revisions"}],"wp:attachment":[{"href":"https:\/\/www.porlalibreedomex.com\/index.php?rest_route=%2Fwp%2Fv2%2Fmedia&parent=87"}],"wp:term":[{"taxonomy":"category","embeddable":true,"href":"https:\/\/www.porlalibreedomex.com\/index.php?rest_route=%2Fwp%2Fv2%2Fcategories&post=87"},{"taxonomy":"post_tag","embeddable":true,"href":"https:\/\/www.porlalibreedomex.com\/index.php?rest_route=%2Fwp%2Fv2%2Ftags&post=87"}],"curies":[{"name":"wp","href":"https:\/\/api.w.org\/{rel}","templated":true}]}}