{"id":8577,"date":"2015-09-06T18:08:09","date_gmt":"2015-09-07T03:08:09","guid":{"rendered":"http:\/\/porlalibre.info\/?p=8577"},"modified":"2015-09-06T18:08:09","modified_gmt":"2015-09-07T03:08:09","slug":"alebrijes-en-cuadratines-preparativos-para-el-2018","status":"publish","type":"post","link":"https:\/\/www.porlalibreedomex.com\/?p=8577","title":{"rendered":"ALEBRIJES EN CUADRATINES: PREPARATIVOS PARA EL 2018"},"content":{"rendered":"<h3><strong>Alebrijes en cuadratines<\/strong><\/h3>\n<h3><strong>Preparativos para el 2018<\/strong><\/h3>\n<h3><strong>Adri\u00e1n Chavarr\u00eda Espinosa<\/strong><\/h3>\n<h3><\/h3>\n<p style=\"text-align: justify;\">Dice la leyenda urbana que el mismo d\u00eda tras rendir protesta ante el Congreso de la Uni\u00f3n, el presidente entrante ya empieza a pensar en qui\u00e9n podr\u00eda sucederlo en el cargo, para lo cual empezar\u00e1 a trabajar con un grupo de colaboradores cercanos a fin de prepararlos para que, cuando sea el momento oportuno, otorgarle todo el apoyo posible para, primero postularlo y despu\u00e9s dentro de las limitaciones legales, hacer que gane en las elecciones.<\/p>\n<p style=\"text-align: justify;\">\u00a0\u00a0\u00a0\u00a0\u00a0\u00a0\u00a0\u00a0\u00a0\u00a0\u00a0 Recu\u00e9rdese que en los gobiernos pri\u00edstas, el candidato oficial sal\u00eda del gabinete presidencial, motivo por el cual quienes tienen los cargos m\u00e1s relevantes son considerados como aspirantes naturales, adem\u00e1s de quien fung\u00eda como Regente de la ciudad de M\u00e9xico.<\/p>\n<p style=\"text-align: justify;\">\u00a0\u00a0\u00a0\u00a0\u00a0\u00a0\u00a0\u00a0\u00a0\u00a0\u00a0 Esto sucedi\u00f3 en el a\u00f1o 2000, cuando el PRI postul\u00f3 a Francisco Labastida Ochoa, pen\u00faltimo Secretario de Gobernaci\u00f3n de Ernesto Zedillo, pero quien gan\u00f3 la elecci\u00f3n fue Vicente Fox, respaldado por el Partido Acci\u00f3n Nacional donde su anterior responsabilidad p\u00fablica hab\u00eda sido como gobernador de Guanajuato.<\/p>\n<p style=\"text-align: justify;\">\u00a0\u00a0\u00a0\u00a0\u00a0\u00a0\u00a0\u00a0\u00a0\u00a0\u00a0 En el sexenio foxista aunque el aspirante oficial fue Santiago Creel, quien fungi\u00f3 como Secretario de Gobernaci\u00f3n, el abanderado final fue Felipe Calder\u00f3n, tambi\u00e9n en alg\u00fan momento miembro del gabinete del guanajuatense, quien gan\u00f3 por una muy cerrada diferencia al exjefe de gobierno capitalino Andr\u00e9s Manuel L\u00f3pez Obrador.<\/p>\n<p style=\"text-align: justify;\">\u00a0\u00a0\u00a0\u00a0\u00a0\u00a0\u00a0\u00a0\u00a0\u00a0\u00a0 Para el 2012 el PRI logr\u00f3 recomponerse y Enrique Pe\u00f1a Nieto, quien fuera gobernador del Estado de M\u00e9xico de 2005 a 2011, recuper\u00f3 la Presidencia de la Rep\u00fablica al ganar sino muy ampliamente, por lo menos lo suficientemente para que no se registraran conflictos postelectorales, mientras que en el PAN su candidata Josefina V\u00e1zquez Mota qued\u00f3 en el tercer lugar, a consecuencia de los problemas internos de su partido.<\/p>\n<p style=\"text-align: justify;\">\u00a0\u00a0\u00a0\u00a0\u00a0\u00a0\u00a0\u00a0\u00a0\u00a0\u00a0 Ahora, cuando tras la primera mitad del actual sexenio y ante nuevas condiciones pol\u00edticas \u2013como la aparici\u00f3n de candidatos independientes\u2011, ya son varios aspirantes quienes en el panorama pol\u00edtico y en medios han expresado sus intenciones de postularse.<\/p>\n<p style=\"text-align: justify;\">\u00a0\u00a0\u00a0\u00a0\u00a0\u00a0\u00a0\u00a0\u00a0\u00a0\u00a0 As\u00ed, por tercera ocasi\u00f3n pero ahora con el respaldo de su partido, Movimiento de Regeneraci\u00f3n Nacional (Morena), L\u00f3pez Obrador contin\u00faa en su interminable campa\u00f1a para alcanzar la presidencia; en el PAN quienes son se\u00f1alados son tanto el nuevo l\u00edder nacional como su antecesor, Ricardo Anaya y Enrique Madero, respectivamente, as\u00ed como Rafael Moreno Valle, gobernador de Puebla, mientras que por el PRD, partido que actualmente atraviesa por una crisis interna, ya se apunta Graco Ram\u00edrez, actual gobernador de Morelos.<\/p>\n<p style=\"text-align: justify;\">\u00a0\u00a0\u00a0\u00a0\u00a0\u00a0\u00a0\u00a0\u00a0\u00a0\u00a0 Dentro de las nuevas condiciones desde ya se apuntan varios que se lanzar\u00edan como independientes, como la panista Margarita Zavala; el jefe de Gobierno capitalino, Miguel \u00c1ngel Mancera, quien podr\u00eda prescindir del PRD; incluso hasta se menciona al a\u00fan gobernador electo de Nuevo Le\u00f3n, Jaime Rodr\u00edguez Calder\u00f3n, <em>El Bronco<\/em>, a quien se le se\u00f1ala que podr\u00eda repetir su haza\u00f1a de poder ser Presidente de la Rep\u00fablica pero sin respaldo partidista.<\/p>\n<p style=\"text-align: justify;\">\u00a0\u00a0\u00a0\u00a0\u00a0\u00a0\u00a0\u00a0\u00a0\u00a0\u00a0 En esta \u00faltima situaci\u00f3n, creo, primero debe observarse y analizarse c\u00f3mo gobernar\u00e1 Nuevo Le\u00f3n, para conocer si tiene la suficiente capacidad para un buen trabajo a fin de que logre el reconocimiento ciudadano; de lo contrario, su administraci\u00f3n quedar\u00e1 como una mera referencia anecd\u00f3tica. Recu\u00e9rdese que las varias gubernaturas alcanzadas con postulaciones de m\u00faltiples partidos con ideolog\u00edas diversas, no han brindado buenos resultados, por lo cual dif\u00edcilmente se repetir\u00e1n, lo cual podr\u00eda suceder con las con las candidaturas independientes.<\/p>\n<p style=\"text-align: justify;\">\u00a0\u00a0\u00a0\u00a0\u00a0\u00a0\u00a0\u00a0\u00a0\u00a0\u00a0 Ante todo este panorama es que Pe\u00f1a Nieto, en su car\u00e1cter de primer pri\u00edsta de la naci\u00f3n, ha realizado una serie de movimientos en su equipo de colaboradores, si bien con la idea de ajustar a su gabinete a fin de enfrentar la segunda mitad de su gobierno, tambi\u00e9n cumple con el prop\u00f3sito de empezar a probar a los posibles aspirantes para ver qui\u00e9n ser\u00eda el mejor prospecto lograr la postulaci\u00f3n final.<\/p>\n<p style=\"text-align: justify;\">\u00a0\u00a0\u00a0\u00a0\u00a0\u00a0\u00a0\u00a0\u00a0\u00a0\u00a0 De esa forma m\u00e1s o menos encubierta, es como tambi\u00e9n el PRI ha decidido empezar a trabajar con miras al 2018 y, si bien, por el momento no existe alg\u00fan gobernador tricolor que se haya insinuado como aspirante, a\u00fan no se puede descartar esa posibilidad, adem\u00e1s, tambi\u00e9n a quien ya se incluye, consider\u00e1ndosele como un fuerte prospecto, es Manlio Fabio Beltrones, actual presidente nacional del partido.<\/p>\n<p style=\"text-align: justify;\">\u00a0\u00a0\u00a0\u00a0\u00a0\u00a0\u00a0\u00a0\u00a0\u00a0\u00a0 Aqu\u00ed existe una mala experiencia de cuando Roberto Madrazo prepar\u00f3 su candidatura presidencial desde esa dirigencia, pero con p\u00e9simos resultados, al finalmente quedar en tercer lugar en el 2006, situaci\u00f3n para muchos ser\u00eda el fin del pri\u00edsmo, lo cual no sucedi\u00f3.<\/p>\n<p style=\"text-align: justify;\">\u00a0\u00a0\u00a0\u00a0\u00a0\u00a0\u00a0\u00a0\u00a0\u00a0\u00a0 En el caso de Beltrones y por sus declaraciones, para \u00e9l primero ser\u00e1 sacar con buenos resultados el panorama electoral del 2016, con doce gubernaturas en disputa, y en 2017 con dos, entre ellas la del Estado de M\u00e9xico. Entonces y b\u00e1sicamente, de los resultados que entregue definir\u00eda si contin\u00faa o no en esa responsabilidad, para aspirar a la candidatura en el 2018.<\/p>\n<p style=\"text-align: justify;\">Para comentarios est\u00e1 a su disposici\u00f3n el correo <a href=\"mailto:ache57@yahoo.com.mx\">ache57@yahoo.com.mx<\/a><\/p>\n","protected":false},"excerpt":{"rendered":"<p>Alebrijes en cuadratines Preparativos para el 2018 Adri\u00e1n Chavarr\u00eda Espinosa Dice la leyenda urbana que el mismo d\u00eda tras rendir protesta ante el Congreso de la Uni\u00f3n, el presidente entrante ya empieza a pensar en qui\u00e9n podr\u00eda sucederlo en el cargo, para lo cual empezar\u00e1 a trabajar con un grupo de colaboradores cercanos a fin [&hellip;]<\/p>\n","protected":false},"author":2,"featured_media":8593,"comment_status":"open","ping_status":"open","sticky":false,"template":"","format":"standard","meta":{"footnotes":""},"categories":[1107,1],"tags":[2965,261,4975],"class_list":{"0":"post-8577","1":"post","2":"type-post","3":"status-publish","4":"format-standard","5":"has-post-thumbnail","7":"category-articulo","8":"category-uncategorized","9":"tag-adrian-chavarria-e","10":"tag-alebrijes-en-cuadratines","11":"tag-preparativos-para-el-2018"},"wps_subtitle":"","_links":{"self":[{"href":"https:\/\/www.porlalibreedomex.com\/index.php?rest_route=\/wp\/v2\/posts\/8577","targetHints":{"allow":["GET"]}}],"collection":[{"href":"https:\/\/www.porlalibreedomex.com\/index.php?rest_route=\/wp\/v2\/posts"}],"about":[{"href":"https:\/\/www.porlalibreedomex.com\/index.php?rest_route=\/wp\/v2\/types\/post"}],"author":[{"embeddable":true,"href":"https:\/\/www.porlalibreedomex.com\/index.php?rest_route=\/wp\/v2\/users\/2"}],"replies":[{"embeddable":true,"href":"https:\/\/www.porlalibreedomex.com\/index.php?rest_route=%2Fwp%2Fv2%2Fcomments&post=8577"}],"version-history":[{"count":0,"href":"https:\/\/www.porlalibreedomex.com\/index.php?rest_route=\/wp\/v2\/posts\/8577\/revisions"}],"wp:featuredmedia":[{"embeddable":true,"href":"https:\/\/www.porlalibreedomex.com\/index.php?rest_route=\/"}],"wp:attachment":[{"href":"https:\/\/www.porlalibreedomex.com\/index.php?rest_route=%2Fwp%2Fv2%2Fmedia&parent=8577"}],"wp:term":[{"taxonomy":"category","embeddable":true,"href":"https:\/\/www.porlalibreedomex.com\/index.php?rest_route=%2Fwp%2Fv2%2Fcategories&post=8577"},{"taxonomy":"post_tag","embeddable":true,"href":"https:\/\/www.porlalibreedomex.com\/index.php?rest_route=%2Fwp%2Fv2%2Ftags&post=8577"}],"curies":[{"name":"wp","href":"https:\/\/api.w.org\/{rel}","templated":true}]}}