{"id":8573,"date":"2015-09-06T17:53:40","date_gmt":"2015-09-07T02:53:40","guid":{"rendered":"http:\/\/porlalibre.info\/?p=8573"},"modified":"2015-09-06T17:53:40","modified_gmt":"2015-09-07T02:53:40","slug":"recomendacion-de-derechos-humanos-del-estado-de-mexico-a-prevencion-y-readaptacion-social","status":"publish","type":"post","link":"https:\/\/www.porlalibreedomex.com\/?p=8573","title":{"rendered":"RECOMENDACI\u00d3N DE DERECHOS HUMANOS DEL ESTADO DE M\u00c9XICO A PREVENCI\u00d3N  Y READAPTACI\u00d3N SOCIAL"},"content":{"rendered":"<ul>\n<li><b><img loading=\"lazy\" decoding=\"async\" class=\"aligncenter size-full wp-image-8574\" src=\"http:\/\/porlalibre.info\/wp-content\/uploads\/2015\/09\/FOTO-BOL.-142.jpg\" alt=\"RECOMENDACI\u00d3N DE DERECHOS HUMANOS A PREVENCI\u00d3N Y READAPTACI\u00d3N SOCIAL, POR NEGAR ATENCI\u00d3N M\u00c9DICA A UN INTERNO\" width=\"800\" height=\"533\" \/>Por deficiente atenci\u00f3n m\u00e9dica a un interno, discriminaci\u00f3n y abuso de autoridad<\/b><\/li>\n<li><strong>Una doctora insult\u00f3 y neg\u00f3 el servicio a un interno, bajo el argumento de que no ten\u00eda ning\u00fan derecho por ser delincuente<\/strong><\/li>\n<\/ul>\n<p style=\"text-align: justify;\"><strong>Toluca, M\u00e9xico, 6 de septiembre de 2015.-<\/strong> Por la deficiente atenci\u00f3n m\u00e9dica que recibi\u00f3 un interno en el penal \u201cJuan Fern\u00e1ndez Albarr\u00e1n\u201d, en Tlalnepantla, que conllev\u00f3 a la amputaci\u00f3n de su mano derecha, la Comisi\u00f3n de Derechos Humanos del Estado de M\u00e9xico emiti\u00f3 la recomendaci\u00f3n 23\/2015 dirigida a la Direcci\u00f3n General de Prevenci\u00f3n y Readaptaci\u00f3n Social (DGPYRS).<\/p>\n<p style=\"text-align: justify;\">En la indagaci\u00f3n se conoci\u00f3 que una doctora insult\u00f3 y neg\u00f3 el servicio a un interno, bajo el argumento de que no ten\u00eda ning\u00fan derecho por ser delincuente, situaci\u00f3n que evidencia un trato indigno y discriminatorio, pues si bien por ley las personas sentenciadas pierden algunos derechos por un tiempo determinado; conservan otros que deben ser protegidos y salvaguardarlos, entre ellos el derecho a la salud.<\/p>\n<p style=\"text-align: justify;\">La comisi\u00f3n determin\u00f3 que fueron vulnerados los derechos al trato digno, la no discriminaci\u00f3n, integridad personal, a la salud y al debido proceso.<\/p>\n<p style=\"text-align: justify;\">De acuerdo con la investigaci\u00f3n realizada por la Codhem, los hechos iniciaron de una pelea entre internos, de la que uno result\u00f3 lesionado del brazo derecho, quien a pesar de ser revisado por cinco m\u00e9dicos que corroboraron una posible fractura, no le fue proporcionada la atenci\u00f3n m\u00e9dica requerida.<\/p>\n<p style=\"text-align: justify;\">Tambi\u00e9n se detectaron omisiones en el llenado de las notas cl\u00ednicas, as\u00ed como el tard\u00edo traslado a un hospital de mayor capacidad resolutiva, por la supuesta falta de ambulancia. No obstante, cuando fue referido a un nosocomio despu\u00e9s de varios d\u00edas, le tuvieron que amputar la mano.<\/p>\n<p style=\"text-align: justify;\">En el documento recomendatorio la Codhem solicit\u00f3 establecer convenios con alguna unidad hospitalaria, a fin de cumplir con el Procedimiento de Traslado de internos para audiencia y definitivos, y evitar la denegaci\u00f3n m\u00e9dica; asimismo pide observar la Norma Oficial Mexicana del expediente cl\u00ednico para considerarlo como protocolo de estudio obligatorio en la investigaci\u00f3n cl\u00ednica.<\/p>\n<p style=\"text-align: justify;\">La recomendaci\u00f3n determina brindar atenci\u00f3n psicol\u00f3gica y un tratamiento rehabilitador, para que la persona afectada pueda acceder a una pr\u00f3tesis; adem\u00e1s de impartir cursos sobre derechos humanos al personal del Centro Preventivo y de Readaptaci\u00f3n Social \u201cJuan Fern\u00e1ndez Albarr\u00e1n\u201d, en Tlalnepantla.<\/p>\n<p style=\"text-align: justify;\">Al considerar que la disputa entre los dos internos no gener\u00f3 reporte de vigilancia, se pidi\u00f3 instaurar el debido procedimiento para aplicar sanciones en caso de infracciones disciplinarias por parte de internos y personal.<\/p>\n<p style=\"text-align: justify;\">Asimismo, la defensor\u00eda estatal de habitantes solicit\u00f3 remitir al titular de la Contralor\u00eda Interna de la Comisi\u00f3n Estatal de Seguridad Ciudadana, copia certificada de la recomendaci\u00f3n para agregarla al expediente iniciado, a fin de sustentar la resoluci\u00f3n y posibles sanciones por las omisiones de los servidores p\u00fablicos y personal de salud.<\/p>\n","protected":false},"excerpt":{"rendered":"<p>Por deficiente atenci\u00f3n m\u00e9dica a un interno, discriminaci\u00f3n y abuso de autoridad Una doctora insult\u00f3 y neg\u00f3 el servicio a un interno, bajo el argumento de que no ten\u00eda ning\u00fan derecho por ser delincuente Toluca, M\u00e9xico, 6 de septiembre de 2015.- Por la deficiente atenci\u00f3n m\u00e9dica que recibi\u00f3 un interno en el penal \u201cJuan Fern\u00e1ndez [&hellip;]<\/p>\n","protected":false},"author":2,"featured_media":8574,"comment_status":"open","ping_status":"open","sticky":false,"template":"","format":"standard","meta":{"footnotes":""},"categories":[5,1],"tags":[879,95,4214,2151],"class_list":{"0":"post-8573","1":"post","2":"type-post","3":"status-publish","4":"format-standard","5":"has-post-thumbnail","7":"category-nota-informativa","8":"category-uncategorized","9":"tag-derechos-humanos","10":"tag-estado-de-mexico","11":"tag-prevencion-y-readaptacion-social","12":"tag-recomendacion"},"wps_subtitle":"","_links":{"self":[{"href":"https:\/\/www.porlalibreedomex.com\/index.php?rest_route=\/wp\/v2\/posts\/8573","targetHints":{"allow":["GET"]}}],"collection":[{"href":"https:\/\/www.porlalibreedomex.com\/index.php?rest_route=\/wp\/v2\/posts"}],"about":[{"href":"https:\/\/www.porlalibreedomex.com\/index.php?rest_route=\/wp\/v2\/types\/post"}],"author":[{"embeddable":true,"href":"https:\/\/www.porlalibreedomex.com\/index.php?rest_route=\/wp\/v2\/users\/2"}],"replies":[{"embeddable":true,"href":"https:\/\/www.porlalibreedomex.com\/index.php?rest_route=%2Fwp%2Fv2%2Fcomments&post=8573"}],"version-history":[{"count":0,"href":"https:\/\/www.porlalibreedomex.com\/index.php?rest_route=\/wp\/v2\/posts\/8573\/revisions"}],"wp:featuredmedia":[{"embeddable":true,"href":"https:\/\/www.porlalibreedomex.com\/index.php?rest_route=\/"}],"wp:attachment":[{"href":"https:\/\/www.porlalibreedomex.com\/index.php?rest_route=%2Fwp%2Fv2%2Fmedia&parent=8573"}],"wp:term":[{"taxonomy":"category","embeddable":true,"href":"https:\/\/www.porlalibreedomex.com\/index.php?rest_route=%2Fwp%2Fv2%2Fcategories&post=8573"},{"taxonomy":"post_tag","embeddable":true,"href":"https:\/\/www.porlalibreedomex.com\/index.php?rest_route=%2Fwp%2Fv2%2Ftags&post=8573"}],"curies":[{"name":"wp","href":"https:\/\/api.w.org\/{rel}","templated":true}]}}