{"id":7645,"date":"2015-06-15T14:30:18","date_gmt":"2015-06-15T23:30:18","guid":{"rendered":"http:\/\/porlalibre.info\/?p=7645"},"modified":"2015-06-15T14:30:18","modified_gmt":"2015-06-15T23:30:18","slug":"necesitas-trabajar-este-martes-la-secretaria-del-trabajo-realiza-feria-de-empleo-en-chapingo","status":"publish","type":"post","link":"https:\/\/www.porlalibreedomex.com\/?p=7645","title":{"rendered":"\u00bfNECESITAS TRABAJAR ? ESTE MARTES LA SECRETAR\u00cdA DEL TRABAJO REALIZA FERIA DE EMPLEO EN CHAPINGO"},"content":{"rendered":"<p>&nbsp;<\/p>\n<p>&nbsp;<\/p>\n<p style=\"text-align: justify;\"><strong>Toluca, M\u00e9xico, 15 de junio de 2015.-\u00a0<\/strong>Ma\u00f1ana martes se realizar\u00e1 una Feria de Empleo en La Universidad Aut\u00f3noma de Chapingo con el fin de vincular a j\u00f3venes profesionales agr\u00edcolas egresados, con las 63 empresas de la regi\u00f3n que se han convocado, que ofertar\u00e1n cerca de 500 empleos para que se puedan incorporar al sector productivo primario mexiquense.<\/p>\n<p style=\"text-align: justify;\">La Secretar\u00eda del Trabajo, record\u00f3 que\u00a0es importante que los j\u00f3venes que quieran obtener un empleo se registren previamente en la direcci\u00f3n:\u00a0<a href=\"http:\/\/ferias.empleo.gob.mx\/\">http:\/\/ferias.empleo.gob.mx<\/a>\u00a0y\/o al tel\u00e9fono 01 800 841 2020, se les solicitar\u00e1n datos para conocer el perfil y tener un control de la estad\u00edstica de la demanda de empleo y puedan ingresar a la feria directamente con la empresa que requiere de alguien con sus aptitudes. Este comprobante de registro se presenta en la entrada de la feria.<\/p>\n<p style=\"text-align: justify;\">La inauguraci\u00f3n de la Feria de Empleo para J\u00f3venes de la Universidad Aut\u00f3noma de Chapingo, estar\u00e1 a cargo del secretario del Trabajo, Javier Garc\u00eda Bejos, este martes 16 de junio de 2015, a las 10:00 horas, en las instalaciones de la Universidad Aut\u00f3noma de Chapingo, ubicada en el kil\u00f3metro 38.5 carretera M\u00e9xico-Texcoco, Chapingo, Estado de M\u00e9xico.<\/p>\n<p>&nbsp;<\/p>\n","protected":false},"excerpt":{"rendered":"<p>&nbsp; &nbsp; Toluca, M\u00e9xico, 15 de junio de 2015.-\u00a0Ma\u00f1ana martes se realizar\u00e1 una Feria de Empleo en La Universidad Aut\u00f3noma de Chapingo con el fin de vincular a j\u00f3venes profesionales agr\u00edcolas egresados, con las 63 empresas de la regi\u00f3n que se han convocado, que ofertar\u00e1n cerca de 500 empleos para que se puedan incorporar al [&hellip;]<\/p>\n","protected":false},"author":2,"featured_media":0,"comment_status":"open","ping_status":"open","sticky":false,"template":"","format":"standard","meta":{"footnotes":""},"categories":[53,1],"tags":[4529,3341,580,3480],"class_list":{"0":"post-7645","1":"post","2":"type-post","3":"status-publish","4":"format-standard","6":"category-agenda","7":"category-uncategorized","8":"tag-chapingo","9":"tag-feria-de-empleo","10":"tag-javier-garcia-bejos","11":"tag-secretaria-del-trabajo"},"wps_subtitle":"","_links":{"self":[{"href":"https:\/\/www.porlalibreedomex.com\/index.php?rest_route=\/wp\/v2\/posts\/7645","targetHints":{"allow":["GET"]}}],"collection":[{"href":"https:\/\/www.porlalibreedomex.com\/index.php?rest_route=\/wp\/v2\/posts"}],"about":[{"href":"https:\/\/www.porlalibreedomex.com\/index.php?rest_route=\/wp\/v2\/types\/post"}],"author":[{"embeddable":true,"href":"https:\/\/www.porlalibreedomex.com\/index.php?rest_route=\/wp\/v2\/users\/2"}],"replies":[{"embeddable":true,"href":"https:\/\/www.porlalibreedomex.com\/index.php?rest_route=%2Fwp%2Fv2%2Fcomments&post=7645"}],"version-history":[{"count":0,"href":"https:\/\/www.porlalibreedomex.com\/index.php?rest_route=\/wp\/v2\/posts\/7645\/revisions"}],"wp:attachment":[{"href":"https:\/\/www.porlalibreedomex.com\/index.php?rest_route=%2Fwp%2Fv2%2Fmedia&parent=7645"}],"wp:term":[{"taxonomy":"category","embeddable":true,"href":"https:\/\/www.porlalibreedomex.com\/index.php?rest_route=%2Fwp%2Fv2%2Fcategories&post=7645"},{"taxonomy":"post_tag","embeddable":true,"href":"https:\/\/www.porlalibreedomex.com\/index.php?rest_route=%2Fwp%2Fv2%2Ftags&post=7645"}],"curies":[{"name":"wp","href":"https:\/\/api.w.org\/{rel}","templated":true}]}}