{"id":76420,"date":"2026-09-03T02:27:51","date_gmt":"2026-09-03T08:27:51","guid":{"rendered":"https:\/\/www.porlalibreedomex.com\/?p=76420"},"modified":"2026-09-04T02:28:52","modified_gmt":"2026-09-04T08:28:52","slug":"la-uaemex-pone-el-cuidado-en-el-centro-de-la-vida-universitaria","status":"publish","type":"post","link":"https:\/\/www.porlalibreedomex.com\/?p=76420","title":{"rendered":"La UAEM\u00e9x pone el cuidado en el centro de la vida universitaria"},"content":{"rendered":"<p><strong>\u2022 <em>La Pol\u00edtica Institucional para la Universidad Cuidadora, impulsada por la rectora Martha Patricia Zarza Delgado, establece una ruta para transformar la cultura organizacional, fortalecer la igualdad sustantiva y generar condiciones que permitan a estudiantes y trabajadores desarrollar sus proyectos de vida sin que las responsabilidades de cuidado sean un obst\u00e1culo.<\/em><\/strong><\/p>\n<p>\ud83d\udfe2\ud83d\udfe1 <strong>Toluca, M\u00e9xico, Jueves 3 de septiembre de 2026.<\/strong> La Universidad Aut\u00f3noma del Estado de M\u00e9xico (UAEM\u00e9x) institucionaliz\u00f3 la perspectiva de cuidados como una prioridad estrat\u00e9gica para transformar las condiciones en las que su comunidad estudia, ense\u00f1a, investiga y trabaja.<br \/>\nA trav\u00e9s de la Pol\u00edtica Institucional para la Universidad Cuidadora, impulsada por la rectora Martha Patricia Zarza Delgado, la instituci\u00f3n establece una ruta de acci\u00f3n para incorporar transversalmente los cuidados en su gesti\u00f3n acad\u00e9mica y administrativa, fortalecer la igualdad sustantiva y generar condiciones que respondan a la diversidad de necesidades de su comunidad.<br \/>\nLa nueva pol\u00edtica parte de una premisa fundamental: quienes integran la Universidad no solo estudian, trabajan, ense\u00f1an o investigan; tambi\u00e9n cuidan y requieren cuidados.<br \/>\nBajo esta visi\u00f3n, la estrategia busca transformar progresivamente la cultura organizacional universitaria mediante la articulaci\u00f3n de programas, infraestructura, mecanismos de coordinaci\u00f3n y acciones estrat\u00e9gicas orientadas al bienestar del estudiantado y del personal acad\u00e9mico y administrativo.<\/p>\n<figure id=\"attachment_76422\" aria-describedby=\"caption-attachment-76422\" style=\"width: 1024px\" class=\"wp-caption aligncenter\"><a href=\"https:\/\/www.porlalibreedomex.com\/wp-content\/uploads\/2026\/09\/La-Politica-Institucional-para-la-Universidad-Cuidadora-es-de-observancia-general-y-obligatoria-.jpeg\"><img loading=\"lazy\" decoding=\"async\" class=\"size-full wp-image-76422\" src=\"https:\/\/www.porlalibreedomex.com\/wp-content\/uploads\/2026\/09\/La-Politica-Institucional-para-la-Universidad-Cuidadora-es-de-observancia-general-y-obligatoria-.jpeg\" alt=\"\" width=\"1024\" height=\"682\" srcset=\"https:\/\/www.porlalibreedomex.com\/wp-content\/uploads\/2026\/09\/La-Politica-Institucional-para-la-Universidad-Cuidadora-es-de-observancia-general-y-obligatoria-.jpeg 1024w, https:\/\/www.porlalibreedomex.com\/wp-content\/uploads\/2026\/09\/La-Politica-Institucional-para-la-Universidad-Cuidadora-es-de-observancia-general-y-obligatoria--300x200.jpeg 300w, https:\/\/www.porlalibreedomex.com\/wp-content\/uploads\/2026\/09\/La-Politica-Institucional-para-la-Universidad-Cuidadora-es-de-observancia-general-y-obligatoria--768x512.jpeg 768w, https:\/\/www.porlalibreedomex.com\/wp-content\/uploads\/2026\/09\/La-Politica-Institucional-para-la-Universidad-Cuidadora-es-de-observancia-general-y-obligatoria--696x464.jpeg 696w, https:\/\/www.porlalibreedomex.com\/wp-content\/uploads\/2026\/09\/La-Politica-Institucional-para-la-Universidad-Cuidadora-es-de-observancia-general-y-obligatoria--631x420.jpeg 631w\" sizes=\"auto, (max-width: 1024px) 100vw, 1024px\" \/><\/a><figcaption id=\"caption-attachment-76422\" class=\"wp-caption-text\">La Pol\u00edtica Institucional para la Universidad Cuidadora es de observancia general y obligatoria .<\/figcaption><\/figure>\n<p>Su objetivo es consolidar a la UAEM\u00e9x como una instituci\u00f3n p\u00fablica corresponsable de transversalizar la perspectiva de cuidados en todas las dimensiones de su gesti\u00f3n, a trav\u00e9s de programas, espacios y acciones que fortalezcan el bienestar de la comunidad universitaria.<br \/>\nLa Pol\u00edtica reconoce, adem\u00e1s, que las personas que integran la Universidad viven distintas etapas y circunstancias, con necesidades y responsabilidades de cuidado diversas. Por ello, plantea la generaci\u00f3n de condiciones institucionales para evitar que estas responsabilidades se conviertan en un obst\u00e1culo para estudiar, trabajar, investigar, participar en la vida universitaria o desarrollar plenamente un proyecto de vida.<\/p>\n<p>Cinco ejes para construir una Universidad Cuidadora<br \/>\nLa Pol\u00edtica Institucional se fundamenta en el cuidado como derecho humano y se articula con principios como la perspectiva de g\u00e9nero, la igualdad sustantiva, la dignidad humana, el bienestar comunitario, el autocuidado y la sostenibilidad de la vida.<br \/>\nPara llevar estos principios a la pr\u00e1ctica, establece cinco ejes estrat\u00e9gicos.<br \/>\nEl primero, Gesti\u00f3n para la instalaci\u00f3n y operatividad de espacios de cuidado, plantea la consolidaci\u00f3n de una red institucional de espacios que respondan a las necesidades de la comunidad universitaria.<br \/>\nEl segundo, Concienciaci\u00f3n y promoci\u00f3n de la Universidad Cuidadora, busca impulsar acciones de comunicaci\u00f3n, sensibilizaci\u00f3n y reconocimiento de los cuidados como parte de la identidad institucional.<br \/>\nEl tercer eje, Fortalecimiento del marco normativo progresista de cuidados, contempla adecuar las disposiciones institucionales para favorecer la continuidad de acciones relacionadas con el bienestar, la igualdad sustantiva y la sostenibilidad de la vida.<br \/>\nPor su parte, Bienestar y cuidados integra acciones para reconocer y fortalecer las dimensiones f\u00edsica, emocional, social y ambiental del bienestar, con el prop\u00f3sito de favorecer entornos saludables, inclusivos, seguros y ambientalmente responsables.<br \/>\nFinalmente, Comunidad de la vida incorpora el cuidado y respeto por el medio ambiente como parte de una relaci\u00f3n interdependiente entre la Universidad, su comunidad, el entorno y el bienestar colectivo.<\/p>\n<p>Una pol\u00edtica para toda la Universidad<br \/>\nLa Pol\u00edtica Institucional para la Universidad Cuidadora es de observancia general y obligatoria para los Organismos Acad\u00e9micos, Centros Universitarios, planteles de la Escuela Preparatoria y dependencias acad\u00e9micas y administrativas, de acuerdo con el \u00e1mbito de sus atribuciones y funciones.<br \/>\nCon ello, la UAEM\u00e9x establece que los cuidados no constituyen \u00fanicamente un asunto individual o familiar, sino una responsabilidad que requiere corresponsabilidad social e institucional.<br \/>\nLa estrategia busca, adem\u00e1s, construir una pol\u00edtica de largo plazo y una arquitectura institucional capaz de transversalizar la perspectiva de cuidados y de g\u00e9nero en la vida universitaria.<br \/>\nEntre las acciones que acompa\u00f1ar\u00e1n esta transformaci\u00f3n se encuentra el desarrollo progresivo de espacios como salas de lactancia, ludotecas y \u00e1reas de alimentaci\u00f3n, orientados a fortalecer el desarrollo humano, la salud f\u00edsica y emocional, la convivencia y la inclusi\u00f3n de la comunidad universitaria.<br \/>\nCon la Pol\u00edtica Institucional para la Universidad Cuidadora, la UAEM\u00e9x coloca el bienestar y la corresponsabilidad como elementos centrales de su transformaci\u00f3n y abre una ruta para construir una instituci\u00f3n en la que cuidar sea tambi\u00e9n una forma de garantizar la igualdad sustantiva y el pleno desarrollo de todas las personas que forman parte de su comunidad.<\/p>\n","protected":false},"excerpt":{"rendered":"<p>\u2022 La Pol\u00edtica Institucional para la Universidad Cuidadora, impulsada por la rectora Martha Patricia Zarza Delgado, establece una ruta para transformar la cultura organizacional, fortalecer la igualdad sustantiva y generar condiciones que permitan a estudiantes y trabajadores desarrollar sus proyectos de vida sin que las responsabilidades de cuidado sean un obst\u00e1culo. \ud83d\udfe2\ud83d\udfe1 Toluca, M\u00e9xico, Jueves [&hellip;]<\/p>\n","protected":false},"author":3,"featured_media":76421,"comment_status":"closed","ping_status":"closed","sticky":false,"template":"","format":"standard","meta":{"footnotes":""},"categories":[9148,16],"tags":[36297,36296,34650],"class_list":["post-76420","post","type-post","status-publish","format-standard","has-post-thumbnail","category-educacion","category-foto","tag-coloca-la-uaemex-los-cuidados-como-una-prioridad-estrategica","tag-pone-la-uaemex-el-cuidado-como-eje-de-acciones","tag-rectora-martha-patricia-zarza-delgado"],"wps_subtitle":"","_links":{"self":[{"href":"https:\/\/www.porlalibreedomex.com\/index.php?rest_route=\/wp\/v2\/posts\/76420","targetHints":{"allow":["GET"]}}],"collection":[{"href":"https:\/\/www.porlalibreedomex.com\/index.php?rest_route=\/wp\/v2\/posts"}],"about":[{"href":"https:\/\/www.porlalibreedomex.com\/index.php?rest_route=\/wp\/v2\/types\/post"}],"author":[{"embeddable":true,"href":"https:\/\/www.porlalibreedomex.com\/index.php?rest_route=\/wp\/v2\/users\/3"}],"replies":[{"embeddable":true,"href":"https:\/\/www.porlalibreedomex.com\/index.php?rest_route=%2Fwp%2Fv2%2Fcomments&post=76420"}],"version-history":[{"count":1,"href":"https:\/\/www.porlalibreedomex.com\/index.php?rest_route=\/wp\/v2\/posts\/76420\/revisions"}],"predecessor-version":[{"id":76423,"href":"https:\/\/www.porlalibreedomex.com\/index.php?rest_route=\/wp\/v2\/posts\/76420\/revisions\/76423"}],"wp:featuredmedia":[{"embeddable":true,"href":"https:\/\/www.porlalibreedomex.com\/index.php?rest_route=\/wp\/v2\/media\/76421"}],"wp:attachment":[{"href":"https:\/\/www.porlalibreedomex.com\/index.php?rest_route=%2Fwp%2Fv2%2Fmedia&parent=76420"}],"wp:term":[{"taxonomy":"category","embeddable":true,"href":"https:\/\/www.porlalibreedomex.com\/index.php?rest_route=%2Fwp%2Fv2%2Fcategories&post=76420"},{"taxonomy":"post_tag","embeddable":true,"href":"https:\/\/www.porlalibreedomex.com\/index.php?rest_route=%2Fwp%2Fv2%2Ftags&post=76420"}],"curies":[{"name":"wp","href":"https:\/\/api.w.org\/{rel}","templated":true}]}}