{"id":76416,"date":"2026-09-02T01:43:13","date_gmt":"2026-09-02T07:43:13","guid":{"rendered":"https:\/\/www.porlalibreedomex.com\/?p=76416"},"modified":"2026-09-03T01:43:57","modified_gmt":"2026-09-03T07:43:57","slug":"peticion-de-libreros-maullidos-urbanos","status":"publish","type":"post","link":"https:\/\/www.porlalibreedomex.com\/?p=76416","title":{"rendered":"Petici\u00f3n de libreros \/ Maullidos Urbanos"},"content":{"rendered":"<p>&nbsp;<\/p>\n<div class=\" \">\n<div id=\":vc\" class=\"ii gt\">\n<div id=\":pn\" class=\"a3s aiL \">\n<div id=\"avWBGd-306\">\n<div dir=\"ltr\">\n<p><strong>Gato de Barrio \/\u00a0<\/strong><\/p>\n<p align=\"right\"><strong><a href=\"mailto:gatodebarrio57@gmail.com\" target=\"_blank\" rel=\"nofollow noopener\"><i>gatodebarrio57@gmail.com \/\u00a0<\/i><\/a><i><u><\/u><\/i><\/strong><\/p>\n<p><strong>E<\/strong>n respuesta a la declaraci\u00f3n de la presidenta Claudia Sheinbaum del pasado 20 de agosto, en su conferencia matutina, en relaci\u00f3n a la cr\u00edtica situaci\u00f3n por la que atraviesa la editorial Era, donde expres\u00f3: \u201cNo es buena noticia que cierre una editorial de libros. Entonces, hay que ver de qu\u00e9 manera se puede apoyar\u201d, la C\u00e1mara Nacional de la Industria Editorial Mexicana (Caniem), public\u00f3 un desplegado donde exponen sus necesidades para su subsistencia,<\/p>\n<p>A trav\u00e9s de ese desplegado titulado \u00abPresidenta, compartimos su preocupaci\u00f3n\u00bb, el gremio de editores detall\u00f3 que \u00abel cierre de una editorial es una se\u00f1al de alerta. Ediciones Era no es un caso aislado. Las editoriales y librer\u00edas enfrentamos condiciones cada vez m\u00e1s dif\u00edciles: la reducci\u00f3n de espacios para la circulaci\u00f3n del libro y la ausencia de una pol\u00edtica p\u00fablica permanente de fomento al libro y la lectura\u00bb.<\/p>\n<p>Ellos proponen cinco acciones para desarrollar conjuntamente entre gobierno y editores: \u00ab1.- Ley del libro. Garantizar su aplicaci\u00f3n efectiva para generar condiciones de competencia justa, entre ellas, la aplicaci\u00f3n efectiva del precio \u00fanico; 2.- Establecer una interlocuci\u00f3n clara con el sector. La industria requiere comunicaci\u00f3n imparcial con el Ejecutivo, que no sea \u00fanicamente a trav\u00e9s de la editorial del Estado; 3.- Tasa cero de IVA para librer\u00edas. Permitir que librer\u00edas y distribuidores recuperen el IVA que pagan en su operaci\u00f3n, como sucede en las industrias de alimentos o medicinas.<\/p>\n<p>\u00ab4.- Reconstruir el sistema de bibliotecas en M\u00e9xico. Poner en marcha una pol\u00edtica de adquisici\u00f3n y renovaci\u00f3n de libros para bibliotecas escolares y para la Red Nacional de Bibliotecas. Han transcurrido siete a\u00f1os desde la \u00faltima actualizaci\u00f3n de cat\u00e1logos; y 5.- Fortalecer la pol\u00edtica nacional de lectura. Dinamizar el Programa Nacional de Lectura ya que una adecuada pol\u00edtica p\u00fablica produce efectos en toda la cadena\u00bb.<\/p>\n<p>Tras reiterar los editores que el acceso al libro no puede quedar sujeto exclusivamente a las condiciones del mercado, dado que se \u201crequiere la concurrencia de autoridades y particulares para promover que los libros lleguen a escuelas, bibliotecas, comunidades y lectores de todo el pa\u00eds\u00bb, concluyen con un llamado a actuar \u201cantes de que la situaci\u00f3n de m\u00e1s empresas del sector se vuelva insostenible\u201d.<\/p>\n<p>En realidad el sector librero \u2013integrado por editores y por vendedores, los legales, no los \u201cpiratas\u201d\u2013, padece una grave crisis en este sector cultural, por lo cual resulta necesario que la expresi\u00f3n de la presidenta no solo se quede en palabras, sino se concreten en hechos.<\/p>\n<p>Valga recordar que el Fondo de Cultura Econ\u00f3mica (FCE), empresa estatal del ramo librero, bajo la direcci\u00f3n del escritor Paco Ignacio Taibo II, no ha funcionado ni operado en favor tanto de los autores de libros como de lectores y, en cambio, ha buscado quedar bien con los llamados \u201cgobiernos\u201d amigos, al regalar colecciones gratuitas dirigidas al p\u00fablico juvenil y alumnados de escuelas normales.<\/p>\n<p>A trav\u00e9s de programas \u201c25 para el 25\u201d \u2013desarrollado durante dos a\u00f1os y financiado a trav\u00e9s del Instituto para Devolver al Pueblo lo Robado (Indep) y \u201ccon alianzas internacionales para fortalecer el intercambio literario regional\u201d\u2013, el FCE ha regalado 2.5 millones de libros impresos en catorce naciones de Am\u00e9rica Latina, como Argentina, Colombia, Cuba, Venezuela, Chile, Uruguay y Honduras, aunque las versiones digitales, dijo, se publicar\u00edan posteriormente.<\/p>\n<p>En M\u00e9xico tambi\u00e9n se aplic\u00f3 ese programa de distribuci\u00f3n de libros, pero sin precisar cantidades o destinatarios. Solo se puso como ejemplo el programa \u201cMichoac\u00e1n Lee\u201d, donde se han entregado dotaciones masivas mediante convenios y a trav\u00e9s de redes de librer\u00edas, salas de lectura y clubes de lectura del propio Fondo de Cultura Econ\u00f3mica.<\/p>\n<p>Pero esas acciones no benefician ni a los escritores ni a las librer\u00edas, solo han servido para dar \u201clustre\u201d al gobierno federal. Es necesario dise\u00f1ar y ejecutar programas en beneficio del gremio editorial y que llegue a todos los sectores sociales, sin importar situaci\u00f3n social o edades, porque la lectura debe ser para todos, incluso alentar a quienes no la acostumbran.<\/p>\n<\/div>\n<\/div>\n<\/div>\n<\/div>\n<\/div>\n","protected":false},"excerpt":{"rendered":"<p>&nbsp; Gato de Barrio \/\u00a0 gatodebarrio57@gmail.com \/\u00a0 En respuesta a la declaraci\u00f3n de la presidenta Claudia Sheinbaum del pasado 20 de agosto, en su conferencia matutina, en relaci\u00f3n a la cr\u00edtica situaci\u00f3n por la que atraviesa la editorial Era, donde expres\u00f3: \u201cNo es buena noticia que cierre una editorial de libros. Entonces, hay que ver [&hellip;]<\/p>\n","protected":false},"author":2,"featured_media":76417,"comment_status":"closed","ping_status":"closed","sticky":false,"template":"","format":"standard","meta":{"footnotes":""},"categories":[23,9873,16],"tags":[12658,6315,11389,36295],"class_list":["post-76416","post","type-post","status-publish","format-standard","has-post-thumbnail","category-columna","category-cultura","category-foto","tag-claudia-sheinbaum","tag-gato-de-barrio","tag-maullidos-urbanos","tag-quiebra-de-ka-editorial-era"],"wps_subtitle":"","_links":{"self":[{"href":"https:\/\/www.porlalibreedomex.com\/index.php?rest_route=\/wp\/v2\/posts\/76416","targetHints":{"allow":["GET"]}}],"collection":[{"href":"https:\/\/www.porlalibreedomex.com\/index.php?rest_route=\/wp\/v2\/posts"}],"about":[{"href":"https:\/\/www.porlalibreedomex.com\/index.php?rest_route=\/wp\/v2\/types\/post"}],"author":[{"embeddable":true,"href":"https:\/\/www.porlalibreedomex.com\/index.php?rest_route=\/wp\/v2\/users\/2"}],"replies":[{"embeddable":true,"href":"https:\/\/www.porlalibreedomex.com\/index.php?rest_route=%2Fwp%2Fv2%2Fcomments&post=76416"}],"version-history":[{"count":2,"href":"https:\/\/www.porlalibreedomex.com\/index.php?rest_route=\/wp\/v2\/posts\/76416\/revisions"}],"predecessor-version":[{"id":76419,"href":"https:\/\/www.porlalibreedomex.com\/index.php?rest_route=\/wp\/v2\/posts\/76416\/revisions\/76419"}],"wp:featuredmedia":[{"embeddable":true,"href":"https:\/\/www.porlalibreedomex.com\/index.php?rest_route=\/wp\/v2\/media\/76417"}],"wp:attachment":[{"href":"https:\/\/www.porlalibreedomex.com\/index.php?rest_route=%2Fwp%2Fv2%2Fmedia&parent=76416"}],"wp:term":[{"taxonomy":"category","embeddable":true,"href":"https:\/\/www.porlalibreedomex.com\/index.php?rest_route=%2Fwp%2Fv2%2Fcategories&post=76416"},{"taxonomy":"post_tag","embeddable":true,"href":"https:\/\/www.porlalibreedomex.com\/index.php?rest_route=%2Fwp%2Fv2%2Ftags&post=76416"}],"curies":[{"name":"wp","href":"https:\/\/api.w.org\/{rel}","templated":true}]}}