{"id":76411,"date":"2026-09-02T01:35:28","date_gmt":"2026-09-02T07:35:28","guid":{"rendered":"https:\/\/www.porlalibreedomex.com\/?p=76411"},"modified":"2026-09-03T01:36:19","modified_gmt":"2026-09-03T07:36:19","slug":"impulsa-paty-zarza-una-nueva-forma-de-vivir-la-uaemex-una-universidad-cuidadora","status":"publish","type":"post","link":"https:\/\/www.porlalibreedomex.com\/?p=76411","title":{"rendered":"Impulsa Paty Zarza una nueva forma de vivir la UAEM\u00e9x: una Universidad cuidadora"},"content":{"rendered":"<div><\/div>\n<ul>\n<li><strong><i>La Pol\u00edtica Institucional para la Universidad Cuidadora, impulsada por la rectora Martha Patricia Zarza Delgado, busca colocar a las personas y sus necesidades en el centro de la vida universitaria.<\/i><\/strong><\/li>\n<li><strong><i>Esta es una estrategia in\u00e9dita que coloca el bienestar, los cuidados y la igualdad sustantiva en el centro de la vida universitaria.<\/i><\/strong><\/li>\n<\/ul>\n<div><\/div>\n<div><b>Toluca, M\u00e9xico, Mi\u00e9rcoles 2 de septiembre de 2026.<\/b>\u00a0La Universidad Aut\u00f3noma del Estado de M\u00e9xico (UAEM\u00e9x) da un paso hacia una nueva manera de entender la vida universitaria. La Rectora Paty Zarza present\u00f3 la Pol\u00edtica Institucional para la Universidad Cuidadora, una estrategia que coloca el bienestar, los cuidados y la igualdad sustantiva en el centro de sus decisiones y busca transformar las condiciones en las que estudian, trabajan y conviven quienes integran la comunidad verde y oro.<\/div>\n<div>La propuesta representa un hecho in\u00e9dito para la UAEM\u00e9x y parte de una premisa: cuidar tambi\u00e9n es una responsabilidad institucional. Por ello, la pol\u00edtica busca reconocer las distintas necesidades de su comunidad, visibilizar las desigualdades asociadas a las tareas de cuidado y generar condiciones para que estas responsabilidades sean compartidas de manera m\u00e1s justa.<\/div>\n<div><\/div>\n<div><\/div>\n<div>Durante la presentaci\u00f3n, en el Patio del Centenario del Edificio de Rector\u00eda, donde se dieron cita la secretaria de Igualdad Sustantiva y Cuidados, Norma Baca Tavira, y la consejera Jur\u00eddica Universitaria, Evangelina Sales S\u00e1nchez, e integrantes de la comunidad verde y oro, Zarza Delgado afirm\u00f3 que incorporar los cuidados como uno de los pilares de la vida universitaria responde a la convicci\u00f3n de construir una instituci\u00f3n cercana, incluyente y progresista, capaz de reconocer la diversidad de quienes la integran y atender los desaf\u00edos que enfrentan en su vida cotidiana.<\/div>\n<div>\n<figure id=\"attachment_76413\" aria-describedby=\"caption-attachment-76413\" style=\"width: 696px\" class=\"wp-caption aligncenter\"><a href=\"https:\/\/www.porlalibreedomex.com\/wp-content\/uploads\/2026\/09\/La-Politica-Institucional-para-la-Universidad-Cuidadora-busca-colocar-a-las-personas-y-sus-necesidades-en-el-centro-de-la-vida-universitaria.jpeg\"><img loading=\"lazy\" decoding=\"async\" class=\"size-large wp-image-76413\" src=\"https:\/\/www.porlalibreedomex.com\/wp-content\/uploads\/2026\/09\/La-Politica-Institucional-para-la-Universidad-Cuidadora-busca-colocar-a-las-personas-y-sus-necesidades-en-el-centro-de-la-vida-universitaria-1024x682.jpeg\" alt=\"\" width=\"696\" height=\"464\" srcset=\"https:\/\/www.porlalibreedomex.com\/wp-content\/uploads\/2026\/09\/La-Politica-Institucional-para-la-Universidad-Cuidadora-busca-colocar-a-las-personas-y-sus-necesidades-en-el-centro-de-la-vida-universitaria-1024x682.jpeg 1024w, https:\/\/www.porlalibreedomex.com\/wp-content\/uploads\/2026\/09\/La-Politica-Institucional-para-la-Universidad-Cuidadora-busca-colocar-a-las-personas-y-sus-necesidades-en-el-centro-de-la-vida-universitaria-300x200.jpeg 300w, https:\/\/www.porlalibreedomex.com\/wp-content\/uploads\/2026\/09\/La-Politica-Institucional-para-la-Universidad-Cuidadora-busca-colocar-a-las-personas-y-sus-necesidades-en-el-centro-de-la-vida-universitaria-768x512.jpeg 768w, https:\/\/www.porlalibreedomex.com\/wp-content\/uploads\/2026\/09\/La-Politica-Institucional-para-la-Universidad-Cuidadora-busca-colocar-a-las-personas-y-sus-necesidades-en-el-centro-de-la-vida-universitaria-1536x1023.jpeg 1536w, https:\/\/www.porlalibreedomex.com\/wp-content\/uploads\/2026\/09\/La-Politica-Institucional-para-la-Universidad-Cuidadora-busca-colocar-a-las-personas-y-sus-necesidades-en-el-centro-de-la-vida-universitaria-696x464.jpeg 696w, https:\/\/www.porlalibreedomex.com\/wp-content\/uploads\/2026\/09\/La-Politica-Institucional-para-la-Universidad-Cuidadora-busca-colocar-a-las-personas-y-sus-necesidades-en-el-centro-de-la-vida-universitaria-1068x712.jpeg 1068w, https:\/\/www.porlalibreedomex.com\/wp-content\/uploads\/2026\/09\/La-Politica-Institucional-para-la-Universidad-Cuidadora-busca-colocar-a-las-personas-y-sus-necesidades-en-el-centro-de-la-vida-universitaria-630x420.jpeg 630w, https:\/\/www.porlalibreedomex.com\/wp-content\/uploads\/2026\/09\/La-Politica-Institucional-para-la-Universidad-Cuidadora-busca-colocar-a-las-personas-y-sus-necesidades-en-el-centro-de-la-vida-universitaria.jpeg 1600w\" sizes=\"auto, (max-width: 696px) 100vw, 696px\" \/><\/a><figcaption id=\"caption-attachment-76413\" class=\"wp-caption-text\">La Pol\u00edtica Institucional para la Universidad Cuidadora, busca colocar a las personas y sus necesidades en el centro de la vida universitaria, dijo la Rectora.<\/figcaption><\/figure>\n<\/div>\n<div>La rectora destac\u00f3 que la iniciativa adquiere especial relevancia en una instituci\u00f3n donde 58 por ciento de su comunidad est\u00e1 integrada por mujeres, debido a que las tareas de cuidado hist\u00f3ricamente han reca\u00eddo de manera desigual sobre ellas.<\/div>\n<div>\u201cUniversidad Cuidadora\u201d no se limita a la creaci\u00f3n de espacios o servicios espec\u00edficos. La propuesta plantea transversalizar la perspectiva de cuidados en la docencia, la investigaci\u00f3n, la cultura, la gesti\u00f3n, la vida laboral y la convivencia universitaria, de manera que el bienestar de las personas sea considerado en las decisiones institucionales.<\/div>\n<div>Desde esta perspectiva, la pol\u00edtica reconoce el cuidado como un derecho humano y articula principios como la perspectiva de g\u00e9nero, igualdad sustantiva, respeto a la dignidad humana, bienestar comunitario, autocuidado, comunicaci\u00f3n con perspectiva de g\u00e9nero, sustentabilidad y sostenibilidad de la vida.<\/div>\n<div>La estrategia se estructura en cinco ejes: Gesti\u00f3n para la instalaci\u00f3n y operatividad de espacios de cuidado; Concienciaci\u00f3n y promoci\u00f3n de la Universidad Cuidadora; Fortalecimiento del marco normativo progresista de cuidados; Bienestar y cuidados, y Comunidad de la vida.<\/div>\n<div>Estos componentes forman parte de una visi\u00f3n multidisciplinaria que, de acuerdo con la rectora, encuentra sustento en el Proyecto de Reforma a la Ley de la UAEM\u00e9x y abre un nuevo cap\u00edtulo en la transformaci\u00f3n de la instituci\u00f3n.<\/div>\n<div>La intenci\u00f3n, explic\u00f3 Zarza Delgado, es que el cuidado deje de ser entendido como una responsabilidad individual o privada y se convierta en una pr\u00e1ctica cotidiana y corresponsable dentro de la Universidad, capaz de generar redes de apoyo y contribuir a combatir las desigualdades.<\/div>\n<div>\n<figure id=\"attachment_76414\" aria-describedby=\"caption-attachment-76414\" style=\"width: 696px\" class=\"wp-caption aligncenter\"><a href=\"https:\/\/www.porlalibreedomex.com\/wp-content\/uploads\/2026\/09\/La-Comunidad-Universitaria-en-el-inicio-del-proyecto-Universidad-Cuidadora-en-la-UAEMex.jpeg\"><img loading=\"lazy\" decoding=\"async\" class=\"size-large wp-image-76414\" src=\"https:\/\/www.porlalibreedomex.com\/wp-content\/uploads\/2026\/09\/La-Comunidad-Universitaria-en-el-inicio-del-proyecto-Universidad-Cuidadora-en-la-UAEMex-1024x682.jpeg\" alt=\"\" width=\"696\" height=\"464\" srcset=\"https:\/\/www.porlalibreedomex.com\/wp-content\/uploads\/2026\/09\/La-Comunidad-Universitaria-en-el-inicio-del-proyecto-Universidad-Cuidadora-en-la-UAEMex-1024x682.jpeg 1024w, https:\/\/www.porlalibreedomex.com\/wp-content\/uploads\/2026\/09\/La-Comunidad-Universitaria-en-el-inicio-del-proyecto-Universidad-Cuidadora-en-la-UAEMex-300x200.jpeg 300w, https:\/\/www.porlalibreedomex.com\/wp-content\/uploads\/2026\/09\/La-Comunidad-Universitaria-en-el-inicio-del-proyecto-Universidad-Cuidadora-en-la-UAEMex-768x512.jpeg 768w, https:\/\/www.porlalibreedomex.com\/wp-content\/uploads\/2026\/09\/La-Comunidad-Universitaria-en-el-inicio-del-proyecto-Universidad-Cuidadora-en-la-UAEMex-1536x1023.jpeg 1536w, https:\/\/www.porlalibreedomex.com\/wp-content\/uploads\/2026\/09\/La-Comunidad-Universitaria-en-el-inicio-del-proyecto-Universidad-Cuidadora-en-la-UAEMex-696x464.jpeg 696w, https:\/\/www.porlalibreedomex.com\/wp-content\/uploads\/2026\/09\/La-Comunidad-Universitaria-en-el-inicio-del-proyecto-Universidad-Cuidadora-en-la-UAEMex-1068x712.jpeg 1068w, https:\/\/www.porlalibreedomex.com\/wp-content\/uploads\/2026\/09\/La-Comunidad-Universitaria-en-el-inicio-del-proyecto-Universidad-Cuidadora-en-la-UAEMex-630x420.jpeg 630w, https:\/\/www.porlalibreedomex.com\/wp-content\/uploads\/2026\/09\/La-Comunidad-Universitaria-en-el-inicio-del-proyecto-Universidad-Cuidadora-en-la-UAEMex.jpeg 1600w\" sizes=\"auto, (max-width: 696px) 100vw, 696px\" \/><\/a><figcaption id=\"caption-attachment-76414\" class=\"wp-caption-text\">La Comunidad Universitaria en el inicio del proyecto Universidad Cuidadora, en la UAEM\u00e9x.<\/figcaption><\/figure>\n<\/div>\n<div><\/div>\n<div><b>Una transformaci\u00f3n que pone a las personas en el centro<\/b><\/div>\n<div>Por su parte, Norma Baca Tavira se\u00f1al\u00f3 que la Universidad Cuidadora expresa una nueva manera de comprender la cotidianidad de la Aut\u00f3noma mexiquense, al incorporar un enfoque basado en derechos humanos, perspectiva de g\u00e9nero, pluriculturalidad e interseccionalidad.<\/div>\n<div>Destac\u00f3 que la creaci\u00f3n de la Secretar\u00eda de Igualdad Sustantiva y Cuidados y la puesta en marcha de esta pol\u00edtica reflejan una decisi\u00f3n institucional de colocar a las personas en el centro de la actividad universitaria y generar mejores condiciones para su desarrollo acad\u00e9mico, profesional y personal.<\/div>\n<div>Con esta iniciativa, impulsada por Martha Patricia Zarza Delgado, la UAEM\u00e9x busca que la transformaci\u00f3n institucional tambi\u00e9n se traduzca en una Universidad capaz de reconocer a quienes la integran, atender sus necesidades y compartir las responsabilidades que sostienen la vida.<\/div>\n<div>M\u00e1s que una nueva estructura administrativa, la Pol\u00edtica Institucional para la Universidad Cuidadora plantea un cambio de perspectiva: pasar de una Universidad centrada \u00fanicamente en el desempe\u00f1o a una Universidad que reconoce que para aprender, ense\u00f1ar, investigar, trabajar y convivir tambi\u00e9n es necesario cuidar y ser cuidado.<\/div>\n<div><\/div>\n<div><b>Del rendimiento al bienestar<\/b><\/div>\n<div>La presentaci\u00f3n de esta pol\u00edtica estuvo acompa\u00f1ada por la conferencia magistral \u201cDe la universidad gerencialista a la universidad cuidadora: retos y experiencias\u201d, impartida por la profesora investigadora de la Facultad de Estudios Superiores (FES) Iztacala de la Universidad Nacional Aut\u00f3noma de M\u00e9xico (UNAM), Oliva L\u00f3pez S\u00e1nchez.<\/div>\n<div>La especialista explic\u00f3 que buena parte de las instituciones de educaci\u00f3n superior se han construido bajo un modelo gerencialista que privilegia conceptos como rendimiento, calidad, competitividad y meritocracia, mientras que deja en segundo plano las relaciones humanas y los trabajos afectivos, corporales y de cuidado que hacen posible la vida cotidiana.<\/div>\n<div>Frente a ello, plante\u00f3 la necesidad de pensar a las universidades como territorios de necesidades diversas, donde los cuidados sean reconocidos, redistribuidos y atendidos mediante pol\u00edticas institucionales.<\/div>\n<div>L\u00f3pez S\u00e1nchez reconoci\u00f3 a la UAEM\u00e9x por avanzar en esta direcci\u00f3n y por identificar las necesidades de su comunidad para traducirlas en infraestructura, pol\u00edticas y acciones concretas orientadas al bienestar de las personas.<\/div>\n<div><\/div>\n<div><strong><i>Reportera: Jimena Palacios<\/i><\/strong><\/div>\n<div><strong><i>Fot\u00f3grafos: L\u00e1zaro Hern\u00e1ndez y Daniel Quiroz<\/i><\/strong><\/div>\n<div><strong><i>\u00a0<\/i><\/strong><\/div>\n","protected":false},"excerpt":{"rendered":"<p>La Pol\u00edtica Institucional para la Universidad Cuidadora, impulsada por la rectora Martha Patricia Zarza Delgado, busca colocar a las personas y sus necesidades en el centro de la vida universitaria. Esta es una estrategia in\u00e9dita que coloca el bienestar, los cuidados y la igualdad sustantiva en el centro de la vida universitaria. Toluca, M\u00e9xico, Mi\u00e9rcoles [&hellip;]<\/p>\n","protected":false},"author":3,"featured_media":76412,"comment_status":"closed","ping_status":"closed","sticky":false,"template":"","format":"standard","meta":{"footnotes":""},"categories":[9148,16],"tags":[36293,36292,36290,36291,36294],"class_list":["post-76411","post","type-post","status-publish","format-standard","has-post-thumbnail","category-educacion","category-foto","tag-cambio-de-perspectiva-en-la-uaemex","tag-investigadora-unam-oliva-lopez-sanchez","tag-politica-institucional-para-la-universidad-cuidadora","tag-rectora-martha-patricia-zarza-villegas","tag-transversalizar-la-perspectiva-de-cuidados-en-la-uaemex"],"wps_subtitle":"Present\u00f3 la Pol\u00edtica Institucional para la Universidad Cuidadora","_links":{"self":[{"href":"https:\/\/www.porlalibreedomex.com\/index.php?rest_route=\/wp\/v2\/posts\/76411","targetHints":{"allow":["GET"]}}],"collection":[{"href":"https:\/\/www.porlalibreedomex.com\/index.php?rest_route=\/wp\/v2\/posts"}],"about":[{"href":"https:\/\/www.porlalibreedomex.com\/index.php?rest_route=\/wp\/v2\/types\/post"}],"author":[{"embeddable":true,"href":"https:\/\/www.porlalibreedomex.com\/index.php?rest_route=\/wp\/v2\/users\/3"}],"replies":[{"embeddable":true,"href":"https:\/\/www.porlalibreedomex.com\/index.php?rest_route=%2Fwp%2Fv2%2Fcomments&post=76411"}],"version-history":[{"count":1,"href":"https:\/\/www.porlalibreedomex.com\/index.php?rest_route=\/wp\/v2\/posts\/76411\/revisions"}],"predecessor-version":[{"id":76415,"href":"https:\/\/www.porlalibreedomex.com\/index.php?rest_route=\/wp\/v2\/posts\/76411\/revisions\/76415"}],"wp:featuredmedia":[{"embeddable":true,"href":"https:\/\/www.porlalibreedomex.com\/index.php?rest_route=\/wp\/v2\/media\/76412"}],"wp:attachment":[{"href":"https:\/\/www.porlalibreedomex.com\/index.php?rest_route=%2Fwp%2Fv2%2Fmedia&parent=76411"}],"wp:term":[{"taxonomy":"category","embeddable":true,"href":"https:\/\/www.porlalibreedomex.com\/index.php?rest_route=%2Fwp%2Fv2%2Fcategories&post=76411"},{"taxonomy":"post_tag","embeddable":true,"href":"https:\/\/www.porlalibreedomex.com\/index.php?rest_route=%2Fwp%2Fv2%2Ftags&post=76411"}],"curies":[{"name":"wp","href":"https:\/\/api.w.org\/{rel}","templated":true}]}}