{"id":76401,"date":"2026-09-01T01:36:02","date_gmt":"2026-09-01T07:36:02","guid":{"rendered":"https:\/\/www.porlalibreedomex.com\/?p=76401"},"modified":"2026-09-02T01:37:19","modified_gmt":"2026-09-02T07:37:19","slug":"pinta-y-gana-invita-gobierno-del-edomex-a-ninas-ninos-y-jovenes-a-mostrar-a-traves-del-arte-la-importancia-del-agua-y-su-cuidado","status":"publish","type":"post","link":"https:\/\/www.porlalibreedomex.com\/?p=76401","title":{"rendered":"\u00a1Pinta y gana! Invita Gobierno del EdoM\u00e9x a ni\u00f1as, ni\u00f1os y j\u00f3venes a mostrar a trav\u00e9s del arte la importancia del agua y su cuidado"},"content":{"rendered":"<p><em><strong>\u2022 Podr\u00e1n participar en el concurso de Pintura 2026 estudiantes de preescolar, primaria, secundaria y educaci\u00f3n especial, para ganar diversos premios como bicicletas, kits de protecci\u00f3n, mochilas y un premio sorpresa<\/strong><\/em><\/p>\n<p><em><strong>\u2022 Los trabajos se recibir\u00e1n hasta el 26 de octubre de 2026, antes de las 18:00 horas en la oficina de la CAEM m\u00e1s cercana a su domicilio.<\/strong><\/em><\/p>\n<p><strong>NAUCALPAN, Estado de M\u00e9xico.-<\/strong> Con el prop\u00f3sito de generar conciencia desde las aulas y promover una cultura de cuidado y responsabilidad hacia el agua entre las nuevas generaciones, el Gobierno del Estado de M\u00e9xico, a trav\u00e9s de la Comisi\u00f3n del Agua del Estado de M\u00e9xico (CAEM) invita a estudiantes de preescolar, primaria, secundaria y educaci\u00f3n especial, de escuelas p\u00fablicas y privadas a participar en el Concurso de Pintura 2026.<\/p>\n<p>M\u00e1s que un concurso, esta iniciativa busca que las nuevas generaciones expresen, mediante colores, trazos e imaginaci\u00f3n, por qu\u00e9 el agua es indispensable para la vida y por qu\u00e9 todas y todos debemos cuidarla.<\/p>\n<figure id=\"attachment_76403\" aria-describedby=\"caption-attachment-76403\" style=\"width: 696px\" class=\"wp-caption aligncenter\"><a href=\"https:\/\/www.porlalibreedomex.com\/wp-content\/uploads\/2026\/09\/Convoca-el-Gobierno-del-Estado-de-Mexico-a-concurso-de-pintura-con-el-tema-del-agua.jpeg\"><img loading=\"lazy\" decoding=\"async\" class=\"size-large wp-image-76403\" src=\"https:\/\/www.porlalibreedomex.com\/wp-content\/uploads\/2026\/09\/Convoca-el-Gobierno-del-Estado-de-Mexico-a-concurso-de-pintura-con-el-tema-del-agua-1024x682.jpeg\" alt=\"\" width=\"696\" height=\"464\" srcset=\"https:\/\/www.porlalibreedomex.com\/wp-content\/uploads\/2026\/09\/Convoca-el-Gobierno-del-Estado-de-Mexico-a-concurso-de-pintura-con-el-tema-del-agua-1024x682.jpeg 1024w, https:\/\/www.porlalibreedomex.com\/wp-content\/uploads\/2026\/09\/Convoca-el-Gobierno-del-Estado-de-Mexico-a-concurso-de-pintura-con-el-tema-del-agua-300x200.jpeg 300w, https:\/\/www.porlalibreedomex.com\/wp-content\/uploads\/2026\/09\/Convoca-el-Gobierno-del-Estado-de-Mexico-a-concurso-de-pintura-con-el-tema-del-agua-768x512.jpeg 768w, https:\/\/www.porlalibreedomex.com\/wp-content\/uploads\/2026\/09\/Convoca-el-Gobierno-del-Estado-de-Mexico-a-concurso-de-pintura-con-el-tema-del-agua-1536x1023.jpeg 1536w, https:\/\/www.porlalibreedomex.com\/wp-content\/uploads\/2026\/09\/Convoca-el-Gobierno-del-Estado-de-Mexico-a-concurso-de-pintura-con-el-tema-del-agua-696x464.jpeg 696w, https:\/\/www.porlalibreedomex.com\/wp-content\/uploads\/2026\/09\/Convoca-el-Gobierno-del-Estado-de-Mexico-a-concurso-de-pintura-con-el-tema-del-agua-1068x712.jpeg 1068w, https:\/\/www.porlalibreedomex.com\/wp-content\/uploads\/2026\/09\/Convoca-el-Gobierno-del-Estado-de-Mexico-a-concurso-de-pintura-con-el-tema-del-agua-630x420.jpeg 630w, https:\/\/www.porlalibreedomex.com\/wp-content\/uploads\/2026\/09\/Convoca-el-Gobierno-del-Estado-de-Mexico-a-concurso-de-pintura-con-el-tema-del-agua.jpeg 1600w\" sizes=\"auto, (max-width: 696px) 100vw, 696px\" \/><\/a><figcaption id=\"caption-attachment-76403\" class=\"wp-caption-text\">Convoca el Gobierno del Estado de M\u00e9xico a concurso de pintura con el tema del agua.<\/figcaption><\/figure>\n<p>Los interesados no podr\u00e1n utilizar personajes de dibujos animados, im\u00e1genes descargadas de internet u obras de terceros, deber\u00e1n participar con un dibujo o pintura de creaci\u00f3n propia y registrarse en una de las <strong>cinco categor\u00edas:<\/strong><\/p>\n<p><strong>\u2022 Preescolar: \u201cMi amiga, el agua\u201d.<\/strong><br \/>\n<strong>\u2022 Primaria de 1\u00ba a 3\u00ba: \u201cEl agua es vida, cu\u00eddala\u201d.<\/strong><br \/>\n<strong>\u2022 Primaria de 4\u00ba a 6\u00ba: \u201cEl agua es vida, cu\u00eddala\u201d.<\/strong><br \/>\n<strong>\u2022 Educaci\u00f3n especial: \u201cEl agua es vida, cu\u00eddala\u201d.<\/strong><br \/>\n<strong>\u2022 Secundaria: \u201cHagamos un uso eficiente del agua\u201d.<\/strong><\/p>\n<p>Los trabajos deber\u00e1n realizarse en cartulina de 60 x 40 cent\u00edmetros y podr\u00e1n utilizar materiales como acuarela, gis, \u00f3leo, l\u00e1piz de color o grafito; en el reverso de cada obra se deber\u00e1 anotar el nombre del alumno y de la escuela, grado escolar, categor\u00eda, domicilio del alumno y de la escuela, tel\u00e9fono, municipio y Clave del Centro de Trabajo (CCT).<\/p>\n<p>Los trabajos podr\u00e1n entregarse hasta el 26 de octubre de 2026, antes de las 18:00 horas, en la oficina de la CAEM m\u00e1s cercana a su domicilio, las cuales pueden ser consultadas en https:\/\/caem.edomex.gob.mx\/gerencias-regionales o en las dependencias de Agua Potable y Organismos Operadores de su entidad localizadas en el directorio: https:\/\/caem.edomex.gob.mx\/oficinas-agua-potable-y-organismos-op<\/p>\n<figure id=\"attachment_76402\" aria-describedby=\"caption-attachment-76402\" style=\"width: 696px\" class=\"wp-caption aligncenter\"><a href=\"https:\/\/www.porlalibreedomex.com\/wp-content\/uploads\/2026\/09\/Invita-el-GEM-al-concurso-para-resaltar-importancia-del-agua-a-traves-de-la-pintura.jpeg\"><img loading=\"lazy\" decoding=\"async\" class=\"size-large wp-image-76402\" src=\"https:\/\/www.porlalibreedomex.com\/wp-content\/uploads\/2026\/09\/Invita-el-GEM-al-concurso-para-resaltar-importancia-del-agua-a-traves-de-la-pintura-1024x664.jpeg\" alt=\"\" width=\"696\" height=\"451\" srcset=\"https:\/\/www.porlalibreedomex.com\/wp-content\/uploads\/2026\/09\/Invita-el-GEM-al-concurso-para-resaltar-importancia-del-agua-a-traves-de-la-pintura-1024x664.jpeg 1024w, https:\/\/www.porlalibreedomex.com\/wp-content\/uploads\/2026\/09\/Invita-el-GEM-al-concurso-para-resaltar-importancia-del-agua-a-traves-de-la-pintura-300x194.jpeg 300w, https:\/\/www.porlalibreedomex.com\/wp-content\/uploads\/2026\/09\/Invita-el-GEM-al-concurso-para-resaltar-importancia-del-agua-a-traves-de-la-pintura-768x498.jpeg 768w, https:\/\/www.porlalibreedomex.com\/wp-content\/uploads\/2026\/09\/Invita-el-GEM-al-concurso-para-resaltar-importancia-del-agua-a-traves-de-la-pintura-696x451.jpeg 696w, https:\/\/www.porlalibreedomex.com\/wp-content\/uploads\/2026\/09\/Invita-el-GEM-al-concurso-para-resaltar-importancia-del-agua-a-traves-de-la-pintura-1068x692.jpeg 1068w, https:\/\/www.porlalibreedomex.com\/wp-content\/uploads\/2026\/09\/Invita-el-GEM-al-concurso-para-resaltar-importancia-del-agua-a-traves-de-la-pintura-648x420.jpeg 648w, https:\/\/www.porlalibreedomex.com\/wp-content\/uploads\/2026\/09\/Invita-el-GEM-al-concurso-para-resaltar-importancia-del-agua-a-traves-de-la-pintura.jpeg 1458w\" sizes=\"auto, (max-width: 696px) 100vw, 696px\" \/><\/a><figcaption id=\"caption-attachment-76402\" class=\"wp-caption-text\">Invita el GEM al concurso para resaltar importancia del agua a trav\u00e9s de la pintura.<\/figcaption><\/figure>\n<p>Los primeros tres lugares de cada categor\u00eda podr\u00e1n hacerse acreedores a diversos premios, entre ellos bicicletas, kits de protecci\u00f3n, mochilas y un premio sorpresa.<\/p>\n<p>Para consultar la convocatoria y conocer los detalles del concurso, se puede ingresar a la p\u00e1gina de la CAEM: https:\/\/caem.edomex.gob.mx\/concurso-pintura o enviar dudas al correo culturadelagua@caem.edomex.gob.mx.<\/p>\n","protected":false},"excerpt":{"rendered":"<p>\u2022 Podr\u00e1n participar en el concurso de Pintura 2026 estudiantes de preescolar, primaria, secundaria y educaci\u00f3n especial, para ganar diversos premios como bicicletas, kits de protecci\u00f3n, mochilas y un premio sorpresa \u2022 Los trabajos se recibir\u00e1n hasta el 26 de octubre de 2026, antes de las 18:00 horas en la oficina de la CAEM m\u00e1s [&hellip;]<\/p>\n","protected":false},"author":3,"featured_media":76402,"comment_status":"closed","ping_status":"closed","sticky":false,"template":"","format":"standard","meta":{"footnotes":""},"categories":[9157,16,9207],"tags":[11161,36286,36287],"class_list":["post-76401","post","type-post","status-publish","format-standard","has-post-thumbnail","category-edomex","category-foto","category-medio-ambiente","tag-comision-del-agua-del-estado-de-mexico","tag-concurso-de-pintura-2026","tag-concurso-de-pintura-sobre-importancia-del-agua"],"wps_subtitle":"","_links":{"self":[{"href":"https:\/\/www.porlalibreedomex.com\/index.php?rest_route=\/wp\/v2\/posts\/76401","targetHints":{"allow":["GET"]}}],"collection":[{"href":"https:\/\/www.porlalibreedomex.com\/index.php?rest_route=\/wp\/v2\/posts"}],"about":[{"href":"https:\/\/www.porlalibreedomex.com\/index.php?rest_route=\/wp\/v2\/types\/post"}],"author":[{"embeddable":true,"href":"https:\/\/www.porlalibreedomex.com\/index.php?rest_route=\/wp\/v2\/users\/3"}],"replies":[{"embeddable":true,"href":"https:\/\/www.porlalibreedomex.com\/index.php?rest_route=%2Fwp%2Fv2%2Fcomments&post=76401"}],"version-history":[{"count":1,"href":"https:\/\/www.porlalibreedomex.com\/index.php?rest_route=\/wp\/v2\/posts\/76401\/revisions"}],"predecessor-version":[{"id":76404,"href":"https:\/\/www.porlalibreedomex.com\/index.php?rest_route=\/wp\/v2\/posts\/76401\/revisions\/76404"}],"wp:featuredmedia":[{"embeddable":true,"href":"https:\/\/www.porlalibreedomex.com\/index.php?rest_route=\/wp\/v2\/media\/76402"}],"wp:attachment":[{"href":"https:\/\/www.porlalibreedomex.com\/index.php?rest_route=%2Fwp%2Fv2%2Fmedia&parent=76401"}],"wp:term":[{"taxonomy":"category","embeddable":true,"href":"https:\/\/www.porlalibreedomex.com\/index.php?rest_route=%2Fwp%2Fv2%2Fcategories&post=76401"},{"taxonomy":"post_tag","embeddable":true,"href":"https:\/\/www.porlalibreedomex.com\/index.php?rest_route=%2Fwp%2Fv2%2Ftags&post=76401"}],"curies":[{"name":"wp","href":"https:\/\/api.w.org\/{rel}","templated":true}]}}