{"id":76393,"date":"2026-09-01T00:45:11","date_gmt":"2026-09-01T06:45:11","guid":{"rendered":"https:\/\/www.porlalibreedomex.com\/?p=76393"},"modified":"2026-09-02T00:47:24","modified_gmt":"2026-09-02T06:47:24","slug":"envejecer-tambien-es-vivir-uaemex-impulsa-una-nueva-mirada-sobre-la-vejez","status":"publish","type":"post","link":"https:\/\/www.porlalibreedomex.com\/?p=76393","title":{"rendered":"Envejecer tambi\u00e9n es vivir: UAEM\u00e9x impulsa una nueva mirada sobre la vejez"},"content":{"rendered":"<div><\/div>\n<ul>\n<li><strong><i>La Cl\u00ednica Multidisciplinaria de Salud realizar\u00e1 un taller para promover una atenci\u00f3n integral de las personas adultas mayores y combatir los estereotipos que asocian el envejecimiento con enfermedad y dependencia.<\/i><\/strong><\/li>\n<\/ul>\n<div><\/div>\n<div><b>Toluca, M\u00e9xico, Martes 1 de septiembre de 2026.<\/b>* El envejecimiento de la poblaci\u00f3n plantea nuevos retos para los sistemas de salud y para la formaci\u00f3n de profesionales capaces de atender las necesidades de las personas adultas mayores desde una perspectiva integral. Ante este panorama, la Universidad Aut\u00f3noma del Estado de M\u00e9xico (UAEM\u00e9x), a trav\u00e9s de la Cl\u00ednica Multidisciplinaria de Salud (CMS), realizar\u00e1 el Taller \u201cConectando especialidades: la visi\u00f3n gerontol\u00f3gica en el equipo multidisciplinario de salud\u201d.<\/div>\n<div>La actividad busca fortalecer los conocimientos y la sensibilizaci\u00f3n de la comunidad universitaria y del p\u00fablico en general sobre el proceso de envejecimiento, as\u00ed como promover una visi\u00f3n de la vejez basada en la dignidad, la salud, la autonom\u00eda y la participaci\u00f3n activa.<\/div>\n<div><\/div>\n<div>\n<figure id=\"attachment_76395\" aria-describedby=\"caption-attachment-76395\" style=\"width: 696px\" class=\"wp-caption aligncenter\"><a href=\"https:\/\/www.porlalibreedomex.com\/wp-content\/uploads\/2026\/09\/Se-realizara-el-taller-Conectando-especialidades-la-vision-gerontologica-en-el-equipo-multidisciplinario-de-salud-que-impartira-la-gerontologa-Itzayana-Mendez.jpg\"><img loading=\"lazy\" decoding=\"async\" class=\"size-large wp-image-76395\" src=\"https:\/\/www.porlalibreedomex.com\/wp-content\/uploads\/2026\/09\/Se-realizara-el-taller-Conectando-especialidades-la-vision-gerontologica-en-el-equipo-multidisciplinario-de-salud-que-impartira-la-gerontologa-Itzayana-Mendez-1024x682.jpg\" alt=\"\" width=\"696\" height=\"464\" srcset=\"https:\/\/www.porlalibreedomex.com\/wp-content\/uploads\/2026\/09\/Se-realizara-el-taller-Conectando-especialidades-la-vision-gerontologica-en-el-equipo-multidisciplinario-de-salud-que-impartira-la-gerontologa-Itzayana-Mendez-1024x682.jpg 1024w, https:\/\/www.porlalibreedomex.com\/wp-content\/uploads\/2026\/09\/Se-realizara-el-taller-Conectando-especialidades-la-vision-gerontologica-en-el-equipo-multidisciplinario-de-salud-que-impartira-la-gerontologa-Itzayana-Mendez-300x200.jpg 300w, https:\/\/www.porlalibreedomex.com\/wp-content\/uploads\/2026\/09\/Se-realizara-el-taller-Conectando-especialidades-la-vision-gerontologica-en-el-equipo-multidisciplinario-de-salud-que-impartira-la-gerontologa-Itzayana-Mendez-768x512.jpg 768w, https:\/\/www.porlalibreedomex.com\/wp-content\/uploads\/2026\/09\/Se-realizara-el-taller-Conectando-especialidades-la-vision-gerontologica-en-el-equipo-multidisciplinario-de-salud-que-impartira-la-gerontologa-Itzayana-Mendez-1536x1023.jpg 1536w, https:\/\/www.porlalibreedomex.com\/wp-content\/uploads\/2026\/09\/Se-realizara-el-taller-Conectando-especialidades-la-vision-gerontologica-en-el-equipo-multidisciplinario-de-salud-que-impartira-la-gerontologa-Itzayana-Mendez-696x464.jpg 696w, https:\/\/www.porlalibreedomex.com\/wp-content\/uploads\/2026\/09\/Se-realizara-el-taller-Conectando-especialidades-la-vision-gerontologica-en-el-equipo-multidisciplinario-de-salud-que-impartira-la-gerontologa-Itzayana-Mendez-1068x712.jpg 1068w, https:\/\/www.porlalibreedomex.com\/wp-content\/uploads\/2026\/09\/Se-realizara-el-taller-Conectando-especialidades-la-vision-gerontologica-en-el-equipo-multidisciplinario-de-salud-que-impartira-la-gerontologa-Itzayana-Mendez-630x420.jpg 630w, https:\/\/www.porlalibreedomex.com\/wp-content\/uploads\/2026\/09\/Se-realizara-el-taller-Conectando-especialidades-la-vision-gerontologica-en-el-equipo-multidisciplinario-de-salud-que-impartira-la-gerontologa-Itzayana-Mendez.jpg 1600w\" sizes=\"auto, (max-width: 696px) 100vw, 696px\" \/><\/a><figcaption id=\"caption-attachment-76395\" class=\"wp-caption-text\">Se realizar\u00e1 el taller Conectando especialidades, la visi\u00f3n gerontol\u00f3gica en el equipo multidisciplinario de salud, que impartir\u00e1 la geront\u00f3loga Itzayana M\u00e9ndez.<\/figcaption><\/figure>\n<\/div>\n<div>La geront\u00f3loga de la Cl\u00ednica Multidisciplinaria de Salud, Itzayana M\u00e9ndez Ram\u00edrez, explic\u00f3 que el taller permitir\u00e1 acercar a las y los participantes a los principios de la gerontolog\u00eda y comprender la importancia del trabajo multidisciplinario para mejorar el diagn\u00f3stico, tratamiento y seguimiento de las personas adultas mayores.<\/div>\n<div>Destac\u00f3 que el envejecimiento poblacional representa uno de los principales desaf\u00edos sociales y de salud de la actualidad, por lo que resulta fundamental preparar a las nuevas generaciones para atender las necesidades de una poblaci\u00f3n que alcanzar\u00e1 edades cada vez m\u00e1s avanzadas.<\/div>\n<div>En este sentido, subray\u00f3 la importancia de que las universidades impulsen conocimientos que permitan comprender el envejecimiento desde una perspectiva de derechos, autonom\u00eda y dignidad, dejando atr\u00e1s estereotipos que asocian la vejez exclusivamente con la enfermedad, la dependencia o las limitaciones.<\/div>\n<div>Durante el taller se abordar\u00e1n temas como el edadismo, la nutrici\u00f3n, la valoraci\u00f3n gerontol\u00f3gica, el s\u00edndrome del cuidador y los cuidados de las personas adultas mayores. Para el personal de la Cl\u00ednica Multidisciplinaria de Salud tambi\u00e9n se contempla el an\u00e1lisis din\u00e1mico de un caso cl\u00ednico, con el prop\u00f3sito de identificar estrategias para una atenci\u00f3n personalizada.<\/div>\n<div>M\u00e9ndez Ram\u00edrez explic\u00f3 que el envejecimiento implica transformaciones f\u00edsicas, psicol\u00f3gicas y sociales que forman parte natural del curso de vida. Por ello, uno de los prop\u00f3sitos del enfoque gerontol\u00f3gico es contribuir a transformar la percepci\u00f3n social de la vejez y reconocerla como una etapa que puede vivirse de manera plena, activa y satisfactoria.<\/div>\n<div>Asimismo, se\u00f1al\u00f3 que las y los participantes podr\u00e1n adquirir herramientas relacionadas con la \u00e9tica, los valores, la comunicaci\u00f3n afectiva y la gesti\u00f3n emocional, conocimientos fundamentales tanto para quienes se desempe\u00f1an en el \u00e1mbito profesional como para las personas responsables del cuidado dentro del entorno familiar.<\/div>\n<div>En este contexto, Itzayana M\u00e9ndez consider\u00f3 que la formaci\u00f3n de profesionales en gerontolog\u00eda representa una oportunidad relevante ante la creciente demanda de servicios especializados para la atenci\u00f3n de las personas adultas mayores.<\/div>\n<div>El taller \u201cConectando especialidades: la visi\u00f3n gerontol\u00f3gica en el equipo multidisciplinario de salud\u201d se llevar\u00e1 a cabo el pr\u00f3ximo 3 de septiembre, a las 12:00 horas, en el aula de la Cl\u00ednica Multidisciplinaria de Salud de la UAEM\u00e9x.<\/div>\n<div>La actividad est\u00e1 dirigida a integrantes de la comunidad universitaria, personal adscrito a la Cl\u00ednica y p\u00fablico en general. Las personas interesadas pueden consultar las redes sociales de la Cl\u00ednica Multidisciplinaria de Salud o acudir directamente a sus instalaciones, ubicadas en\u00a0<a href=\"https:\/\/www.google.com\/maps\/search\/avenida+Jes%C3%BAs+Carranza+n%C3%BAmero+205?entry=gmail&amp;source=g\" data-saferedirecturl=\"https:\/\/www.google.com\/url?q=https:\/\/www.google.com\/maps\/search\/avenida%2BJes%25C3%25BAs%2BCarranza%2Bn%25C3%25BAmero%2B205?entry%3Dgmail%26source%3Dg&amp;source=gmail&amp;ust=1788416305713000&amp;usg=AOvVaw1cMVJDs2IXLRhcDcSG-dsB\">avenida Jes\u00fas Carranza n\u00famero 205<\/a>, colonia Universidad, en Toluca, Estado de M\u00e9xico.<\/div>\n<div><\/div>\n<div><strong><i>Reportero: Juan Carlos Zarco<\/i><\/strong><\/div>\n<div><strong><i>Fot\u00f3grafo: Orlando Tenorio<\/i><\/strong><\/div>\n","protected":false},"excerpt":{"rendered":"<p>La Cl\u00ednica Multidisciplinaria de Salud realizar\u00e1 un taller para promover una atenci\u00f3n integral de las personas adultas mayores y combatir los estereotipos que asocian el envejecimiento con enfermedad y dependencia. Toluca, M\u00e9xico, Martes 1 de septiembre de 2026.* El envejecimiento de la poblaci\u00f3n plantea nuevos retos para los sistemas de salud y para la formaci\u00f3n [&hellip;]<\/p>\n","protected":false},"author":3,"featured_media":76394,"comment_status":"closed","ping_status":"closed","sticky":false,"template":"","format":"standard","meta":{"footnotes":""},"categories":[9148,16,9209],"tags":[35444,36280,36279,36281],"class_list":["post-76393","post","type-post","status-publish","format-standard","has-post-thumbnail","category-educacion","category-foto","category-salud","tag-clinica-multidisciplinaria-de-salud-uaemex","tag-envejecer-no-es-enfermedad-y-dependencia","tag-envejecer-tambien-es-vivir","tag-gerontologa-itzayana-mendez-ramirez"],"wps_subtitle":"","_links":{"self":[{"href":"https:\/\/www.porlalibreedomex.com\/index.php?rest_route=\/wp\/v2\/posts\/76393","targetHints":{"allow":["GET"]}}],"collection":[{"href":"https:\/\/www.porlalibreedomex.com\/index.php?rest_route=\/wp\/v2\/posts"}],"about":[{"href":"https:\/\/www.porlalibreedomex.com\/index.php?rest_route=\/wp\/v2\/types\/post"}],"author":[{"embeddable":true,"href":"https:\/\/www.porlalibreedomex.com\/index.php?rest_route=\/wp\/v2\/users\/3"}],"replies":[{"embeddable":true,"href":"https:\/\/www.porlalibreedomex.com\/index.php?rest_route=%2Fwp%2Fv2%2Fcomments&post=76393"}],"version-history":[{"count":1,"href":"https:\/\/www.porlalibreedomex.com\/index.php?rest_route=\/wp\/v2\/posts\/76393\/revisions"}],"predecessor-version":[{"id":76396,"href":"https:\/\/www.porlalibreedomex.com\/index.php?rest_route=\/wp\/v2\/posts\/76393\/revisions\/76396"}],"wp:featuredmedia":[{"embeddable":true,"href":"https:\/\/www.porlalibreedomex.com\/index.php?rest_route=\/wp\/v2\/media\/76394"}],"wp:attachment":[{"href":"https:\/\/www.porlalibreedomex.com\/index.php?rest_route=%2Fwp%2Fv2%2Fmedia&parent=76393"}],"wp:term":[{"taxonomy":"category","embeddable":true,"href":"https:\/\/www.porlalibreedomex.com\/index.php?rest_route=%2Fwp%2Fv2%2Fcategories&post=76393"},{"taxonomy":"post_tag","embeddable":true,"href":"https:\/\/www.porlalibreedomex.com\/index.php?rest_route=%2Fwp%2Fv2%2Ftags&post=76393"}],"curies":[{"name":"wp","href":"https:\/\/api.w.org\/{rel}","templated":true}]}}