{"id":76383,"date":"2026-08-30T00:34:05","date_gmt":"2026-08-30T06:34:05","guid":{"rendered":"https:\/\/www.porlalibreedomex.com\/?p=76383"},"modified":"2026-08-31T01:03:13","modified_gmt":"2026-08-31T07:03:13","slug":"76383","status":"publish","type":"post","link":"https:\/\/www.porlalibreedomex.com\/?p=76383","title":{"rendered":"Alebrijes en Cuadratines \/ Futuro de nuevos partidos"},"content":{"rendered":"<p>&nbsp;<\/p>\n<p><strong>Adri\u00e1n Chavarr\u00eda Espinosa \/\u00a0<\/strong><\/p>\n<p align=\"right\"><strong><i><u><a href=\"mailto:ache57@yahoo.com.mx\" target=\"_blank\" rel=\"noopener\">ache57@yahoo.com.mx<\/a> \/\u00a0<\/u><\/i><\/strong><\/p>\n<p><strong>C<\/strong>on los ajustes establecidos por las autoridades electorales a los dos nuevos partidos pol\u00edticos nacionales \u2013 justos o incorrectos, pero ya aceptados\u2013, los cuales buscar\u00e1n por lo menos obtener el 3% de votos v\u00e1lidos en los comicios federales del 2027, donde se renovar\u00e1 la C\u00e1mara de Diputados, aunque sin alianzas o coaliciones para obtener su registro definitivo.<\/p>\n<p>De los cuatro los organismos finalistas para ese registro condicionado, las solicitudes de M\u00e9xico Tiene Vida y Que Siga la Democracia fueron rechazadas por diversas irregularidades, mientras que las de los partidos PAZ, y Somos M\u00e9xico fueron avalados, por ello tendr\u00e1n recursos p\u00fablicos para el reto de sobrevivir y seguir vigentes en los comicios del 2030.<\/p>\n<p>De esta forma ser\u00e1n en total ocho fuerzas nacionales ser\u00e1n las que aparecer\u00e1n en las boletas del pr\u00f3ximo a\u00f1o, donde tambi\u00e9n competir\u00e1n PAN, PRI, Partidos del Trabajo y Verde, Movimiento Ciudadano y Morena.<\/p>\n<p>Los procesos de aceptaci\u00f3n de los dos nuevos partidos han sido diferentes, aunque a ambos se les orden\u00f3 cambiar de nombre al ser considerados inadecuados. Respecto al finalmente llamado PAZ, originalmente se llamaba Construyendo Sociedades de Paz, pero como sus iniciales coincid\u00edan con las de la presidenta Claudia Sheinbaum Pardo (CSP), para evitar posibles confusiones o manejos pol\u00edticos inadecuados se orden\u00f3 fuera modificado.<\/p>\n<p>Asimismo, uno de los principales impulsores de este instituto es Hugo Eric Flores Cervantes, quien adem\u00e1s de mantener v\u00ednculos con sectores conservadores y Provida, ha liderado los desaparecidos partidos Encuentro Social y del Encuentro Solidario \u2013por no alcanzar el m\u00ednimo del 3% de votos\u2013, ha encontrado en la pol\u00edtica una forma de vida, al grado de que recientemente y de forma simult\u00e1nea se desempe\u00f1aba como diputado federal de Morena.<\/p>\n<p>Respecto a Somos, organizaci\u00f3n emanada del movimiento social conocido como Marea Rosa, actualmente es presidido por Guadalupe Acosta Naranjo, el cual busca consolidarse como una alternativa opositora con un discurso centrado en la justicia social, los derechos humanos y la participaci\u00f3n ciudadana, con la participan tanto de exmilitantes de otros partidos como de investigadores, analistas y exfuncionarios electores, quienes en conjunto pretenden impulsar mejores condiciones pol\u00edticas y sociales para todos los mexicanos.<\/p>\n<p>Respecto al nombre Somos M\u00e9xico, por mayor\u00eda la Sala Superior del Tribunal Electoral del Poder Judicial de la Federaci\u00f3n confirm\u00f3 la decisi\u00f3n del Instituto Nacional Electoral (INE) de obligarlo a cambiar su denominaci\u00f3n, emblema y colores distintivos bajo el argumento que la combinaci\u00f3n de las palabras \u201cSomos\u201d y \u201cM\u00e9xico\u201d pod\u00eda generar una apropiaci\u00f3n simb\u00f3lica de la identidad nacional y llevar al electorado a considerar que el partido representa al pa\u00eds en su conjunto, adem\u00e1s de existir similitudes entre su emblema y los usados por los partidos locales Fuerza por M\u00e9xico en Tlaxcala, Puebla y Baja California Sur.<\/p>\n<p>Ante tal situaci\u00f3n y tras asegurar que la orden de cambiarles el nombre lleg\u00f3 desde Palacio Nacional y que para ellos ser llamados oposici\u00f3n es \u201cun timbre de orgullo\u201d, Acosta Naranjo revel\u00f3 su nueva propuesta para ahora identificarse como \u201cSomos\u201d.<\/p>\n<p>Tras describir su nuevo dise\u00f1o \u2013consistente en un fondo blanco con letras en rosa e incorporar la silueta de la Rep\u00fablica Mexicana\u2013, expres\u00f3: \u201cNosotros cumplimos estrictamente con la resoluci\u00f3n del INE. Y por eso conservamos la palabra Somos y ponemos de manera preponderante el color blanco, aunque nuestras letras seguir\u00e1n siendo rosas\u201d.<\/p>\n<p>Acosta Naranjo recalc\u00f3 que con el anterior nombre se les acus\u00f3 de adue\u00f1arse del pa\u00eds. Por ello inquiri\u00f3: \u201c\u00bfqu\u00e9 somos? Yo le respondo: Claudia, ustedes son autoritarios, ustedes no respetan la pluralidad. Autoritarios eso es lo que son, pero no nos van a detener\u201d. Por lo cual pidi\u00f3 al INE \u201cque los dejen trabajar\u201d para prepararse rumbo al Proceso Electoral 2026-2027.<\/p>\n<p>Al menos recuerdo un caso donde a un partido se le oblig\u00f3 a alterar su emblema. Fue en 1989 con el primer logotipo del Partido de la Revoluci\u00f3n Democr\u00e1tica (PRD), cuando su dise\u00f1o consist\u00eda en un sol mexicano estilizado con un c\u00edrculo central rojo y 16 rayos perimetrales que alternaban los colores verde y rojo, acompa\u00f1ados de las siglas del partido tambi\u00e9n en rojo.<\/p>\n<p>Fue el PRI quien present\u00f3 una queja formal ante la entonces Comisi\u00f3n Federal Electoral, bajo el argumento legal de que el uso del verde y el rojo en su emblema generaba una probable confusi\u00f3n con los colores nacionales y, adem\u00e1s, de los suyos, lo cual contraven\u00eda las normas electorales de la \u00e9poca.<\/p>\n<p>Ante ello el PRD retir\u00f3 los colores verde y rojo por lo cual su primer logotipo oficial aprobado y utilizado formalmente entre 1989 y 1993, \u00fanicamente presentaba el trazo negro con fondo blanco. Fue hasta mediados de la d\u00e9cada de los noventa, entre 1993 y 1996, cuando modific\u00f3 sus estatutos para incorporar el ic\u00f3nico fondo amarillo sol como su color institucional definitivo, buscando un contraste claro para no generar disputas con otros partidos pol\u00edticos.<\/p>\n<p>Ahora resta esperar a que formalmente inicie tanto el proceso electoral federal, as\u00ed como para elegir a 17 gobernadores y a cientos de diputados locales y ayuntamientos, aunque varios partidos ya iniciaron ilegalmente sus \u201cpreprecampa\u00f1as\u201d, incluso sin presentarlos formalmente como candidatos ya definieron quienes ser\u00e1n sus abanderados para mandatarios estatales.<\/p>\n<p>Ya despu\u00e9s se analizar\u00e1 c\u00f3mo se preparan los ocho institutos participantes y la presentaci\u00f3n de sus ofertas pol\u00edticas, para ver si ofrecen algo nuevo o lo mismo de siempre.<\/p>\n","protected":false},"excerpt":{"rendered":"<p>&nbsp; Adri\u00e1n Chavarr\u00eda Espinosa \/\u00a0 ache57@yahoo.com.mx \/\u00a0 Con los ajustes establecidos por las autoridades electorales a los dos nuevos partidos pol\u00edticos nacionales \u2013 justos o incorrectos, pero ya aceptados\u2013, los cuales buscar\u00e1n por lo menos obtener el 3% de votos v\u00e1lidos en los comicios federales del 2027, donde se renovar\u00e1 la C\u00e1mara de Diputados, aunque [&hellip;]<\/p>\n","protected":false},"author":2,"featured_media":76384,"comment_status":"closed","ping_status":"closed","sticky":false,"template":"","format":"standard","meta":{"footnotes":""},"categories":[23,16,9150],"tags":[260,261,36275,36274],"class_list":["post-76383","post","type-post","status-publish","format-standard","has-post-thumbnail","category-columna","category-foto","category-politica","tag-adrian-chavarria-espinosa","tag-alebrijes-en-cuadratines","tag-derecho-al-subsidio-oficial-del-ine","tag-el-futuro-de-los-nuevos-partidos"],"wps_subtitle":"","_links":{"self":[{"href":"https:\/\/www.porlalibreedomex.com\/index.php?rest_route=\/wp\/v2\/posts\/76383","targetHints":{"allow":["GET"]}}],"collection":[{"href":"https:\/\/www.porlalibreedomex.com\/index.php?rest_route=\/wp\/v2\/posts"}],"about":[{"href":"https:\/\/www.porlalibreedomex.com\/index.php?rest_route=\/wp\/v2\/types\/post"}],"author":[{"embeddable":true,"href":"https:\/\/www.porlalibreedomex.com\/index.php?rest_route=\/wp\/v2\/users\/2"}],"replies":[{"embeddable":true,"href":"https:\/\/www.porlalibreedomex.com\/index.php?rest_route=%2Fwp%2Fv2%2Fcomments&post=76383"}],"version-history":[{"count":3,"href":"https:\/\/www.porlalibreedomex.com\/index.php?rest_route=\/wp\/v2\/posts\/76383\/revisions"}],"predecessor-version":[{"id":76387,"href":"https:\/\/www.porlalibreedomex.com\/index.php?rest_route=\/wp\/v2\/posts\/76383\/revisions\/76387"}],"wp:featuredmedia":[{"embeddable":true,"href":"https:\/\/www.porlalibreedomex.com\/index.php?rest_route=\/wp\/v2\/media\/76384"}],"wp:attachment":[{"href":"https:\/\/www.porlalibreedomex.com\/index.php?rest_route=%2Fwp%2Fv2%2Fmedia&parent=76383"}],"wp:term":[{"taxonomy":"category","embeddable":true,"href":"https:\/\/www.porlalibreedomex.com\/index.php?rest_route=%2Fwp%2Fv2%2Fcategories&post=76383"},{"taxonomy":"post_tag","embeddable":true,"href":"https:\/\/www.porlalibreedomex.com\/index.php?rest_route=%2Fwp%2Fv2%2Ftags&post=76383"}],"curies":[{"name":"wp","href":"https:\/\/api.w.org\/{rel}","templated":true}]}}