{"id":7630,"date":"2015-06-14T19:26:39","date_gmt":"2015-06-15T04:26:39","guid":{"rendered":"http:\/\/porlalibre.info\/?p=7630"},"modified":"2015-06-14T19:26:39","modified_gmt":"2015-06-15T04:26:39","slug":"realizo-expo-taller-2015-facultad-de-planeacion-urbana-y-regional","status":"publish","type":"post","link":"https:\/\/www.porlalibreedomex.com\/?p=7630","title":{"rendered":"REALIZ\u00d3 EXPO-TALLER 2015 FACULTAD DE PLANEACI\u00d3N URBANA Y REGIONAL"},"content":{"rendered":"<p>&nbsp;<\/p>\n<ul>\n<li>\n<figure id=\"attachment_7631\" aria-describedby=\"caption-attachment-7631\" style=\"width: 2480px\" class=\"wp-caption aligncenter\"><img loading=\"lazy\" decoding=\"async\" class=\"size-full wp-image-7631\" src=\"http:\/\/porlalibre.info\/wp-content\/uploads\/2015\/06\/Comun-6.jpg\" alt=\"  En las recientes d\u00e9cadas, las ciudades y sus entornos han sufrido cambios estructurales, como resultado del acelerado proceso de urbanizaci\u00f3n, asociado al crecimiento demogr\u00e1fico, se resalt\u00f3 durante la inauguraci\u00f3n de la ExpoTaller 2015 de la Facultad de Planeaci\u00f3n Urbana y Regional de la UAEM.\" width=\"2480\" height=\"1654\" \/><figcaption id=\"caption-attachment-7631\" class=\"wp-caption-text\"><br \/>En las recientes d\u00e9cadas, las ciudades y sus entornos han sufrido cambios estructurales, como resultado del acelerado proceso de urbanizaci\u00f3n, asociado al crecimiento demogr\u00e1fico, se resalt\u00f3 durante la inauguraci\u00f3n de la ExpoTaller 2015 de la Facultad de Planeaci\u00f3n Urbana y Regional de la UAEM.<\/figcaption><\/figure>\n<p><em>A trav\u00e9s de 135 trabajos, estudiantes de las licenciaturas en Ciencias Ambientales y Planeaci\u00f3n Territorial, as\u00ed como la Maestr\u00eda en Estudios de la Ciudad, plantearon soluciones a la problem\u00e1tica ocasionada por el acelerado proceso de urbanizaci\u00f3n.<\/em><\/li>\n<\/ul>\n<p>&nbsp;<\/p>\n<p style=\"text-align: justify;\">En las recientes d\u00e9cadas, las ciudades y sus entornos han sufrido cambios estructurales, de composici\u00f3n, condici\u00f3n y organizaci\u00f3n, como resultado del acelerado proceso de urbanizaci\u00f3n, asociado al crecimiento demogr\u00e1fico, se resalt\u00f3 durante la inauguraci\u00f3n de la ExpoTaller 2015 de la Facultad de Planeaci\u00f3n Urbana y Regional de la Universidad Aut\u00f3noma del Estado de M\u00e9xico.<\/p>\n<p style=\"text-align: justify;\">En este evento, el secretario de Rector\u00eda de la UAEM, Jos\u00e9 Benjam\u00edn Bernal Suarez, reconoci\u00f3 el esfuerzo de estudiantes de las licenciaturas en Ciencias Ambientales y Planeaci\u00f3n Territorial, as\u00ed como la Maestr\u00eda en Estudios de la Ciudad, quienes a trav\u00e9s de 135 trabajos -96 carteles, nueve maquetas y 34 muestras fotogr\u00e1ficas- plantearon diversas soluciones a dicha problem\u00e1tica.<\/p>\n<p style=\"text-align: justify;\">Acompa\u00f1ado por el director del Instituto Municipal de Planeaci\u00f3n de Toluca, Manuel Pardi\u00f1as Gallegos; el director de Ecolog\u00eda del municipio de Tenancingo, Juan Manuel S\u00e1nchez Pompa, y el director general del Instituto de Informaci\u00f3n e Investigaci\u00f3n Geogr\u00e1fica, Estad\u00edstica y Catastral del Estado de M\u00e9xico, Marcelo Mart\u00ednez Mart\u00ednez, el director de la Facultad, H\u00e9ctor Campos Alan\u00eds, detall\u00f3 que desde hace 12 a\u00f1os, la Facultad organiza esta exposici\u00f3n de trabajos, que deja patente el compromiso de la UAEM con la sociedad.<\/p>\n<p style=\"text-align: justify;\">Apunt\u00f3 que de acuerdo con el INEGI, 78 por ciento de la poblaci\u00f3n total del pa\u00eds habita en zonas urbanas, increment\u00e1ndose en la entidad a 87, de manera que esto genera problemas econ\u00f3micos y ambientales que limitan las posibilidades de acceder a mejores condiciones de vida y un sano esparcimiento.<\/p>\n<p style=\"text-align: justify;\">En este evento, que por segunda ocasi\u00f3n se llev\u00f3 a cabo en la Plaza \u201cJos\u00e9 Mar\u00eda Gonz\u00e1lez Arratia\u201d, Pardi\u00f1as Gallegos subray\u00f3 la importancia de las aportaciones de los estudiantes de la Aut\u00f3noma mexiquense, quienes proponen alternativas de soluci\u00f3n a problem\u00e1ticas municipales, regionales, estatales y nacionales, con la finalidad de contar con ciudades m\u00e1s ordenadas.<\/p>\n<p style=\"text-align: justify;\">Para la elaboraci\u00f3n de sus trabajos, los alumnos de la Facultad de Planeaci\u00f3n Urbana y Regional se basaron en diagn\u00f3sticos sociales, econ\u00f3micos territoriales y ambientales, que les permitieron identificar los escenarios que los llevaron a crear soluciones y propuestas a corto, mediano y largo plazo, bas\u00e1ndose incluso, en el ejemplo de ciudades como New York y Tokio -que alberga 14 mil habitantes por kil\u00f3metro cuadrado.<\/p>\n<p style=\"text-align: justify;\">Cabe mencionar que este ejercicio de difusi\u00f3n constituye un punto de vinculaci\u00f3n de los universitarios con los sectores p\u00fablico, privado y social, con el prop\u00f3sito que temas como la distribuci\u00f3n territorial, el cuidado del ambiente y la mejora de la calidad de vida de los ciudadanos sean tomados en cuenta en la agenda gubernamental.<\/p>\n","protected":false},"excerpt":{"rendered":"<p>&nbsp; A trav\u00e9s de 135 trabajos, estudiantes de las licenciaturas en Ciencias Ambientales y Planeaci\u00f3n Territorial, as\u00ed como la Maestr\u00eda en Estudios de la Ciudad, plantearon soluciones a la problem\u00e1tica ocasionada por el acelerado proceso de urbanizaci\u00f3n. &nbsp; En las recientes d\u00e9cadas, las ciudades y sus entornos han sufrido cambios estructurales, de composici\u00f3n, condici\u00f3n y [&hellip;]<\/p>\n","protected":false},"author":2,"featured_media":0,"comment_status":"open","ping_status":"open","sticky":false,"template":"","format":"standard","meta":{"footnotes":""},"categories":[5,1],"tags":[4521,4522,1004],"class_list":{"0":"post-7630","1":"post","2":"type-post","3":"status-publish","4":"format-standard","6":"category-nota-informativa","7":"category-uncategorized","8":"tag-dr-benjamin-bernal-suarez","9":"tag-facultad-de-planeacion","10":"tag-facultad-de-planeacion-urbana-y-regional"},"wps_subtitle":"","_links":{"self":[{"href":"https:\/\/www.porlalibreedomex.com\/index.php?rest_route=\/wp\/v2\/posts\/7630","targetHints":{"allow":["GET"]}}],"collection":[{"href":"https:\/\/www.porlalibreedomex.com\/index.php?rest_route=\/wp\/v2\/posts"}],"about":[{"href":"https:\/\/www.porlalibreedomex.com\/index.php?rest_route=\/wp\/v2\/types\/post"}],"author":[{"embeddable":true,"href":"https:\/\/www.porlalibreedomex.com\/index.php?rest_route=\/wp\/v2\/users\/2"}],"replies":[{"embeddable":true,"href":"https:\/\/www.porlalibreedomex.com\/index.php?rest_route=%2Fwp%2Fv2%2Fcomments&post=7630"}],"version-history":[{"count":0,"href":"https:\/\/www.porlalibreedomex.com\/index.php?rest_route=\/wp\/v2\/posts\/7630\/revisions"}],"wp:attachment":[{"href":"https:\/\/www.porlalibreedomex.com\/index.php?rest_route=%2Fwp%2Fv2%2Fmedia&parent=7630"}],"wp:term":[{"taxonomy":"category","embeddable":true,"href":"https:\/\/www.porlalibreedomex.com\/index.php?rest_route=%2Fwp%2Fv2%2Fcategories&post=7630"},{"taxonomy":"post_tag","embeddable":true,"href":"https:\/\/www.porlalibreedomex.com\/index.php?rest_route=%2Fwp%2Fv2%2Ftags&post=7630"}],"curies":[{"name":"wp","href":"https:\/\/api.w.org\/{rel}","templated":true}]}}