{"id":7624,"date":"2015-06-14T18:58:31","date_gmt":"2015-06-15T03:58:31","guid":{"rendered":"http:\/\/porlalibre.info\/?p=7624"},"modified":"2015-06-14T18:58:31","modified_gmt":"2015-06-15T03:58:31","slug":"acuerdo-estrategico-gem-y-uaem-por-la-educacion-en-beneficio-de-los-mexiquenses","status":"publish","type":"post","link":"https:\/\/www.porlalibreedomex.com\/?p=7624","title":{"rendered":"ACUERDO ESTRAT\u00c9GICO GEM Y UAEM POR LA EDUCACI\u00d3N, EN BENEFICIO DE LOS MEXIQUENSES"},"content":{"rendered":"<p>&nbsp;<\/p>\n<figure id=\"attachment_7625\" aria-describedby=\"caption-attachment-7625\" style=\"width: 2126px\" class=\"wp-caption aligncenter\"><img loading=\"lazy\" decoding=\"async\" class=\"size-full wp-image-7625\" src=\"http:\/\/porlalibre.info\/wp-content\/uploads\/2015\/06\/Comun.-0490-6.jpg\" alt=\"El gobernador del Estado de M\u00e9xico, Eruviel \u00c1vila Villegas, y el rector de la UAEM, Jorge Olvera Garc\u00eda, firmaron el Acuerdo Estrat\u00e9gico por la Educaci\u00f3n Media Superior y Superior de la entidad, en el marco de la Asamblea General Ordinaria y Extraordinaria de la Asociaci\u00f3n Nacional de Asociaciones y Sindicatos de Personal Acad\u00e9mico Universitario, que tuvo como sede esta casa de estudios.\" width=\"2126\" height=\"1417\" \/><figcaption id=\"caption-attachment-7625\" class=\"wp-caption-text\">El gobernador del Estado de M\u00e9xico, Eruviel \u00c1vila Villegas, y el rector de la UAEM, Jorge Olvera Garc\u00eda, firmaron el Acuerdo Estrat\u00e9gico por la Educaci\u00f3n Media Superior y Superior de la entidad, en el marco de la Asamblea General Ordinaria y Extraordinaria de la Asociaci\u00f3n Nacional de Asociaciones y Sindicatos de Personal Acad\u00e9mico Universitario, que tuvo como sede esta casa de estudios.<\/figcaption><\/figure>\n<ul>\n<li><em>En el marco de la Asamblea General Ordinaria y Extraordinaria de la ANASPAU, el gobernador Eruviel \u00c1vila Villegas y el rector Jorge Olvera Garc\u00eda firmaron el Acuerdo Estrat\u00e9gico por la Educaci\u00f3n Media Superior y Superior de la entidad.<\/em><\/li>\n<li><em>\u201cNo permitiremos que los j\u00f3venes se queden sin estudiar, sobre todo si tienen ese deseo\u201d, sostuvo \u00c1vila Villegas, luego de tomar la protesta correspondiente al reci\u00e9n electo Comit\u00e9 Directivo de la ANASPAU.<\/em><\/li>\n<li><em>Jorge Olvera Garc\u00eda manifest\u00f3 que dicho acuerdo establece las bases de una pol\u00edtica p\u00fablica nacional que permitir\u00eda garantizar que m\u00e1s j\u00f3venes cuenten con una oportunidad de estudios en el Sistema Educativo Estatal para el Ciclo Escolar 2015\u20132016.<\/em><\/li>\n<li><em>El Comit\u00e9 Directivo de la ANASPAU para el Per\u00edodo 2015-2018 ser\u00e1 encabezado por el secretario general de la Federaci\u00f3n de Asociaciones Aut\u00f3nomas de Personal Acad\u00e9mico de la UAEM, V\u00edctor Manuel Pineda Guti\u00e9rrez.<\/em><\/li>\n<\/ul>\n<p>&nbsp;<\/p>\n<p>Por cuarto a\u00f1o consecutivo, el gobernador del Estado de M\u00e9xico, Eruviel \u00c1vila Villegas, y el rector de la Universidad Aut\u00f3noma del Estado de M\u00e9xico, Jorge Olvera Garc\u00eda, firmaron el Acuerdo Estrat\u00e9gico por la Educaci\u00f3n Media Superior y Superior de la entidad, marco en el cual el jefe del ejecutivo mexiquense reconoci\u00f3 el quehacer de la instituci\u00f3n educativa, que le han hecho merecedora a reconocimientos como el Distintivo Tres Estrellas, otorgado recientemente por QS, instancia cuyo ranking tambi\u00e9n la ubica en el Top 60 de Latinoam\u00e9rica, entre las 10 mejores de M\u00e9xico y la tercera con mejor Reputaci\u00f3n Acad\u00e9mica de nuestro pa\u00eds.<\/p>\n<p>En el marco de la Asamblea General Ordinaria y Extraordinaria de la Asociaci\u00f3n Nacional de Asociaciones y Sindicatos de Personal Acad\u00e9mico Universitario (ANASPAU), \u00c1vila Villegas sostuvo que \u201cno permitiremos que los j\u00f3venes se queden sin estudiar, sobre todo si tienen ese deseo\u201d.<\/p>\n<p>Luego de tomar la protesta correspondiente al reci\u00e9n electo Comit\u00e9 Directivo de la ANASPAU, que para el Per\u00edodo 2015-2018, encabezar\u00e1 el secretario general de la Federaci\u00f3n de Asociaciones Aut\u00f3nomas de Personal Acad\u00e9mico de la UAEM, V\u00edctor Manuel Pineda Guti\u00e9rrez, el jefe del ejecutivo mexiquense enfatiz\u00f3 que el Acuerdo permitir\u00e1 a los j\u00f3venes que sean aplazados por el examen que presentaron en la UAEM, tener un espacio en instituciones educativas del sector estatal.<\/p>\n<p>Acompa\u00f1ado por el secretario de Educaci\u00f3n en la entidad, Sim\u00f3n Iv\u00e1n Villar Mart\u00ednez, anunci\u00f3 que en esta ocasi\u00f3n, se ofertan nueve mil lugares, en 405 programas educativos de 40 instituciones que el gobierno mexiquense administra; agreg\u00f3 que en cuatro a\u00f1os, desde que se firm\u00f3 por primera ocasi\u00f3n dicho acuerdo, se han beneficiado 10 mil 200 mexiquenses.<\/p>\n<p>Por otra parte, consider\u00f3 que los recientes reconocimientos ganados por la M\u00e1xima Casa de Estudios mexiquense \u201cs\u00f3lo ratifican su calidad como una de las mejores instituciones de educaci\u00f3n superior de M\u00e9xico y Latinoam\u00e9rica\u201d; hizo un reconocimiento p\u00fablico a la labor del rector, los acad\u00e9micos y la comunidad universitaria en general, cuyo trabajo conjunto le merecen cada vez un m\u00e1s s\u00f3lido prestigio.<\/p>\n<p>En tanto, Jorge Olvera Garc\u00eda manifest\u00f3 que dicho acuerdo trata de una alternativa visionaria que es coherente con la demanda social y sobre todo, con la pol\u00edtica educativa que promueve el Gobierno del Estado de M\u00e9xico.<\/p>\n<p>El Acuerdo Estrat\u00e9gico por la Educaci\u00f3n Media Superior y Superior del Estado de M\u00e9xico, dijo, sienta las bases para el futuro real y palpable de los mexiquenses; adem\u00e1s, establece los cimientos de una pol\u00edtica p\u00fablica nacional que permitir\u00eda garantizar que m\u00e1s j\u00f3venes cuenten con una oportunidad de estudios en el Sistema Educativo Estatal para el Ciclo Escolar 2015\u20132016.<\/p>\n<p>Ante el presidente municipal de Toluca, Braulio Antonio \u00c1lvarez Jasso, y el secretario general de la Confederaci\u00f3n Nacional de Trabajadores Universitarios (CONTU), Jos\u00e9 Enrique Levet Gorozpe, el rector de la Aut\u00f3noma mexiquense opin\u00f3 que acciones como \u00e9sta abren las puertas al desarrollo de la poblaci\u00f3n, pues la \u201ceducaci\u00f3n es igualador social y otorgarla es un acto de justicia social que genera una sociedad m\u00e1s equitativa\u201d.<\/p>\n<p>En este contexto, Jorge Olvera Garc\u00eda reiter\u00f3 el reconocimiento de la comunidad universitaria hacia el gobernador Eruviel \u00c1vila Villegas, por el irrestricto apoyo a la agenda educativa del nivel medio y superior de la UAEM.<\/p>\n<p>Antes, Jos\u00e9 Enrique Levet Gorozpe habl\u00f3 de los retos que enfrenta la educaci\u00f3n superior p\u00fablica en M\u00e9xico; asever\u00f3 que \u201clos universitarios tenemos la convicci\u00f3n para avanzar en el cumplimiento de las metas que exige el desarrollo del pa\u00eds, a trav\u00e9s de instituciones de alta calidad, como la Universidad Aut\u00f3noma del Estado de M\u00e9xico\u201d.<\/p>\n<p>Por su parte, V\u00edctor Manuel Pineda Guti\u00e9rrez agradeci\u00f3 la presencia de los representantes de los 64 sindicatos y asociaciones que agrupa la ANASPAU, \u201cinstancia que se ha caracterizado por la defensa de los contratos colectivos de trabajo de los acad\u00e9micos de las instituciones de educaci\u00f3n superior, que se consolidan como pilares fundamentales del desarrollo de la sociedad\u201d.<\/p>\n<p>El secretario general de la FAAPAUAEM asegur\u00f3 que el sindicalismo acad\u00e9mico apoya los acuerdos con las instancias federales, estatales y actores pol\u00edticos, porque ello incide en mejores ambientes para las universidades y tambi\u00e9n en las condiciones de vida de los acad\u00e9micos.<\/p>\n","protected":false},"excerpt":{"rendered":"<p>&nbsp; En el marco de la Asamblea General Ordinaria y Extraordinaria de la ANASPAU, el gobernador Eruviel \u00c1vila Villegas y el rector Jorge Olvera Garc\u00eda firmaron el Acuerdo Estrat\u00e9gico por la Educaci\u00f3n Media Superior y Superior de la entidad. \u201cNo permitiremos que los j\u00f3venes se queden sin estudiar, sobre todo si tienen ese deseo\u201d, sostuvo [&hellip;]<\/p>\n","protected":false},"author":2,"featured_media":0,"comment_status":"open","ping_status":"open","sticky":false,"template":"","format":"standard","meta":{"footnotes":""},"categories":[5,1],"tags":[4517,4518,1888,198],"class_list":{"0":"post-7624","1":"post","2":"type-post","3":"status-publish","4":"format-standard","6":"category-nota-informativa","7":"category-uncategorized","8":"tag-anaspau","9":"tag-convenio-uaem-gem","10":"tag-dr-jorge-olvera-garcia","11":"tag-eruviel-avila-villegas"},"wps_subtitle":"","_links":{"self":[{"href":"https:\/\/www.porlalibreedomex.com\/index.php?rest_route=\/wp\/v2\/posts\/7624","targetHints":{"allow":["GET"]}}],"collection":[{"href":"https:\/\/www.porlalibreedomex.com\/index.php?rest_route=\/wp\/v2\/posts"}],"about":[{"href":"https:\/\/www.porlalibreedomex.com\/index.php?rest_route=\/wp\/v2\/types\/post"}],"author":[{"embeddable":true,"href":"https:\/\/www.porlalibreedomex.com\/index.php?rest_route=\/wp\/v2\/users\/2"}],"replies":[{"embeddable":true,"href":"https:\/\/www.porlalibreedomex.com\/index.php?rest_route=%2Fwp%2Fv2%2Fcomments&post=7624"}],"version-history":[{"count":0,"href":"https:\/\/www.porlalibreedomex.com\/index.php?rest_route=\/wp\/v2\/posts\/7624\/revisions"}],"wp:attachment":[{"href":"https:\/\/www.porlalibreedomex.com\/index.php?rest_route=%2Fwp%2Fv2%2Fmedia&parent=7624"}],"wp:term":[{"taxonomy":"category","embeddable":true,"href":"https:\/\/www.porlalibreedomex.com\/index.php?rest_route=%2Fwp%2Fv2%2Fcategories&post=7624"},{"taxonomy":"post_tag","embeddable":true,"href":"https:\/\/www.porlalibreedomex.com\/index.php?rest_route=%2Fwp%2Fv2%2Ftags&post=7624"}],"curies":[{"name":"wp","href":"https:\/\/api.w.org\/{rel}","templated":true}]}}