{"id":75516,"date":"2026-05-01T23:16:58","date_gmt":"2026-05-02T05:16:58","guid":{"rendered":"https:\/\/www.porlalibreedomex.com\/?p=75516"},"modified":"2026-05-01T23:16:58","modified_gmt":"2026-05-02T05:16:58","slug":"impulsa-uaemex-colaboracion-multisectorial-con-impacto-social","status":"publish","type":"post","link":"https:\/\/www.porlalibreedomex.com\/?p=75516","title":{"rendered":"Impulsa UAEM\u00e9x colaboraci\u00f3n multisectorial con impacto social"},"content":{"rendered":"<p>\ud83d\udfe2\ud83d\udfe1<\/p>\n<p><em>\u2022 <strong>Ante el Consejo Ciudadano de Toluca, la rectora de la Universidad Aut\u00f3noma del Estado de M\u00e9xico, Martha Patricia Zarza Delgado, subray\u00f3 que la articulaci\u00f3n entre academia, sociedad civil y sector p\u00fablico fortalece el tejido social.<\/strong><\/em><br \/>\n<em><strong>\u2022 Con el primer \u201cLauro a la Eficacia Femenina Martha Hilda Gonz\u00e1lez Calder\u00f3n\u201d, el organismo reconoci\u00f3 su trayectoria y liderazgo al frente de la instituci\u00f3n.<\/strong><\/em><\/p>\n<p><strong>Toluca, M\u00e9xico, 29 de abril de 2026.<\/strong> Las organizaciones de la sociedad civil son fundamentales en la construcci\u00f3n del bienestar colectivo, al generar v\u00ednculos permanentes que contribuyen a mejorar las condiciones de vida en sus comunidades, afirm\u00f3 la rectora de la Universidad Aut\u00f3noma del Estado de M\u00e9xico (UAEM\u00e9x), Martha Patricia Zarza Delgado, durante la reuni\u00f3n que sostuvo con integrantes del Consejo Ciudadano de Toluca.<br \/>\nEn este encuentro, la rectora reconoci\u00f3 al Consejo como un espacio plural que impulsa la colaboraci\u00f3n entre distintos sectores y visibiliza el esfuerzo cotidiano de personas comprometidas con su entorno, destacando que la articulaci\u00f3n entre ciudadan\u00eda organizada e instituciones fortalece el tejido social y favorece la construcci\u00f3n de comunidades m\u00e1s incluyentes, solidarias y participativas.<br \/>\nDurante la reuni\u00f3n, a la que asisti\u00f3 el presidente del Consejo, V\u00edctor Quiroz Santib\u00e1\u00f1ez, Zarza Delgado recibi\u00f3 el primer \u201cLauro a la Eficacia Femenina Martha Hilda Gonz\u00e1lez Calder\u00f3n\u201d. En este marco, subray\u00f3 que los logros, tanto institucionales como personales, no pueden entenderse de manera aislada, sino como resultado de procesos colectivos en los que convergen la academia, la sociedad civil, el sector p\u00fablico y los liderazgos sociales.<br \/>\nSe\u00f1al\u00f3 que el reconocimiento a mujeres que transforman sus comunidades refleja una din\u00e1mica multisectorial donde \u00e1mbitos como la educaci\u00f3n, los derechos humanos, las pol\u00edticas p\u00fablicas y el activismo se articulan para generar cambios estructurales y ampliar las oportunidades de desarrollo social.<br \/>\nEn la Sala de Rectores del Edificio de Rector\u00eda, la rectora plante\u00f3 la necesidad de fortalecer el trabajo conjunto entre la universidad y la sociedad mediante alianzas estrat\u00e9gicas que permitan ampliar la visibilidad de actores sociales y potenciar su impacto. En el contexto del bicentenario universitario, destac\u00f3 la oportunidad de consolidar sinergias entre la comunidad acad\u00e9mica y otros sectores para impulsar el desarrollo pol\u00edtico, social, econ\u00f3mico y cient\u00edfico.<br \/>\nEsta visi\u00f3n, dijo, reafirma el compromiso de la UAEM\u00e9x de mantenerse abierta a la colaboraci\u00f3n, bajo la premisa de que solo a trav\u00e9s del trabajo multisectorial es posible avanzar hacia una sociedad m\u00e1s equitativa y con mayores oportunidades para todas y todos.<br \/>\nPor su parte, V\u00edctor Quiroz Santib\u00e1\u00f1ez destac\u00f3 que el reconocimiento otorgado responde no solo al car\u00e1cter hist\u00f3rico de Zarza Delgado como primera rectora de la instituci\u00f3n, sino tambi\u00e9n a la solidez de su trayectoria y a la visi\u00f3n que impulsa al frente de la universidad.<br \/>\nIndic\u00f3 que, tras analizar el Plan Rector de Desarrollo de la Administraci\u00f3n Universitaria 2025-2029, el Consejo identific\u00f3 una ruta estrat\u00e9gica clara para atender los desaf\u00edos actuales y fortalecer el futuro de la comunidad universitaria.<br \/>\nEn tanto, la acad\u00e9mica e integrante del Consejo, Diana Elisa Gonz\u00e1lez Calder\u00f3n, se\u00f1al\u00f3 que el lauro reconoce tanto la trayectoria acad\u00e9mica y administrativa de la rectora como su papel hist\u00f3rico al encabezar la instituci\u00f3n a casi 200 a\u00f1os de su fundaci\u00f3n.<br \/>\nAsimismo, subray\u00f3 que la distinci\u00f3n recupera el legado de su hermana Martha Hilda Gonz\u00e1lez Calder\u00f3n como promotora de la participaci\u00f3n ciudadana y del liderazgo femenino, posicionando a Zarza Delgado como un referente del avance de las mujeres en espacios de toma de decisiones.<br \/>\nFinalmente, destac\u00f3 que el reconocimiento distingue valores como la verdad, la bondad, la fuerza y la luz, adem\u00e1s del compromiso de la rectora con la educaci\u00f3n p\u00fablica, la inclusi\u00f3n y el fortalecimiento del v\u00ednculo entre la universidad y la sociedad.<br \/>\nTambi\u00e9n agradeci\u00f3 la creaci\u00f3n del lauro, al considerar que refleja una visi\u00f3n orientada a impulsar decisiones colectivas desde la cercan\u00eda con la ciudadan\u00eda, especialmente en beneficio de mujeres y grupos en situaci\u00f3n de vulnerabilidad.<\/p>\n","protected":false},"excerpt":{"rendered":"<p>\ud83d\udfe2\ud83d\udfe1 \u2022 Ante el Consejo Ciudadano de Toluca, la rectora de la Universidad Aut\u00f3noma del Estado de M\u00e9xico, Martha Patricia Zarza Delgado, subray\u00f3 que la articulaci\u00f3n entre academia, sociedad civil y sector p\u00fablico fortalece el tejido social. \u2022 Con el primer \u201cLauro a la Eficacia Femenina Martha Hilda Gonz\u00e1lez Calder\u00f3n\u201d, el organismo reconoci\u00f3 su trayectoria [&hellip;]<\/p>\n","protected":false},"author":3,"featured_media":75517,"comment_status":"closed","ping_status":"closed","sticky":false,"template":"","format":"standard","meta":{"footnotes":""},"categories":[9157,16],"tags":[35779,35777,35780,15276,34650,14556,35778],"class_list":{"0":"post-75516","1":"post","2":"type-post","3":"status-publish","4":"format-standard","5":"has-post-thumbnail","7":"category-edomex","8":"category-foto","9":"tag-acuerdo-de-colaboracion-uaemex-consejo-ciudadano-toluc","10":"tag-consejo-ciudadano-de-toluca","11":"tag-elisa-gonzalez-calderon","12":"tag-laura-pavon-jaramillo","13":"tag-rectora-martha-patricia-zarza-delgado","14":"tag-victor-quiroz-santibanez","15":"tag-vinculacion-con-la-uaemex"},"wps_subtitle":"","_links":{"self":[{"href":"https:\/\/www.porlalibreedomex.com\/index.php?rest_route=\/wp\/v2\/posts\/75516","targetHints":{"allow":["GET"]}}],"collection":[{"href":"https:\/\/www.porlalibreedomex.com\/index.php?rest_route=\/wp\/v2\/posts"}],"about":[{"href":"https:\/\/www.porlalibreedomex.com\/index.php?rest_route=\/wp\/v2\/types\/post"}],"author":[{"embeddable":true,"href":"https:\/\/www.porlalibreedomex.com\/index.php?rest_route=\/wp\/v2\/users\/3"}],"replies":[{"embeddable":true,"href":"https:\/\/www.porlalibreedomex.com\/index.php?rest_route=%2Fwp%2Fv2%2Fcomments&post=75516"}],"version-history":[{"count":1,"href":"https:\/\/www.porlalibreedomex.com\/index.php?rest_route=\/wp\/v2\/posts\/75516\/revisions"}],"predecessor-version":[{"id":75518,"href":"https:\/\/www.porlalibreedomex.com\/index.php?rest_route=\/wp\/v2\/posts\/75516\/revisions\/75518"}],"wp:featuredmedia":[{"embeddable":true,"href":"https:\/\/www.porlalibreedomex.com\/index.php?rest_route=\/wp\/v2\/media\/75517"}],"wp:attachment":[{"href":"https:\/\/www.porlalibreedomex.com\/index.php?rest_route=%2Fwp%2Fv2%2Fmedia&parent=75516"}],"wp:term":[{"taxonomy":"category","embeddable":true,"href":"https:\/\/www.porlalibreedomex.com\/index.php?rest_route=%2Fwp%2Fv2%2Fcategories&post=75516"},{"taxonomy":"post_tag","embeddable":true,"href":"https:\/\/www.porlalibreedomex.com\/index.php?rest_route=%2Fwp%2Fv2%2Ftags&post=75516"}],"curies":[{"name":"wp","href":"https:\/\/api.w.org\/{rel}","templated":true}]}}