{"id":75500,"date":"2026-04-28T01:57:54","date_gmt":"2026-04-28T07:57:54","guid":{"rendered":"https:\/\/www.porlalibreedomex.com\/?p=75500"},"modified":"2026-04-29T01:58:43","modified_gmt":"2026-04-29T07:58:43","slug":"periferico-oriente-y-via-central-dos-obras-que-el-gem-rehabilita-para-mejorar-la-movilidad-de-180-mil-automovilistas-rumbo-a-la-justa-mundialista","status":"publish","type":"post","link":"https:\/\/www.porlalibreedomex.com\/?p=75500","title":{"rendered":"Perif\u00e9rico Oriente y V\u00eda Central, dos obras que el GEM rehabilita para mejorar la movilidad de 180 mil automovilistas rumbo a la justa mundialista"},"content":{"rendered":"<p>&nbsp;<\/p>\n<p><strong>* Los proyectos se realizan en Nezahualc\u00f3yotl y Ecatepec en beneficio de 2 millones de personas, para hacer de \u201c2026, A\u00f1o de las Obras en EdoM\u00e9x\u201d.<\/strong><\/p>\n<p><strong>* Se incluye la renovaci\u00f3n de carpeta asf\u00e1ltica, renivelaci\u00f3n de pozos y rejillas, mejoras en el drenaje y reposici\u00f3n de luminarias.<\/strong><\/p>\n<p><strong>NEZAHUALC\u00d3YOTL, Estado de M\u00e9xico.\u2013<\/strong> Como parte de la estrategia de la Gobernadora Delfina G\u00f3mez \u00c1lvarez de recuperar y modernizar la red carretera y facilitar la movilidad durante la justa mundialista, el Gobierno del Estado de M\u00e9xico rehabilita la Avenida Central y la Avenida Perif\u00e9rico Oriente; acci\u00f3n que beneficiar\u00e1 a 2 millones de personas y a 180 mil veh\u00edculos diariamente.<\/p>\n<p>\u201cEran vialidades que fueron abandonados por d\u00e9cadas y que ahorita estamos interviniendo. En Avenida Central 3.8 kil\u00f3metros pertenecen a Nezahualc\u00f3yotl y 5 kil\u00f3metros que pertenecen al municipio de Ecatepec, estamos hablando de una intervenci\u00f3n de casi 9 kil\u00f3metros\u201d, indic\u00f3 Joel Gonz\u00e1lez Toral, Director General de la Junta de Caminos del Estado de M\u00e9xico.<\/p>\n<p>Detall\u00f3 que los trabajos en Avenida Central llevan un avance del 70 por ciento. En tanto, la rehabilitaci\u00f3n del Perif\u00e9rico Oriente se realiza a lo largo de 5.4 kil\u00f3metros, desde el R\u00edo de los Remedios hasta los puentes de la Alameda Oriente, donde se tiene un progreso del 85 por ciento.<\/p>\n<figure id=\"attachment_75502\" aria-describedby=\"caption-attachment-75502\" style=\"width: 696px\" class=\"wp-caption aligncenter\"><a href=\"https:\/\/www.porlalibreedomex.com\/wp-content\/uploads\/2026\/04\/Periferico-Oriente-y-Via-Central-dos-obras-que-Gobierno-el-EdoMex-rehabilita-para-mejorar-la-movilidad-de-180-mil-automovilistas-rumbo-a-la-justa-mundialista.jpeg\"><img loading=\"lazy\" decoding=\"async\" class=\"size-large wp-image-75502\" src=\"https:\/\/www.porlalibreedomex.com\/wp-content\/uploads\/2026\/04\/Periferico-Oriente-y-Via-Central-dos-obras-que-Gobierno-el-EdoMex-rehabilita-para-mejorar-la-movilidad-de-180-mil-automovilistas-rumbo-a-la-justa-mundialista-1024x682.jpeg\" alt=\"\" width=\"696\" height=\"464\" srcset=\"https:\/\/www.porlalibreedomex.com\/wp-content\/uploads\/2026\/04\/Periferico-Oriente-y-Via-Central-dos-obras-que-Gobierno-el-EdoMex-rehabilita-para-mejorar-la-movilidad-de-180-mil-automovilistas-rumbo-a-la-justa-mundialista-1024x682.jpeg 1024w, https:\/\/www.porlalibreedomex.com\/wp-content\/uploads\/2026\/04\/Periferico-Oriente-y-Via-Central-dos-obras-que-Gobierno-el-EdoMex-rehabilita-para-mejorar-la-movilidad-de-180-mil-automovilistas-rumbo-a-la-justa-mundialista-300x200.jpeg 300w, https:\/\/www.porlalibreedomex.com\/wp-content\/uploads\/2026\/04\/Periferico-Oriente-y-Via-Central-dos-obras-que-Gobierno-el-EdoMex-rehabilita-para-mejorar-la-movilidad-de-180-mil-automovilistas-rumbo-a-la-justa-mundialista-768x512.jpeg 768w, https:\/\/www.porlalibreedomex.com\/wp-content\/uploads\/2026\/04\/Periferico-Oriente-y-Via-Central-dos-obras-que-Gobierno-el-EdoMex-rehabilita-para-mejorar-la-movilidad-de-180-mil-automovilistas-rumbo-a-la-justa-mundialista-1536x1023.jpeg 1536w, https:\/\/www.porlalibreedomex.com\/wp-content\/uploads\/2026\/04\/Periferico-Oriente-y-Via-Central-dos-obras-que-Gobierno-el-EdoMex-rehabilita-para-mejorar-la-movilidad-de-180-mil-automovilistas-rumbo-a-la-justa-mundialista-696x464.jpeg 696w, https:\/\/www.porlalibreedomex.com\/wp-content\/uploads\/2026\/04\/Periferico-Oriente-y-Via-Central-dos-obras-que-Gobierno-el-EdoMex-rehabilita-para-mejorar-la-movilidad-de-180-mil-automovilistas-rumbo-a-la-justa-mundialista-1068x712.jpeg 1068w, https:\/\/www.porlalibreedomex.com\/wp-content\/uploads\/2026\/04\/Periferico-Oriente-y-Via-Central-dos-obras-que-Gobierno-el-EdoMex-rehabilita-para-mejorar-la-movilidad-de-180-mil-automovilistas-rumbo-a-la-justa-mundialista-630x420.jpeg 630w, https:\/\/www.porlalibreedomex.com\/wp-content\/uploads\/2026\/04\/Periferico-Oriente-y-Via-Central-dos-obras-que-Gobierno-el-EdoMex-rehabilita-para-mejorar-la-movilidad-de-180-mil-automovilistas-rumbo-a-la-justa-mundialista.jpeg 1600w\" sizes=\"auto, (max-width: 696px) 100vw, 696px\" \/><\/a><figcaption id=\"caption-attachment-75502\" class=\"wp-caption-text\">Perif\u00e9rico Oriente y V\u00eda Central, dos obras que Gobierno el EdoM\u00e9x rehabilita para mejorar la movilidad de 180 mil automovilistas rumbo a la justa mundialista<\/figcaption><\/figure>\n<p>\u201cLos trabajos consisten en terracer\u00edas, fresado de carpeta, el tendido de la carpeta asf\u00e1ltica, la reposici\u00f3n de luminarias, se\u00f1alizaci\u00f3n horizontal y vertical, renivelaciones de pozos y la construcci\u00f3n de banquetas y guarniciones\u201d, se\u00f1al\u00f3 Ana Yelly Vera Vargas, Residente de la Regi\u00f3n Texcoco de la Junta de Caminos<\/p>\n<p>Este proyecto, que se suma al objetivo de hacer de \u201c2026, A\u00f1o de las Obras en EdoM\u00e9x\u201d, tambi\u00e9n contempla jornadas de limpieza en camellones y carriles laterales en coordinaci\u00f3n con autoridades municipales, adem\u00e1s de trabajos complementarios como senderos seguros y renovaci\u00f3n de puentes para mejorar la imagen urbana.<\/p>\n","protected":false},"excerpt":{"rendered":"<p>&nbsp; * Los proyectos se realizan en Nezahualc\u00f3yotl y Ecatepec en beneficio de 2 millones de personas, para hacer de \u201c2026, A\u00f1o de las Obras en EdoM\u00e9x\u201d. * Se incluye la renovaci\u00f3n de carpeta asf\u00e1ltica, renivelaci\u00f3n de pozos y rejillas, mejoras en el drenaje y reposici\u00f3n de luminarias. NEZAHUALC\u00d3YOTL, Estado de M\u00e9xico.\u2013 Como parte de [&hellip;]<\/p>\n","protected":false},"author":3,"featured_media":75501,"comment_status":"closed","ping_status":"closed","sticky":false,"template":"","format":"standard","meta":{"footnotes":""},"categories":[12273,9157,16],"tags":[35769,13478,35767,35768,35766],"class_list":{"0":"post-75500","1":"post","2":"type-post","3":"status-publish","4":"format-standard","5":"has-post-thumbnail","7":"category-comunicaciones-y-transportes","8":"category-edomex","9":"category-foto","10":"tag-joel-gonzalez-toral","11":"tag-junta-de-caminos-del-estado-de-mexico","12":"tag-mejoran-vialidades-antes-del-mundial","13":"tag-obras-viales-en-ciudad-nezahuacoyotl","14":"tag-remodelan-periferico-oriente-y-via-central"},"wps_subtitle":"","_links":{"self":[{"href":"https:\/\/www.porlalibreedomex.com\/index.php?rest_route=\/wp\/v2\/posts\/75500","targetHints":{"allow":["GET"]}}],"collection":[{"href":"https:\/\/www.porlalibreedomex.com\/index.php?rest_route=\/wp\/v2\/posts"}],"about":[{"href":"https:\/\/www.porlalibreedomex.com\/index.php?rest_route=\/wp\/v2\/types\/post"}],"author":[{"embeddable":true,"href":"https:\/\/www.porlalibreedomex.com\/index.php?rest_route=\/wp\/v2\/users\/3"}],"replies":[{"embeddable":true,"href":"https:\/\/www.porlalibreedomex.com\/index.php?rest_route=%2Fwp%2Fv2%2Fcomments&post=75500"}],"version-history":[{"count":1,"href":"https:\/\/www.porlalibreedomex.com\/index.php?rest_route=\/wp\/v2\/posts\/75500\/revisions"}],"predecessor-version":[{"id":75503,"href":"https:\/\/www.porlalibreedomex.com\/index.php?rest_route=\/wp\/v2\/posts\/75500\/revisions\/75503"}],"wp:featuredmedia":[{"embeddable":true,"href":"https:\/\/www.porlalibreedomex.com\/index.php?rest_route=\/wp\/v2\/media\/75501"}],"wp:attachment":[{"href":"https:\/\/www.porlalibreedomex.com\/index.php?rest_route=%2Fwp%2Fv2%2Fmedia&parent=75500"}],"wp:term":[{"taxonomy":"category","embeddable":true,"href":"https:\/\/www.porlalibreedomex.com\/index.php?rest_route=%2Fwp%2Fv2%2Fcategories&post=75500"},{"taxonomy":"post_tag","embeddable":true,"href":"https:\/\/www.porlalibreedomex.com\/index.php?rest_route=%2Fwp%2Fv2%2Ftags&post=75500"}],"curies":[{"name":"wp","href":"https:\/\/api.w.org\/{rel}","templated":true}]}}