{"id":75494,"date":"2026-04-28T20:03:14","date_gmt":"2026-04-29T02:03:14","guid":{"rendered":"https:\/\/www.porlalibreedomex.com\/?p=75494"},"modified":"2026-04-28T20:03:14","modified_gmt":"2026-04-29T02:03:14","slug":"por-la-libre-ana-lilia-herrera-entrega-el-grupo-501-a-morena","status":"publish","type":"post","link":"https:\/\/www.porlalibreedomex.com\/?p=75494","title":{"rendered":"POR LA LIBRE: Ana Lilia Herrera entrega el Grupo 50+1  a Morena"},"content":{"rendered":"<p>Antonio Ju\u00e1rez<br \/>\nEl fin de semana anterior se realiz\u00f3 el cambio de presidenta del grupo denominado<br \/>\n50+1 Integrado s\u00f3lo por mujeres, lo cual de ninguna manera resultar\u00eda extra\u00f1o, a no ser que\u00a0 el cambio represent\u00f3 otra posici\u00f3n perdida por el Partido Revolucionario Institucional, pues lo encabezaba la expresidenta de ese partido en la entidad, Ana Lilia Herrera Anzaldo, y entreg\u00f3 el cargo a la diputada morenista M\u00f3nica \u00c1lvarez Nemer.<br \/>\nEl discurso de 50 m\u00e1s 1 es totalmente feminista, pero no pude ignorarse que lo integran en su mayor\u00eda mujeres que se desempe\u00f1an en el medio pol\u00edtico, y en este evento que tuvo lugar en la C\u00e1mara de Diputados en Toluca, estuvo la gobernadora Delfina G\u00f3mez \u00c1lvarez, que fue quien hizo la clausura, pero antes acept\u00f3 la invitaci\u00f3n que le hizo Mar\u00eda Elena Orantes, presidenta internacional de esa organizaci\u00f3n, a sumarse a sus filas, por lo que dijo, es la primera gobernadora que se integra.<br \/>\nLa denominaci\u00f3n de \u201cinternacional\u201d del cargo de Mar\u00eda Elena \u201cla Nena\u201d Orantes se debe a que ya se formaron grupos o cap\u00edtulos como les llaman ellas, de 50 m\u00e1s 1 en Canad\u00e1, Estados unidos y en Angola! La verdad no me imagino cu\u00e1l es el inter\u00e9s de formar ese grupo en \u00c1frica, pero en fin.<\/p>\n<div id='gallery-1' class='gallery galleryid-75494 gallery-columns-3 gallery-size-large'><figure class='gallery-item'>\n\t\t\t<div class='gallery-icon landscape'>\n\t\t\t\t<a href='https:\/\/www.porlalibreedomex.com\/?attachment_id=75496'><img loading=\"lazy\" decoding=\"async\" width=\"696\" height=\"522\" src=\"https:\/\/www.porlalibreedomex.com\/wp-content\/uploads\/2026\/04\/La-gobernadora-Delfina-Gomez-es-ahora-de-50-mas-1s-1024x768.jpg\" class=\"attachment-large size-large\" alt=\"\" aria-describedby=\"gallery-1-75496\" srcset=\"https:\/\/www.porlalibreedomex.com\/wp-content\/uploads\/2026\/04\/La-gobernadora-Delfina-Gomez-es-ahora-de-50-mas-1s-1024x768.jpg 1024w, https:\/\/www.porlalibreedomex.com\/wp-content\/uploads\/2026\/04\/La-gobernadora-Delfina-Gomez-es-ahora-de-50-mas-1s-300x225.jpg 300w, https:\/\/www.porlalibreedomex.com\/wp-content\/uploads\/2026\/04\/La-gobernadora-Delfina-Gomez-es-ahora-de-50-mas-1s-768x576.jpg 768w, https:\/\/www.porlalibreedomex.com\/wp-content\/uploads\/2026\/04\/La-gobernadora-Delfina-Gomez-es-ahora-de-50-mas-1s-1536x1152.jpg 1536w, https:\/\/www.porlalibreedomex.com\/wp-content\/uploads\/2026\/04\/La-gobernadora-Delfina-Gomez-es-ahora-de-50-mas-1s-2048x1536.jpg 2048w, https:\/\/www.porlalibreedomex.com\/wp-content\/uploads\/2026\/04\/La-gobernadora-Delfina-Gomez-es-ahora-de-50-mas-1s-696x522.jpg 696w, https:\/\/www.porlalibreedomex.com\/wp-content\/uploads\/2026\/04\/La-gobernadora-Delfina-Gomez-es-ahora-de-50-mas-1s-1068x801.jpg 1068w, https:\/\/www.porlalibreedomex.com\/wp-content\/uploads\/2026\/04\/La-gobernadora-Delfina-Gomez-es-ahora-de-50-mas-1s-560x420.jpg 560w, https:\/\/www.porlalibreedomex.com\/wp-content\/uploads\/2026\/04\/La-gobernadora-Delfina-Gomez-es-ahora-de-50-mas-1s-80x60.jpg 80w, https:\/\/www.porlalibreedomex.com\/wp-content\/uploads\/2026\/04\/La-gobernadora-Delfina-Gomez-es-ahora-de-50-mas-1s-265x198.jpg 265w\" sizes=\"auto, (max-width: 696px) 100vw, 696px\" \/><\/a>\n\t\t\t<\/div>\n\t\t\t\t<figcaption class='wp-caption-text gallery-caption' id='gallery-1-75496'>\n\t\t\t\tLa gobernadora Delfina G\u00f3mez es ahora de 50 m\u00e1s 1s\n\t\t\t\t<\/figcaption><\/figure><figure class='gallery-item'>\n\t\t\t<div class='gallery-icon landscape'>\n\t\t\t\t<a href='https:\/\/www.porlalibreedomex.com\/?attachment_id=75497'><img loading=\"lazy\" decoding=\"async\" width=\"696\" height=\"522\" src=\"https:\/\/www.porlalibreedomex.com\/wp-content\/uploads\/2026\/04\/Diputada-Monica-Alvarez-Nemer-ahora-preside-50-mas-1-Capitulo-Estado-de-Mexico-1024x768.jpg\" class=\"attachment-large size-large\" alt=\"\" aria-describedby=\"gallery-1-75497\" srcset=\"https:\/\/www.porlalibreedomex.com\/wp-content\/uploads\/2026\/04\/Diputada-Monica-Alvarez-Nemer-ahora-preside-50-mas-1-Capitulo-Estado-de-Mexico-1024x768.jpg 1024w, https:\/\/www.porlalibreedomex.com\/wp-content\/uploads\/2026\/04\/Diputada-Monica-Alvarez-Nemer-ahora-preside-50-mas-1-Capitulo-Estado-de-Mexico-300x225.jpg 300w, https:\/\/www.porlalibreedomex.com\/wp-content\/uploads\/2026\/04\/Diputada-Monica-Alvarez-Nemer-ahora-preside-50-mas-1-Capitulo-Estado-de-Mexico-768x576.jpg 768w, https:\/\/www.porlalibreedomex.com\/wp-content\/uploads\/2026\/04\/Diputada-Monica-Alvarez-Nemer-ahora-preside-50-mas-1-Capitulo-Estado-de-Mexico-1536x1152.jpg 1536w, https:\/\/www.porlalibreedomex.com\/wp-content\/uploads\/2026\/04\/Diputada-Monica-Alvarez-Nemer-ahora-preside-50-mas-1-Capitulo-Estado-de-Mexico-2048x1536.jpg 2048w, https:\/\/www.porlalibreedomex.com\/wp-content\/uploads\/2026\/04\/Diputada-Monica-Alvarez-Nemer-ahora-preside-50-mas-1-Capitulo-Estado-de-Mexico-696x522.jpg 696w, https:\/\/www.porlalibreedomex.com\/wp-content\/uploads\/2026\/04\/Diputada-Monica-Alvarez-Nemer-ahora-preside-50-mas-1-Capitulo-Estado-de-Mexico-1068x801.jpg 1068w, https:\/\/www.porlalibreedomex.com\/wp-content\/uploads\/2026\/04\/Diputada-Monica-Alvarez-Nemer-ahora-preside-50-mas-1-Capitulo-Estado-de-Mexico-560x420.jpg 560w, https:\/\/www.porlalibreedomex.com\/wp-content\/uploads\/2026\/04\/Diputada-Monica-Alvarez-Nemer-ahora-preside-50-mas-1-Capitulo-Estado-de-Mexico-80x60.jpg 80w, https:\/\/www.porlalibreedomex.com\/wp-content\/uploads\/2026\/04\/Diputada-Monica-Alvarez-Nemer-ahora-preside-50-mas-1-Capitulo-Estado-de-Mexico-265x198.jpg 265w\" sizes=\"auto, (max-width: 696px) 100vw, 696px\" \/><\/a>\n\t\t\t<\/div>\n\t\t\t\t<figcaption class='wp-caption-text gallery-caption' id='gallery-1-75497'>\n\t\t\t\tDiputada M\u00f3nica \u00c1lvarez Nemer, ahora preside 50 m\u00e1s 1 Cap\u00edtulo Estado de M\u00e9xico\n\t\t\t\t<\/figcaption><\/figure>\n\t\t<\/div>\n\n<p>No lo quieren ver as\u00ed, pero el cambio en la presidencia del grupo es una p\u00e9rdida para el Partido Revolucionario Institucional, de una o de otra manera y cabe el comentario de que hace unos d\u00edas hizo p\u00fablica su salida de las filas del tricolor Carolina Monroy del Mazo.<br \/>\nSe comenta que el cambio no es fortuito y que la conexi\u00f3n con Miguel S\u00e1mano, hoy pieza clave en el Partido Verde, revela una alianza estrat\u00e9gica dentro del \u00e1rea de influencia del exgobernador Arturo Montiel.<br \/>\nLa entrega de la dirigencia del colectivo 50+1 a la diputada federal morenista M\u00f3nica \u00c1lvarez Nemer no es solo un relevo administrativo; es una entrega de estafeta simb\u00f3lica que estar\u00eda confirmando el cambio de bando de Herrera, que busca cobijo en un poder emergente.<br \/>\nPor otra parte, y tambi\u00e9n dentro del tema de mujeres y pol\u00edtica, hace unos d\u00edas, mujeres l\u00edderes de Acci\u00f3n Nacional reconocieron y respaldaron el trabajo que ha realizado Ira\u00ed Albarr\u00e1n Segura al frente del Sistema Municipal DIF de Metepec, contribuyendo en su \u00e1mbito de competencia a posicionar a Metepec como uno de los mejor evaluados en este rubro.<br \/>\nLas l\u00edderes panistas subrayaron la necesidad de fortalecer la participaci\u00f3n pol\u00edtica de las mujeres bajo los principios rectores del partido, as\u00ed como en la defensa de sus derechos y la construcci\u00f3n de espacios incluyentes, donde su voz tenga mayor incidencia en la toma de decisiones. Dicen los que saben que no hay que perder de vista a la primera dama del municipio del \u00c1rbol de la Vida.<br \/>\nNos leemos y cu\u00eddese mucho.<\/p>\n","protected":false},"excerpt":{"rendered":"<p>Antonio Ju\u00e1rez El fin de semana anterior se realiz\u00f3 el cambio de presidenta del grupo denominado 50+1 Integrado s\u00f3lo por mujeres, lo cual de ninguna manera resultar\u00eda extra\u00f1o, a no ser que\u00a0 el cambio represent\u00f3 otra posici\u00f3n perdida por el Partido Revolucionario Institucional, pues lo encabezaba la expresidenta de ese partido en la entidad, Ana [&hellip;]<\/p>\n","protected":false},"author":3,"featured_media":75495,"comment_status":"closed","ping_status":"closed","sticky":false,"template":"","format":"standard","meta":{"footnotes":""},"categories":[23,16,9150],"tags":[35764,66,104,20728,26771,35765,93],"class_list":{"0":"post-75494","1":"post","2":"type-post","3":"status-publish","4":"format-standard","5":"has-post-thumbnail","7":"category-columna","8":"category-foto","9":"category-politica","10":"tag-ana-lilia-herrrera-anzaldo","11":"tag-antonio-juarez","12":"tag-carolina-monroy-del-mazo","13":"tag-dip-monica-alvarez-nemer","14":"tag-grupo-501-se-deslinda","15":"tag-maria-elena-orantes-la-nena","16":"tag-por-la-libre-edomex"},"wps_subtitle":"Toca presidirlo a la diputada M\u00f3nica \u00c1lvarez Nemer","_links":{"self":[{"href":"https:\/\/www.porlalibreedomex.com\/index.php?rest_route=\/wp\/v2\/posts\/75494","targetHints":{"allow":["GET"]}}],"collection":[{"href":"https:\/\/www.porlalibreedomex.com\/index.php?rest_route=\/wp\/v2\/posts"}],"about":[{"href":"https:\/\/www.porlalibreedomex.com\/index.php?rest_route=\/wp\/v2\/types\/post"}],"author":[{"embeddable":true,"href":"https:\/\/www.porlalibreedomex.com\/index.php?rest_route=\/wp\/v2\/users\/3"}],"replies":[{"embeddable":true,"href":"https:\/\/www.porlalibreedomex.com\/index.php?rest_route=%2Fwp%2Fv2%2Fcomments&post=75494"}],"version-history":[{"count":1,"href":"https:\/\/www.porlalibreedomex.com\/index.php?rest_route=\/wp\/v2\/posts\/75494\/revisions"}],"predecessor-version":[{"id":75498,"href":"https:\/\/www.porlalibreedomex.com\/index.php?rest_route=\/wp\/v2\/posts\/75494\/revisions\/75498"}],"wp:featuredmedia":[{"embeddable":true,"href":"https:\/\/www.porlalibreedomex.com\/index.php?rest_route=\/wp\/v2\/media\/75495"}],"wp:attachment":[{"href":"https:\/\/www.porlalibreedomex.com\/index.php?rest_route=%2Fwp%2Fv2%2Fmedia&parent=75494"}],"wp:term":[{"taxonomy":"category","embeddable":true,"href":"https:\/\/www.porlalibreedomex.com\/index.php?rest_route=%2Fwp%2Fv2%2Fcategories&post=75494"},{"taxonomy":"post_tag","embeddable":true,"href":"https:\/\/www.porlalibreedomex.com\/index.php?rest_route=%2Fwp%2Fv2%2Ftags&post=75494"}],"curies":[{"name":"wp","href":"https:\/\/api.w.org\/{rel}","templated":true}]}}