{"id":75490,"date":"2026-04-26T00:59:48","date_gmt":"2026-04-26T06:59:48","guid":{"rendered":"https:\/\/www.porlalibreedomex.com\/?p=75490"},"modified":"2026-04-28T01:00:55","modified_gmt":"2026-04-28T07:00:55","slug":"gobierno-de-delfina-gomez-protege-a-periodistas-y-activistas-con-reformas-a-la-ley-aprobadas","status":"publish","type":"post","link":"https:\/\/www.porlalibreedomex.com\/?p=75490","title":{"rendered":"Gobierno de Delfina G\u00f3mez protege a periodistas y activistas con reformas a la ley aprobadas"},"content":{"rendered":"<p><strong>\u2022<em> Garantizan un enfoque integral y preventiva mediante acciones como protocolos de atenci\u00f3n en casos de emergencia, as\u00ed como apoyos a gastos funerarios.<\/em><\/strong><\/p>\n<p><strong>TOLUCA, Estado de M\u00e9xico.-<\/strong> La Gobernadora Delfina G\u00f3mez \u00c1lvarez y la LXII Legislatura del Estado de M\u00e9xico mejoran la protecci\u00f3n de periodistas y personas defensoras de derechos humanos en la entidad, al consolidar un modelo con enfoque integral y preventivo que garantiza condiciones para el ejercicio libre, seguro y digno de su labor.<\/p>\n<p>En congruencia con el Plan de Desarrollo del Estado de M\u00e9xico 2023\u20132029, el Congreso local aval\u00f3 reformas a la ley que contemplan la creaci\u00f3n de un directorio voluntario de periodistas y personas defensoras de derechos humanos. Este registro funcionar\u00e1 como una herramienta de comunicaci\u00f3n \u00e1gil en situaciones de emergencia, sin que su integraci\u00f3n sea un requisito obligatorio para acceder al Mecanismo de Protecci\u00f3n.<\/p>\n<figure id=\"attachment_75491\" aria-describedby=\"caption-attachment-75491\" style=\"width: 696px\" class=\"wp-caption aligncenter\"><a href=\"https:\/\/www.porlalibreedomex.com\/wp-content\/uploads\/2026\/04\/Con-la-ley-recien-aprobada-hay-mayor-proteccion-a-periodistas-mexiquenses.jpeg\"><img loading=\"lazy\" decoding=\"async\" class=\"size-large wp-image-75491\" src=\"https:\/\/www.porlalibreedomex.com\/wp-content\/uploads\/2026\/04\/Con-la-ley-recien-aprobada-hay-mayor-proteccion-a-periodistas-mexiquenses-1024x682.jpeg\" alt=\"\" width=\"696\" height=\"464\" srcset=\"https:\/\/www.porlalibreedomex.com\/wp-content\/uploads\/2026\/04\/Con-la-ley-recien-aprobada-hay-mayor-proteccion-a-periodistas-mexiquenses-1024x682.jpeg 1024w, https:\/\/www.porlalibreedomex.com\/wp-content\/uploads\/2026\/04\/Con-la-ley-recien-aprobada-hay-mayor-proteccion-a-periodistas-mexiquenses-300x200.jpeg 300w, https:\/\/www.porlalibreedomex.com\/wp-content\/uploads\/2026\/04\/Con-la-ley-recien-aprobada-hay-mayor-proteccion-a-periodistas-mexiquenses-768x512.jpeg 768w, https:\/\/www.porlalibreedomex.com\/wp-content\/uploads\/2026\/04\/Con-la-ley-recien-aprobada-hay-mayor-proteccion-a-periodistas-mexiquenses-1536x1023.jpeg 1536w, https:\/\/www.porlalibreedomex.com\/wp-content\/uploads\/2026\/04\/Con-la-ley-recien-aprobada-hay-mayor-proteccion-a-periodistas-mexiquenses-696x464.jpeg 696w, https:\/\/www.porlalibreedomex.com\/wp-content\/uploads\/2026\/04\/Con-la-ley-recien-aprobada-hay-mayor-proteccion-a-periodistas-mexiquenses-1068x712.jpeg 1068w, https:\/\/www.porlalibreedomex.com\/wp-content\/uploads\/2026\/04\/Con-la-ley-recien-aprobada-hay-mayor-proteccion-a-periodistas-mexiquenses-630x420.jpeg 630w, https:\/\/www.porlalibreedomex.com\/wp-content\/uploads\/2026\/04\/Con-la-ley-recien-aprobada-hay-mayor-proteccion-a-periodistas-mexiquenses.jpeg 1600w\" sizes=\"auto, (max-width: 696px) 100vw, 696px\" \/><\/a><figcaption id=\"caption-attachment-75491\" class=\"wp-caption-text\">Con la ley reci\u00e9n aprobada, hay mayor protecci\u00f3n a periodistas mexiquenses.<\/figcaption><\/figure>\n<p>Asimismo, se establecen protocolos para el reconocimiento, la intervenci\u00f3n, la interacci\u00f3n y la atenci\u00f3n en casos de riesgo, adem\u00e1s se garantiza el acceso a servicios m\u00e9dicos, programas sociales, capacitaci\u00f3n y apoyos como gastos funerarios.<\/p>\n<p>Jes\u00fas George Zamora, Consejero Jur\u00eddico, asegur\u00f3 que estos avances son resultado del di\u00e1logo abierto y plural con el gremio period\u00edstico y organizaciones de la sociedad civil.<\/p>\n<p>\u201cCon esta visi\u00f3n humana de nuestra se\u00f1ora Gobernadora, transparente es por lo que hemos logrado esto. Y esto significa tambi\u00e9n un reto para el Mecanismo porque solo es el inicio de lo que podemos hacer con la ayuda del nuevo Consejo Consultivo y con el apoyo desde luego de esta Junta de Gobierno\u201d, destac\u00f3.<\/p>\n<p>Adicionalmente, se consolida la operaci\u00f3n del Consejo Consultivo del Mecanismo mediante la reducci\u00f3n de sus integrantes, de 13 a nueve, con criterios m\u00e1s transparentes y p\u00fablicos para su designaci\u00f3n, as\u00ed como la incorporaci\u00f3n de una participaci\u00f3n regional equilibrada. Tambi\u00e9n se integra al marco legal estatal el uso voluntario de vestimenta e instrumentos de identificaci\u00f3n preventiva para el ejercicio de la labor period\u00edstica.<\/p>\n<p>Con El Poder de Servir, el Gobierno del Estado de M\u00e9xico reafirma su compromiso con la protecci\u00f3n efectiva de la libertad de expresi\u00f3n y la defensa de los derechos humanos, consolidando un andamiaje institucional m\u00e1s s\u00f3lido, cercano y eficiente que garantice condiciones de seguridad, dignidad y pleno ejercicio para quienes desempe\u00f1an estas labores esenciales en la vida democr\u00e1tica de la entidad.<\/p>\n","protected":false},"excerpt":{"rendered":"<p>\u2022 Garantizan un enfoque integral y preventiva mediante acciones como protocolos de atenci\u00f3n en casos de emergencia, as\u00ed como apoyos a gastos funerarios. TOLUCA, Estado de M\u00e9xico.- La Gobernadora Delfina G\u00f3mez \u00c1lvarez y la LXII Legislatura del Estado de M\u00e9xico mejoran la protecci\u00f3n de periodistas y personas defensoras de derechos humanos en la entidad, al [&hellip;]<\/p>\n","protected":false},"author":3,"featured_media":75492,"comment_status":"closed","ping_status":"closed","sticky":false,"template":"","format":"standard","meta":{"footnotes":""},"categories":[9157,16],"tags":[35762,30713,35763],"class_list":{"0":"post-75490","1":"post","2":"type-post","3":"status-publish","4":"format-standard","5":"has-post-thumbnail","7":"category-edomex","8":"category-foto","9":"tag-acceso-a-servicios-medicos","10":"tag-gobernadora-delfina-gomez","11":"tag-mayor-apoyo-a-periodistas-con-nueva-ley"},"wps_subtitle":"Contempla creaci\u00f3n de directorio y acceso a servicios m\u00e9dicos","_links":{"self":[{"href":"https:\/\/www.porlalibreedomex.com\/index.php?rest_route=\/wp\/v2\/posts\/75490","targetHints":{"allow":["GET"]}}],"collection":[{"href":"https:\/\/www.porlalibreedomex.com\/index.php?rest_route=\/wp\/v2\/posts"}],"about":[{"href":"https:\/\/www.porlalibreedomex.com\/index.php?rest_route=\/wp\/v2\/types\/post"}],"author":[{"embeddable":true,"href":"https:\/\/www.porlalibreedomex.com\/index.php?rest_route=\/wp\/v2\/users\/3"}],"replies":[{"embeddable":true,"href":"https:\/\/www.porlalibreedomex.com\/index.php?rest_route=%2Fwp%2Fv2%2Fcomments&post=75490"}],"version-history":[{"count":1,"href":"https:\/\/www.porlalibreedomex.com\/index.php?rest_route=\/wp\/v2\/posts\/75490\/revisions"}],"predecessor-version":[{"id":75493,"href":"https:\/\/www.porlalibreedomex.com\/index.php?rest_route=\/wp\/v2\/posts\/75490\/revisions\/75493"}],"wp:featuredmedia":[{"embeddable":true,"href":"https:\/\/www.porlalibreedomex.com\/index.php?rest_route=\/wp\/v2\/media\/75492"}],"wp:attachment":[{"href":"https:\/\/www.porlalibreedomex.com\/index.php?rest_route=%2Fwp%2Fv2%2Fmedia&parent=75490"}],"wp:term":[{"taxonomy":"category","embeddable":true,"href":"https:\/\/www.porlalibreedomex.com\/index.php?rest_route=%2Fwp%2Fv2%2Fcategories&post=75490"},{"taxonomy":"post_tag","embeddable":true,"href":"https:\/\/www.porlalibreedomex.com\/index.php?rest_route=%2Fwp%2Fv2%2Ftags&post=75490"}],"curies":[{"name":"wp","href":"https:\/\/api.w.org\/{rel}","templated":true}]}}