{"id":75483,"date":"2026-04-27T00:31:56","date_gmt":"2026-04-27T06:31:56","guid":{"rendered":"https:\/\/www.porlalibreedomex.com\/?p=75483"},"modified":"2026-04-28T00:33:39","modified_gmt":"2026-04-28T06:33:39","slug":"%f0%9f%9f%a2%f0%9f%9f%a1-uaemex-fortalece-la-certeza-laboral-con-entrega-de-bases-y-recategorizaciones-2025","status":"publish","type":"post","link":"https:\/\/www.porlalibreedomex.com\/?p=75483","title":{"rendered":"\ud83d\udfe2\ud83d\udfe1 La UAEM\u00e9x fortalece la certeza laboral con entrega de bases y recategorizaciones 2025"},"content":{"rendered":"<ul>\n<li><em><strong>La rectora Martha Patricia Zarza Delgado y la secretaria general del SUTESUAEM, Luz Mar\u00eda Garc\u00eda Molina, entregaron 93 bases y recategorizaciones a trabajadoras y trabajadores universitarios.<\/strong><\/em><\/li>\n<li><em><strong>Zarza Delgado resalt\u00f3 que la instituci\u00f3n abrir\u00e1, por primera vez en su historia, una convocatoria para el reconocimiento laboral de las y los administrativos afiliados.<\/strong><\/em><\/li>\n<\/ul>\n<p><strong>Toluca, M\u00e9xico, 27 de abril de 2026.<\/strong> La Universidad Aut\u00f3noma del Estado de M\u00e9xico (UAEM\u00e9x) reafirm\u00f3 su compromiso con la seguridad laboral y el reconocimiento al trabajo administrativo mediante la entrega de bases y recategorizaciones 2025 a personal afiliado al Sindicato \u00danico de Trabajadores y Empleados al Servicio de la instituci\u00f3n (SUTESUAEM).<br \/>\nEn el Aula Magna del Edificio de Rector\u00eda, la rectora Martha Patricia Zarza Delgado, junto con la secretaria general del SUTESUAEM, Luz Mar\u00eda Garc\u00eda Molina, encabezaron la entrega de 74 documentos de base a trabajadoras y trabajadores administrativos sindicalizados, as\u00ed como 19 recategorizaciones. Del total de beneficios otorgados, 52 por ciento correspondi\u00f3 a mujeres universitarias.<br \/>\nAcompa\u00f1ada por el secretario de Gobernanza Universitaria, Jorge Alejandro V\u00e1squez Caicedo, y la directora de Promoci\u00f3n del Talento Humano, Claudia Guzm\u00e1n Flores, Zarza Delgado destac\u00f3 que este reconocimiento responde al profesionalismo y compromiso demostrado por el personal administrativo, incluso en momentos complejos para la vida institucional.<\/p>\n<figure id=\"attachment_75484\" aria-describedby=\"caption-attachment-75484\" style=\"width: 696px\" class=\"wp-caption aligncenter\"><a href=\"https:\/\/www.porlalibreedomex.com\/wp-content\/uploads\/2026\/04\/La-administracion-2025-2029-ha-establecido-como-prioridad-la-certeza-y-dignificacion-laboral-de-sus-trabajadores-dijo-la-Rectora.r.jpeg\"><img loading=\"lazy\" decoding=\"async\" class=\"size-large wp-image-75484\" src=\"https:\/\/www.porlalibreedomex.com\/wp-content\/uploads\/2026\/04\/La-administracion-2025-2029-ha-establecido-como-prioridad-la-certeza-y-dignificacion-laboral-de-sus-trabajadores-dijo-la-Rectora.r-1024x682.jpeg\" alt=\"\" width=\"696\" height=\"464\" srcset=\"https:\/\/www.porlalibreedomex.com\/wp-content\/uploads\/2026\/04\/La-administracion-2025-2029-ha-establecido-como-prioridad-la-certeza-y-dignificacion-laboral-de-sus-trabajadores-dijo-la-Rectora.r-1024x682.jpeg 1024w, https:\/\/www.porlalibreedomex.com\/wp-content\/uploads\/2026\/04\/La-administracion-2025-2029-ha-establecido-como-prioridad-la-certeza-y-dignificacion-laboral-de-sus-trabajadores-dijo-la-Rectora.r-300x200.jpeg 300w, https:\/\/www.porlalibreedomex.com\/wp-content\/uploads\/2026\/04\/La-administracion-2025-2029-ha-establecido-como-prioridad-la-certeza-y-dignificacion-laboral-de-sus-trabajadores-dijo-la-Rectora.r-768x512.jpeg 768w, https:\/\/www.porlalibreedomex.com\/wp-content\/uploads\/2026\/04\/La-administracion-2025-2029-ha-establecido-como-prioridad-la-certeza-y-dignificacion-laboral-de-sus-trabajadores-dijo-la-Rectora.r-1536x1023.jpeg 1536w, https:\/\/www.porlalibreedomex.com\/wp-content\/uploads\/2026\/04\/La-administracion-2025-2029-ha-establecido-como-prioridad-la-certeza-y-dignificacion-laboral-de-sus-trabajadores-dijo-la-Rectora.r-696x464.jpeg 696w, https:\/\/www.porlalibreedomex.com\/wp-content\/uploads\/2026\/04\/La-administracion-2025-2029-ha-establecido-como-prioridad-la-certeza-y-dignificacion-laboral-de-sus-trabajadores-dijo-la-Rectora.r-1068x712.jpeg 1068w, https:\/\/www.porlalibreedomex.com\/wp-content\/uploads\/2026\/04\/La-administracion-2025-2029-ha-establecido-como-prioridad-la-certeza-y-dignificacion-laboral-de-sus-trabajadores-dijo-la-Rectora.r-630x420.jpeg 630w, https:\/\/www.porlalibreedomex.com\/wp-content\/uploads\/2026\/04\/La-administracion-2025-2029-ha-establecido-como-prioridad-la-certeza-y-dignificacion-laboral-de-sus-trabajadores-dijo-la-Rectora.r.jpeg 1600w\" sizes=\"auto, (max-width: 696px) 100vw, 696px\" \/><\/a><figcaption id=\"caption-attachment-75484\" class=\"wp-caption-text\">La administraci\u00f3n 2025-2029 ha establecido como prioridad la certeza y dignificaci\u00f3n laboral de sus trabajadores, dijo la Rectora.<\/figcaption><\/figure>\n<p>Subray\u00f3 que la UAEM\u00e9x, con cerca de 80 espacios universitarios y una comunidad superior a las 100 mil personas, depende en gran medida de la labor cotidiana de su personal administrativo, por lo que la actual administraci\u00f3n 2025-2029 ha establecido como prioridad la certeza y dignificaci\u00f3n laboral de este sector.<br \/>\nEn este marco, afirm\u00f3 que la entrega de bases y recategorizaciones representa un ejercicio de corresponsabilidad institucional que brinda estabilidad y reconoce la constancia de las y los trabajadores.<br \/>\nAsimismo, anunci\u00f3 que, como resultado del trabajo conjunto entre la universidad y el SUTESUAEM, se lanzar\u00e1 por primera vez una convocatoria para reconocer la trayectoria del personal administrativo, la cual ser\u00e1 publicada en mayo pr\u00f3ximo.<br \/>\n\u201cLa Transformaci\u00f3n Universitaria busca consolidar una instituci\u00f3n incluyente, cercana y progresista, basada en la dignidad laboral, el reconocimiento justo y la equidad de oportunidades. Les convoco a continuar trabajando con compromiso y responsabilidad para fortalecer una instituci\u00f3n construida desde el trabajo digno, el di\u00e1logo y la confianza\u201d, expres\u00f3.<\/p>\n<figure id=\"attachment_75486\" aria-describedby=\"caption-attachment-75486\" style=\"width: 696px\" class=\"wp-caption aligncenter\"><a href=\"https:\/\/www.porlalibreedomex.com\/wp-content\/uploads\/2026\/04\/La-rectora-Martha-Patricia-Zarza-Delgado-y-la-secretaria-general-del-SUTESUAEM-Luz-Maria-Garcia-Molina-encabezaron-la-entrega-de-bases-y-recategorizaciones.jpeg\"><img loading=\"lazy\" decoding=\"async\" class=\"size-large wp-image-75486\" src=\"https:\/\/www.porlalibreedomex.com\/wp-content\/uploads\/2026\/04\/La-rectora-Martha-Patricia-Zarza-Delgado-y-la-secretaria-general-del-SUTESUAEM-Luz-Maria-Garcia-Molina-encabezaron-la-entrega-de-bases-y-recategorizaciones-1024x683.jpeg\" alt=\"\" width=\"696\" height=\"464\" srcset=\"https:\/\/www.porlalibreedomex.com\/wp-content\/uploads\/2026\/04\/La-rectora-Martha-Patricia-Zarza-Delgado-y-la-secretaria-general-del-SUTESUAEM-Luz-Maria-Garcia-Molina-encabezaron-la-entrega-de-bases-y-recategorizaciones-1024x683.jpeg 1024w, https:\/\/www.porlalibreedomex.com\/wp-content\/uploads\/2026\/04\/La-rectora-Martha-Patricia-Zarza-Delgado-y-la-secretaria-general-del-SUTESUAEM-Luz-Maria-Garcia-Molina-encabezaron-la-entrega-de-bases-y-recategorizaciones-300x200.jpeg 300w, https:\/\/www.porlalibreedomex.com\/wp-content\/uploads\/2026\/04\/La-rectora-Martha-Patricia-Zarza-Delgado-y-la-secretaria-general-del-SUTESUAEM-Luz-Maria-Garcia-Molina-encabezaron-la-entrega-de-bases-y-recategorizaciones-768x512.jpeg 768w, https:\/\/www.porlalibreedomex.com\/wp-content\/uploads\/2026\/04\/La-rectora-Martha-Patricia-Zarza-Delgado-y-la-secretaria-general-del-SUTESUAEM-Luz-Maria-Garcia-Molina-encabezaron-la-entrega-de-bases-y-recategorizaciones-696x464.jpeg 696w, https:\/\/www.porlalibreedomex.com\/wp-content\/uploads\/2026\/04\/La-rectora-Martha-Patricia-Zarza-Delgado-y-la-secretaria-general-del-SUTESUAEM-Luz-Maria-Garcia-Molina-encabezaron-la-entrega-de-bases-y-recategorizaciones-1068x713.jpeg 1068w, https:\/\/www.porlalibreedomex.com\/wp-content\/uploads\/2026\/04\/La-rectora-Martha-Patricia-Zarza-Delgado-y-la-secretaria-general-del-SUTESUAEM-Luz-Maria-Garcia-Molina-encabezaron-la-entrega-de-bases-y-recategorizaciones-630x420.jpeg 630w, https:\/\/www.porlalibreedomex.com\/wp-content\/uploads\/2026\/04\/La-rectora-Martha-Patricia-Zarza-Delgado-y-la-secretaria-general-del-SUTESUAEM-Luz-Maria-Garcia-Molina-encabezaron-la-entrega-de-bases-y-recategorizaciones.jpeg 1403w\" sizes=\"auto, (max-width: 696px) 100vw, 696px\" \/><\/a><figcaption id=\"caption-attachment-75486\" class=\"wp-caption-text\">La rectora Martha Patricia Zarza Delgado, y la secretaria general del SUTESUAEM, Luz Mar\u00eda Garc\u00eda Molina, encabezaron la entrega de bases y recategorizaciones.<\/figcaption><\/figure>\n<p>Por su parte, la secretaria general del SUTESUAEM, Luz Mar\u00eda Garc\u00eda Molina, se\u00f1al\u00f3 que la obtenci\u00f3n de una base o recategorizaci\u00f3n representa un avance significativo en la estabilidad laboral, el desarrollo profesional y la dignificaci\u00f3n del trabajo administrativo.<br \/>\nReconoci\u00f3 adem\u00e1s la disposici\u00f3n al di\u00e1logo de la rectora, lo que \u2014dijo\u2014 fortalece la estructura institucional y brinda mayor seguridad y tranquilidad a las y los trabajadores, quienes est\u00e1n preparados para asumir nuevas responsabilidades.<br \/>\nEn representaci\u00f3n del personal beneficiado, Miguel Garc\u00eda Bustos, adscrito a la Facultad de Humanidades, destac\u00f3 que este acto confirma que la labor administrativa, muchas veces silenciosa, es valorada y respaldada tanto por la universidad como por su organizaci\u00f3n sindical.<br \/>\nFinalmente, agradeci\u00f3 a la instituci\u00f3n por las acciones que fortalecen la estabilidad laboral, brindan certeza a futuro y motivan a seguir contribuyendo a la misi\u00f3n educativa y social de la UAEM\u00e9x.<\/p>\n<p>Reportera: Jimena Palacios<br \/>\nFot\u00f3grafos: L\u00e1zaro Hern\u00e1ndez y Daniel Quiroz<\/p>\n","protected":false},"excerpt":{"rendered":"<p>La rectora Martha Patricia Zarza Delgado y la secretaria general del SUTESUAEM, Luz Mar\u00eda Garc\u00eda Molina, entregaron 93 bases y recategorizaciones a trabajadoras y trabajadores universitarios. Zarza Delgado resalt\u00f3 que la instituci\u00f3n abrir\u00e1, por primera vez en su historia, una convocatoria para el reconocimiento laboral de las y los administrativos afiliados. Toluca, M\u00e9xico, 27 de [&hellip;]<\/p>\n","protected":false},"author":3,"featured_media":75485,"comment_status":"closed","ping_status":"closed","sticky":false,"template":"","format":"standard","meta":{"footnotes":""},"categories":[9148,16],"tags":[35759,35311,34650,35310,35760,35761],"class_list":{"0":"post-75483","1":"post","2":"type-post","3":"status-publish","4":"format-standard","5":"has-post-thumbnail","7":"category-educacion","8":"category-foto","9":"tag-entrega-de-bases-y-recategorizaciones-2025","10":"tag-luz-maria-garcia-molina","11":"tag-rectora-martha-patricia-zarza-delgado","12":"tag-secretaria-general-del-sutesuaem","13":"tag-seguridad-laboral-en-la-uaemex","14":"tag-trabajadores-administrativos-uaemex"},"wps_subtitle":"","_links":{"self":[{"href":"https:\/\/www.porlalibreedomex.com\/index.php?rest_route=\/wp\/v2\/posts\/75483","targetHints":{"allow":["GET"]}}],"collection":[{"href":"https:\/\/www.porlalibreedomex.com\/index.php?rest_route=\/wp\/v2\/posts"}],"about":[{"href":"https:\/\/www.porlalibreedomex.com\/index.php?rest_route=\/wp\/v2\/types\/post"}],"author":[{"embeddable":true,"href":"https:\/\/www.porlalibreedomex.com\/index.php?rest_route=\/wp\/v2\/users\/3"}],"replies":[{"embeddable":true,"href":"https:\/\/www.porlalibreedomex.com\/index.php?rest_route=%2Fwp%2Fv2%2Fcomments&post=75483"}],"version-history":[{"count":3,"href":"https:\/\/www.porlalibreedomex.com\/index.php?rest_route=\/wp\/v2\/posts\/75483\/revisions"}],"predecessor-version":[{"id":75489,"href":"https:\/\/www.porlalibreedomex.com\/index.php?rest_route=\/wp\/v2\/posts\/75483\/revisions\/75489"}],"wp:featuredmedia":[{"embeddable":true,"href":"https:\/\/www.porlalibreedomex.com\/index.php?rest_route=\/wp\/v2\/media\/75485"}],"wp:attachment":[{"href":"https:\/\/www.porlalibreedomex.com\/index.php?rest_route=%2Fwp%2Fv2%2Fmedia&parent=75483"}],"wp:term":[{"taxonomy":"category","embeddable":true,"href":"https:\/\/www.porlalibreedomex.com\/index.php?rest_route=%2Fwp%2Fv2%2Fcategories&post=75483"},{"taxonomy":"post_tag","embeddable":true,"href":"https:\/\/www.porlalibreedomex.com\/index.php?rest_route=%2Fwp%2Fv2%2Ftags&post=75483"}],"curies":[{"name":"wp","href":"https:\/\/api.w.org\/{rel}","templated":true}]}}