{"id":7548,"date":"2015-06-08T19:32:57","date_gmt":"2015-06-09T04:32:57","guid":{"rendered":"http:\/\/porlalibre.info\/?p=7548"},"modified":"2015-06-08T19:32:57","modified_gmt":"2015-06-09T04:32:57","slug":"la-libertad-de-expresion-esencial-para-construir-la-democracia-y-el-tejido-social","status":"publish","type":"post","link":"https:\/\/www.porlalibreedomex.com\/?p=7548","title":{"rendered":"LA LIBERTAD DE EXPRESI\u00d3N, ESENCIAL PARA CONSTRUIR LA DEMOCRACIA Y EL TEJIDO SOCIAL"},"content":{"rendered":"<ul>\n<li>Se efectu\u00f3 la ceremonia conmemorativa del D\u00eda de la Libertad de Expresi\u00f3n encabezada por el Rector Jorge Olvera Garc\u00eda.<\/li>\n<\/ul>\n<p><img loading=\"lazy\" decoding=\"async\" class=\"aligncenter size-full wp-image-7549\" src=\"http:\/\/porlalibre.info\/wp-content\/uploads\/2015\/06\/comun-0472-6.jpg\" alt=\"CEREMONIA POR EL D\u00cdA DE LA LIBERTAD DE EXPRESI\u00d3N\" width=\"2126\" height=\"1417\" \/><\/p>\n<ul>\n<li><i><span lang=\"ES-TRAD\">Olvera Garc\u00eda se pronunci\u00f3 a favor del trabajo que desempe\u00f1an cotidianamente los periodistas, quienes generan una sociedad cada vez m\u00e1s proactiva, progresista y generosa.<\/span><\/i><\/li>\n<\/ul>\n<p><span lang=\"ES-TRAD\"><span style=\"color: #000000; font-size: medium;\">\u00a0<\/span><\/span><\/p>\n<p style=\"text-align: justify;\"><span lang=\"ES-TRAD\"><span style=\"color: #000000; font-size: medium;\">Las instituciones p\u00fablicas de educaci\u00f3n superior privilegian la libertad de expresi\u00f3n, permiten el intercambio, discusi\u00f3n, enriquecimiento y cr\u00edtica del pensamiento; por esta raz\u00f3n, la Universidad Aut\u00f3noma del Estado de M\u00e9xico asume el compromiso de preservar este derecho, elemento esencial para la construcci\u00f3n de la democracia y el tejido social, sostuvo el rector Jorge Olvera Garc\u00eda, durante la Ceremonia Conmemorativa al D\u00eda de la Libertad de Expresi\u00f3n.<\/span><\/span><\/p>\n<p style=\"text-align: justify;\"><span lang=\"ES-TRAD\"><span style=\"color: #000000; font-size: medium;\">Acompa\u00f1ado por las integrantes de la Asociaci\u00f3n de Mujeres Periodistas, representantes de los medios de comunicaci\u00f3n y el titular de la Direcci\u00f3n General de Comunicaci\u00f3n Universitaria, Juan Portilla Estrada, Olvera Garc\u00eda se pronunci\u00f3 a favor del trabajo que desempe\u00f1an cotidianamente los periodistas, quienes a trav\u00e9s del uso de plataformas informativas, como la prensa, los medios electr\u00f3nicos y las redes sociales, generan una sociedad cada vez m\u00e1s proactiva, progresista y generosa.<\/span><\/span><\/p>\n<p style=\"text-align: justify;\"><span lang=\"ES-TRAD\"><span style=\"color: #000000; font-size: medium;\">En el monumento a la Libertad de Expresi\u00f3n -obra del maestro Ernesto Mallard Arano-, ubicado en la Facultad de Ciencias Pol\u00edticas y Sociales, el rector de la M\u00e1xima Casa de Estudios mexiquense reconoci\u00f3 a los periodistas de la entidad, pues \u201cel ejercicio de la libre expresi\u00f3n es la semilla de la conciencia pol\u00edtica, social y cultural, es un derecho que debe practicarse con raz\u00f3n y responsabilidad\u201d.<\/span><\/span><\/p>\n<p style=\"text-align: justify;\"><span lang=\"ES-TRAD\"><span style=\"color: #000000; font-size: medium;\">\u201cHagamos que la libertad de expresi\u00f3n nos aleje de la ignominia y los problemas sociales; al ejercerla estamos demostrando que creemos en nuestro propio valor\u00bb, enfatiz\u00f3 el rector Jorge Olvera Garc\u00eda, luego de montar guardia de honor y depositar ofrenda floral en el monumento a la Libertad de Expresi\u00f3n, acompa\u00f1ado por Mar\u00eda Teresa Monta\u00f1o, Graciela Cruz Jim\u00e9nez,\u00a0Mayra Vargas Nery, Sonia Silva Vega,\u00a0 Gabriela Landetta Chombo y Adriana Reyes Lara, as\u00ed como la directora de la Facultad de Ciencias Pol\u00edticas y Sociales de la UAEM, Janet Valero Vilchis.<\/span><\/span><\/p>\n<p style=\"text-align: justify;\"><span lang=\"ES-TRAD\"><span style=\"color: #000000; font-size: medium;\">Antes de la ceremonia, Mar\u00eda Teresa Monta\u00f1o, corresponsal del peri\u00f3dico El Universal, refiri\u00f3 que la libertad de expresi\u00f3n es un derecho relacionado principalmente, con el ejercicio period\u00edstico, como una condici\u00f3n necesaria para la democracia; agreg\u00f3 que adem\u00e1s de una s\u00f3lida formaci\u00f3n humanista, el periodista debe contar con principios b\u00e1sicos, como la justicia, la generosidad, la humildad, la buena fe y la gratitud, entre otros.<\/span><\/span><\/p>\n<p style=\"text-align: justify;\"><span lang=\"ES-TRAD\"><span style=\"color: #000000; font-size: medium;\">Luego de que Jorge Olvera Garc\u00eda inaugurara la exposici\u00f3n fotogr\u00e1fica conmemorativa al D\u00eda de la Libertad de Expresi\u00f3n, en el auditorio de la Facultad de Ciencias Pol\u00edticas y Sociales, el fundador y director general de Animal Pol\u00edtico, Daniel Moreno Ch\u00e1vez, ofreci\u00f3 una charla sobre \u201cPeriodismo digital\u201d, marco en el cual destac\u00f3 que en este \u00e1mbito se establece una relaci\u00f3n sumamente peculiar entre el lector y el periodista, basada en el conocimiento de las necesidades del lector, su agenda y sobre todo, su opini\u00f3n.<\/span><\/span><\/p>\n<p style=\"text-align: justify;\"><span lang=\"ES-TRAD\"><span style=\"font-size: medium;\"><span style=\"color: #000000;\">\u00a0\u00a0\u00a0\u00a0\u00a0\u00a0\u00a0\u00a0\u00a0\u00a0\u00a0 Daniel Moreno Ch\u00e1vez agreg\u00f3 que el periodismo digital brinda la posibilidad de sumarse a las causas sociales, pues esta nueva forma de hacer periodismo consiste en dialogar con el lector y compartir contenidos.<\/span><\/span><\/span><\/p>\n","protected":false},"excerpt":{"rendered":"<p>Se efectu\u00f3 la ceremonia conmemorativa del D\u00eda de la Libertad de Expresi\u00f3n encabezada por el Rector Jorge Olvera Garc\u00eda. Olvera Garc\u00eda se pronunci\u00f3 a favor del trabajo que desempe\u00f1an cotidianamente los periodistas, quienes generan una sociedad cada vez m\u00e1s proactiva, progresista y generosa. \u00a0 Las instituciones p\u00fablicas de educaci\u00f3n superior privilegian la libertad de expresi\u00f3n, [&hellip;]<\/p>\n","protected":false},"author":2,"featured_media":0,"comment_status":"open","ping_status":"open","sticky":false,"template":"","format":"standard","meta":{"footnotes":""},"categories":[5,1],"tags":[3418,963],"class_list":{"0":"post-7548","1":"post","2":"type-post","3":"status-publish","4":"format-standard","6":"category-nota-informativa","7":"category-uncategorized","8":"tag-ciudad-universitaria","9":"tag-dia-de-la-libertad-de-expresion"},"wps_subtitle":"","_links":{"self":[{"href":"https:\/\/www.porlalibreedomex.com\/index.php?rest_route=\/wp\/v2\/posts\/7548","targetHints":{"allow":["GET"]}}],"collection":[{"href":"https:\/\/www.porlalibreedomex.com\/index.php?rest_route=\/wp\/v2\/posts"}],"about":[{"href":"https:\/\/www.porlalibreedomex.com\/index.php?rest_route=\/wp\/v2\/types\/post"}],"author":[{"embeddable":true,"href":"https:\/\/www.porlalibreedomex.com\/index.php?rest_route=\/wp\/v2\/users\/2"}],"replies":[{"embeddable":true,"href":"https:\/\/www.porlalibreedomex.com\/index.php?rest_route=%2Fwp%2Fv2%2Fcomments&post=7548"}],"version-history":[{"count":0,"href":"https:\/\/www.porlalibreedomex.com\/index.php?rest_route=\/wp\/v2\/posts\/7548\/revisions"}],"wp:attachment":[{"href":"https:\/\/www.porlalibreedomex.com\/index.php?rest_route=%2Fwp%2Fv2%2Fmedia&parent=7548"}],"wp:term":[{"taxonomy":"category","embeddable":true,"href":"https:\/\/www.porlalibreedomex.com\/index.php?rest_route=%2Fwp%2Fv2%2Fcategories&post=7548"},{"taxonomy":"post_tag","embeddable":true,"href":"https:\/\/www.porlalibreedomex.com\/index.php?rest_route=%2Fwp%2Fv2%2Ftags&post=7548"}],"curies":[{"name":"wp","href":"https:\/\/api.w.org\/{rel}","templated":true}]}}