{"id":75476,"date":"2026-04-24T00:10:27","date_gmt":"2026-04-24T06:10:27","guid":{"rendered":"https:\/\/www.porlalibreedomex.com\/?p=75476"},"modified":"2026-04-26T00:11:39","modified_gmt":"2026-04-26T06:11:39","slug":"reconoce-uaemex-a-su-comunidad-docente-por-su-compromiso-y-anos-de-servicio","status":"publish","type":"post","link":"https:\/\/www.porlalibreedomex.com\/?p=75476","title":{"rendered":"Reconoce UAEM\u00e9x a su comunidad docente\u00a0por su compromiso y a\u00f1os de servicio"},"content":{"rendered":"<div><\/div>\n<ul>\n<li><strong><i>En el Aula Magna del Edificio de Rector\u00eda, fueron reconocidos 220 acad\u00e9micos por 25 y 30 a\u00f1os de servicio, y cinco docentes con la Presea al M\u00e9rito Gremial 2026.<\/i><\/strong><\/li>\n<li><strong><i>La rectora Martha Patricia Zarza Delgado recalc\u00f3 que este acto reconoce a la comunidad acad\u00e9mica como el pilar de la labor sustantiva de generar, sistematizar y difundir conocimiento, cultura y saberes.<\/i><\/strong><\/li>\n<\/ul>\n<div><\/div>\n<div>*<b>Toluca, M\u00e9xico, 24 de abril de 2026.<\/b>* Como homenaje a su trayectoria, esfuerzo y compromiso con la formaci\u00f3n de profesionistas de excelencia, la Universidad Aut\u00f3noma del Estado de M\u00e9xico (UAEM\u00e9x) reconoci\u00f3 a su comunidad docente con la entrega de distinciones por 25 y 30 a\u00f1os de servicio acad\u00e9mico, as\u00ed como la Presea al M\u00e9rito Gremial 2026.<\/div>\n<div>Durante la ceremonia, realizada en el Aula Magna \u201cLic. Adolfo L\u00f3pez Mateos\u201d del Edificio de Rector\u00eda, la rectora Martha Patricia Zarza Delgado y la secretaria general de la Federaci\u00f3n de Asociaciones Aut\u00f3nomas de Personal Acad\u00e9mico de la UAEM\u00e9x (FAAPAUAEM), Gilda Gonz\u00e1lez Villase\u00f1or, entregaron 130 reconocimientos y medallas por 25 a\u00f1os de servicio y 90 por 30 a\u00f1os de trayectoria acad\u00e9mica.<\/div>\n<div><\/div>\n<div><a href=\"https:\/\/www.porlalibreedomex.com\/wp-content\/uploads\/2026\/04\/Entrega-de-la-Presea-al-Merito-Gremial-2026-por-parte-de-la-UAEMex.jpg\"><img loading=\"lazy\" decoding=\"async\" class=\"aligncenter size-full wp-image-75480\" src=\"https:\/\/www.porlalibreedomex.com\/wp-content\/uploads\/2026\/04\/Entrega-de-la-Presea-al-Merito-Gremial-2026-por-parte-de-la-UAEMex.jpg\" alt=\"\" width=\"1500\" height=\"1000\" srcset=\"https:\/\/www.porlalibreedomex.com\/wp-content\/uploads\/2026\/04\/Entrega-de-la-Presea-al-Merito-Gremial-2026-por-parte-de-la-UAEMex.jpg 1500w, https:\/\/www.porlalibreedomex.com\/wp-content\/uploads\/2026\/04\/Entrega-de-la-Presea-al-Merito-Gremial-2026-por-parte-de-la-UAEMex-300x200.jpg 300w, https:\/\/www.porlalibreedomex.com\/wp-content\/uploads\/2026\/04\/Entrega-de-la-Presea-al-Merito-Gremial-2026-por-parte-de-la-UAEMex-1024x683.jpg 1024w, https:\/\/www.porlalibreedomex.com\/wp-content\/uploads\/2026\/04\/Entrega-de-la-Presea-al-Merito-Gremial-2026-por-parte-de-la-UAEMex-768x512.jpg 768w, https:\/\/www.porlalibreedomex.com\/wp-content\/uploads\/2026\/04\/Entrega-de-la-Presea-al-Merito-Gremial-2026-por-parte-de-la-UAEMex-696x464.jpg 696w, https:\/\/www.porlalibreedomex.com\/wp-content\/uploads\/2026\/04\/Entrega-de-la-Presea-al-Merito-Gremial-2026-por-parte-de-la-UAEMex-1068x712.jpg 1068w, https:\/\/www.porlalibreedomex.com\/wp-content\/uploads\/2026\/04\/Entrega-de-la-Presea-al-Merito-Gremial-2026-por-parte-de-la-UAEMex-630x420.jpg 630w\" sizes=\"auto, (max-width: 1500px) 100vw, 1500px\" \/><\/a><\/div>\n<div>Asimismo, se otorgaron cinco Preseas al M\u00e9rito Gremial 2026 a Marcela Hilda Navarro Lozano, Aristeo Santos L\u00f3pez, Delia Esperanza Garc\u00eda Vences, Elicelia Jim\u00e9nez Mart\u00ednez, adem\u00e1s de un reconocimiento p\u00f3stumo a Luis Roberto Garc\u00eda Winder.<\/div>\n<div>En compa\u00f1\u00eda de las representantes de las y los galardonados, Diana Elisa Gonz\u00e1lez Calder\u00f3n y Yolanda Cruz Balderas, as\u00ed como la secretaria de Gesti\u00f3n y Administraci\u00f3n Universitaria, Miriam Liliana Padilla Mora, la rectora destac\u00f3 que este acto reafirma el papel fundamental del profesorado como pilar de las funciones sustantivas de la instituci\u00f3n: la generaci\u00f3n, sistematizaci\u00f3n y difusi\u00f3n del conocimiento, la cultura y los saberes.<\/div>\n<div>Subray\u00f3 que el reconocimiento a docentes por a\u00f1os de servicio ininterrumpido, as\u00ed como a quienes han demostrado compromiso con la vida sindical, fortalece el proyecto de Transformaci\u00f3n Universitaria y su apuesta por el desarrollo y actualizaci\u00f3n profesional del personal acad\u00e9mico.<\/div>\n<div><\/div>\n<div>\n<figure id=\"attachment_75478\" aria-describedby=\"caption-attachment-75478\" style=\"width: 1328px\" class=\"wp-caption aligncenter\"><a href=\"https:\/\/www.porlalibreedomex.com\/wp-content\/uploads\/2026\/04\/Con-la-secretaria-general-de-la-FAAPAUAEM-Gilda-Gonzalez-la-rectora-tambien-entrego-la-Presea-al-Merito-Gremial-2026.jpg\"><img loading=\"lazy\" decoding=\"async\" class=\"size-full wp-image-75478\" src=\"https:\/\/www.porlalibreedomex.com\/wp-content\/uploads\/2026\/04\/Con-la-secretaria-general-de-la-FAAPAUAEM-Gilda-Gonzalez-la-rectora-tambien-entrego-la-Presea-al-Merito-Gremial-2026.jpg\" alt=\"\" width=\"1328\" height=\"885\" srcset=\"https:\/\/www.porlalibreedomex.com\/wp-content\/uploads\/2026\/04\/Con-la-secretaria-general-de-la-FAAPAUAEM-Gilda-Gonzalez-la-rectora-tambien-entrego-la-Presea-al-Merito-Gremial-2026.jpg 1328w, https:\/\/www.porlalibreedomex.com\/wp-content\/uploads\/2026\/04\/Con-la-secretaria-general-de-la-FAAPAUAEM-Gilda-Gonzalez-la-rectora-tambien-entrego-la-Presea-al-Merito-Gremial-2026-300x200.jpg 300w, https:\/\/www.porlalibreedomex.com\/wp-content\/uploads\/2026\/04\/Con-la-secretaria-general-de-la-FAAPAUAEM-Gilda-Gonzalez-la-rectora-tambien-entrego-la-Presea-al-Merito-Gremial-2026-1024x682.jpg 1024w, https:\/\/www.porlalibreedomex.com\/wp-content\/uploads\/2026\/04\/Con-la-secretaria-general-de-la-FAAPAUAEM-Gilda-Gonzalez-la-rectora-tambien-entrego-la-Presea-al-Merito-Gremial-2026-768x512.jpg 768w, https:\/\/www.porlalibreedomex.com\/wp-content\/uploads\/2026\/04\/Con-la-secretaria-general-de-la-FAAPAUAEM-Gilda-Gonzalez-la-rectora-tambien-entrego-la-Presea-al-Merito-Gremial-2026-696x464.jpg 696w, https:\/\/www.porlalibreedomex.com\/wp-content\/uploads\/2026\/04\/Con-la-secretaria-general-de-la-FAAPAUAEM-Gilda-Gonzalez-la-rectora-tambien-entrego-la-Presea-al-Merito-Gremial-2026-1068x712.jpg 1068w, https:\/\/www.porlalibreedomex.com\/wp-content\/uploads\/2026\/04\/Con-la-secretaria-general-de-la-FAAPAUAEM-Gilda-Gonzalez-la-rectora-tambien-entrego-la-Presea-al-Merito-Gremial-2026-630x420.jpg 630w\" sizes=\"auto, (max-width: 1328px) 100vw, 1328px\" \/><\/a><figcaption id=\"caption-attachment-75478\" class=\"wp-caption-text\">Con la secretaria general de la FAAPAUAEM, Gilda Gonz\u00e1lez, la rectora tambi\u00e9n entreg\u00f3 la Presea al M\u00e9rito Gremial 2026.<\/figcaption><\/figure>\n<\/div>\n<div>Como ejemplo de estos esfuerzos, mencion\u00f3 el reciente proceso de recategorizaci\u00f3n acad\u00e9mica, que benefici\u00f3 a cerca de 100 docentes. No obstante, enfatiz\u00f3 la necesidad de fortalecer los apoyos al profesorado en concordancia con los objetivos del Programa Nacional de Educaci\u00f3n Superior 2026-2030, donde la colaboraci\u00f3n entre la universidad y su sindicato resulta clave.<\/div>\n<div>\u201cLa historia de la FAAPAUAEM y la Aut\u00f3noma mexiquense avanza en la misma ruta, pues ambas comparten principios fundamentales: la defensa de la educaci\u00f3n p\u00fablica y el compromiso irrenunciable con la calidad acad\u00e9mica. Les invito a seguir formando ciudadan\u00edas cr\u00edticas y a hacer de cada acci\u00f3n institucional una fortaleza de la dignidad humana\u201d, expres\u00f3.<\/div>\n<div>\n<figure id=\"attachment_75477\" aria-describedby=\"caption-attachment-75477\" style=\"width: 1600px\" class=\"wp-caption aligncenter\"><a href=\"https:\/\/www.porlalibreedomex.com\/wp-content\/uploads\/2026\/04\/En-total-fueron-220-demicos-los-que-recibieron-su-reconocimiento-de-manos-de-la-rectora-de-la-UAEMex.jpg\"><img loading=\"lazy\" decoding=\"async\" class=\"size-full wp-image-75477\" src=\"https:\/\/www.porlalibreedomex.com\/wp-content\/uploads\/2026\/04\/En-total-fueron-220-demicos-los-que-recibieron-su-reconocimiento-de-manos-de-la-rectora-de-la-UAEMex.jpg\" alt=\"\" width=\"1600\" height=\"673\" srcset=\"https:\/\/www.porlalibreedomex.com\/wp-content\/uploads\/2026\/04\/En-total-fueron-220-demicos-los-que-recibieron-su-reconocimiento-de-manos-de-la-rectora-de-la-UAEMex.jpg 1600w, https:\/\/www.porlalibreedomex.com\/wp-content\/uploads\/2026\/04\/En-total-fueron-220-demicos-los-que-recibieron-su-reconocimiento-de-manos-de-la-rectora-de-la-UAEMex-300x126.jpg 300w, https:\/\/www.porlalibreedomex.com\/wp-content\/uploads\/2026\/04\/En-total-fueron-220-demicos-los-que-recibieron-su-reconocimiento-de-manos-de-la-rectora-de-la-UAEMex-1024x431.jpg 1024w, https:\/\/www.porlalibreedomex.com\/wp-content\/uploads\/2026\/04\/En-total-fueron-220-demicos-los-que-recibieron-su-reconocimiento-de-manos-de-la-rectora-de-la-UAEMex-768x323.jpg 768w, https:\/\/www.porlalibreedomex.com\/wp-content\/uploads\/2026\/04\/En-total-fueron-220-demicos-los-que-recibieron-su-reconocimiento-de-manos-de-la-rectora-de-la-UAEMex-1536x646.jpg 1536w, https:\/\/www.porlalibreedomex.com\/wp-content\/uploads\/2026\/04\/En-total-fueron-220-demicos-los-que-recibieron-su-reconocimiento-de-manos-de-la-rectora-de-la-UAEMex-696x293.jpg 696w, https:\/\/www.porlalibreedomex.com\/wp-content\/uploads\/2026\/04\/En-total-fueron-220-demicos-los-que-recibieron-su-reconocimiento-de-manos-de-la-rectora-de-la-UAEMex-1068x449.jpg 1068w, https:\/\/www.porlalibreedomex.com\/wp-content\/uploads\/2026\/04\/En-total-fueron-220-demicos-los-que-recibieron-su-reconocimiento-de-manos-de-la-rectora-de-la-UAEMex-999x420.jpg 999w\" sizes=\"auto, (max-width: 1600px) 100vw, 1600px\" \/><\/a><figcaption id=\"caption-attachment-75477\" class=\"wp-caption-text\">En total, fueron 220 d\u00e9micos los que recibieron su reconocimiento de manos de la rectora de la UAEM\u00e9x.<\/figcaption><\/figure>\n<\/div>\n<div>En su intervenci\u00f3n, la secretaria general de la FAAPAUAEM, Gilda Gonz\u00e1lez Villase\u00f1or, se\u00f1al\u00f3 que este homenaje reconoce no solo los a\u00f1os de servicio, sino tambi\u00e9n la vocaci\u00f3n, la capacidad de adaptaci\u00f3n y el impacto de la labor docente frente a los desaf\u00edos acad\u00e9micos, tecnol\u00f3gicos y sociales.<\/div>\n<div>Destac\u00f3 que la instituci\u00f3n distingue con respeto y gratitud el papel transformador de las y los docentes en la vida de sus estudiantes y en la construcci\u00f3n de una sociedad m\u00e1s equitativa.<\/div>\n<div>En representaci\u00f3n de las y los galardonados, la acad\u00e9mica Diana Elisa Gonz\u00e1lez Calder\u00f3n afirm\u00f3 que la docencia exige preparaci\u00f3n constante, disciplina y vocaci\u00f3n de acompa\u00f1amiento. Asimismo, agradeci\u00f3 a la UAEM\u00e9x por ser un espacio donde se fomenta el pensamiento cr\u00edtico y se fortalece la educaci\u00f3n p\u00fablica como un derecho y una oportunidad para todas y todos.<\/div>\n<div><\/div>\n","protected":false},"excerpt":{"rendered":"<p>En el Aula Magna del Edificio de Rector\u00eda, fueron reconocidos 220 acad\u00e9micos por 25 y 30 a\u00f1os de servicio, y cinco docentes con la Presea al M\u00e9rito Gremial 2026. La rectora Martha Patricia Zarza Delgado recalc\u00f3 que este acto reconoce a la comunidad acad\u00e9mica como el pilar de la labor sustantiva de generar, sistematizar y [&hellip;]<\/p>\n","protected":false},"author":3,"featured_media":75479,"comment_status":"closed","ping_status":"closed","sticky":false,"template":"","format":"standard","meta":{"footnotes":""},"categories":[9148,16],"tags":[35757,16668,35758,34650,30343,35756],"class_list":{"0":"post-75476","1":"post","2":"type-post","3":"status-publish","4":"format-standard","5":"has-post-thumbnail","7":"category-educacion","8":"category-foto","9":"tag-defensa-de-la-educacion-publica","10":"tag-gilda-gonzalez-villasenor","11":"tag-reconocimientos-a-220-academicos","12":"tag-rectora-martha-patricia-zarza-delgado","13":"tag-secretaria-general-faapauaem","14":"tag-uaemex-reconoce-a-sus-docentes"},"wps_subtitle":"","_links":{"self":[{"href":"https:\/\/www.porlalibreedomex.com\/index.php?rest_route=\/wp\/v2\/posts\/75476","targetHints":{"allow":["GET"]}}],"collection":[{"href":"https:\/\/www.porlalibreedomex.com\/index.php?rest_route=\/wp\/v2\/posts"}],"about":[{"href":"https:\/\/www.porlalibreedomex.com\/index.php?rest_route=\/wp\/v2\/types\/post"}],"author":[{"embeddable":true,"href":"https:\/\/www.porlalibreedomex.com\/index.php?rest_route=\/wp\/v2\/users\/3"}],"replies":[{"embeddable":true,"href":"https:\/\/www.porlalibreedomex.com\/index.php?rest_route=%2Fwp%2Fv2%2Fcomments&post=75476"}],"version-history":[{"count":1,"href":"https:\/\/www.porlalibreedomex.com\/index.php?rest_route=\/wp\/v2\/posts\/75476\/revisions"}],"predecessor-version":[{"id":75481,"href":"https:\/\/www.porlalibreedomex.com\/index.php?rest_route=\/wp\/v2\/posts\/75476\/revisions\/75481"}],"wp:featuredmedia":[{"embeddable":true,"href":"https:\/\/www.porlalibreedomex.com\/index.php?rest_route=\/wp\/v2\/media\/75479"}],"wp:attachment":[{"href":"https:\/\/www.porlalibreedomex.com\/index.php?rest_route=%2Fwp%2Fv2%2Fmedia&parent=75476"}],"wp:term":[{"taxonomy":"category","embeddable":true,"href":"https:\/\/www.porlalibreedomex.com\/index.php?rest_route=%2Fwp%2Fv2%2Fcategories&post=75476"},{"taxonomy":"post_tag","embeddable":true,"href":"https:\/\/www.porlalibreedomex.com\/index.php?rest_route=%2Fwp%2Fv2%2Ftags&post=75476"}],"curies":[{"name":"wp","href":"https:\/\/api.w.org\/{rel}","templated":true}]}}