{"id":75161,"date":"2026-03-18T00:38:42","date_gmt":"2026-03-18T06:38:42","guid":{"rendered":"https:\/\/www.porlalibreedomex.com\/?p=75161"},"modified":"2026-03-19T00:39:18","modified_gmt":"2026-03-19T06:39:18","slug":"%f0%9f%9f%a2%f0%9f%9f%a1-uaemex-firma-alianza-con-centros-de-integracion-juvenil-a-c-para-trabajar-por-la-prevencion-del-consumo-de-sustancias-en-la-comunidad-universitaria","status":"publish","type":"post","link":"https:\/\/www.porlalibreedomex.com\/?p=75161","title":{"rendered":"\ud83d\udfe2\ud83d\udfe1 UAEM\u00e9x firma alianza con Centros de Integraci\u00f3n Juvenil A.C para trabajar por la prevenci\u00f3n del consumo de sustancias en la comunidad universitaria"},"content":{"rendered":"<p>&nbsp;<\/p>\n<p>\u2022<em><strong> En el marco del 1er. Foro Internacional de Prevenci\u00f3n del Consumo de Sustancias, se llev\u00f3 a cabo la firma de un convenio general de colaboraci\u00f3n entre la UAEM\u00e9x y Centros de Integraci\u00f3n Juvenil A.C.<\/strong><\/em><br \/>\n<em><strong>\u2022 La rectora Martha Patricia Zarza Delgado reafirm\u00f3 el compromiso de la Aut\u00f3noma mexiquense con una nueva perspectiva de cuidados y atenci\u00f3n de la salud mental.<\/strong><\/em><\/p>\n<p><strong>Toluca, M\u00e9xico,18 de marzo de 2026.<\/strong> La Universidad Aut\u00f3noma del Estado de M\u00e9xico (UAEM\u00e9x) busca consolidarse como un espacio seguro, sensible y comprometido con la salud mental, que ofrezca mecanismos, programas e insumos para garantizar el bienestar individual y colectivo de su comunidad, afirm\u00f3 la rectora Martha Patricia Zarza Delgado.<br \/>\nDurante el 1\u00ba Foro Internacional de Prevenci\u00f3n del Consumo de Sustancias y la firma de un convenio general de colaboraci\u00f3n con los Centros de Integraci\u00f3n Juvenil A.C., la rectora subray\u00f3 la importancia de fortalecer estrategias institucionales que atiendan de manera integral las problem\u00e1ticas que enfrentan las juventudes.<br \/>\nEn el marco del evento, Zarza Delgado y la directora general de dicha organizaci\u00f3n, Carmen Fern\u00e1ndez C\u00e1ceres, entregaron 29 constancias a egresadas y egresados del Diplomado en Recuperaci\u00f3n del Trauma Complejo.<\/p>\n<figure id=\"attachment_75165\" aria-describedby=\"caption-attachment-75165\" style=\"width: 696px\" class=\"wp-caption aligncenter\"><a href=\"https:\/\/www.porlalibreedomex.com\/wp-content\/uploads\/2026\/03\/La-UAEMex-busca-consolidarse-como-un-espacio-seguro-sensible-y-comprometido-con-la-salud-mental-dijo-la-Rectora.jpg\"><img loading=\"lazy\" decoding=\"async\" class=\"size-large wp-image-75165\" src=\"https:\/\/www.porlalibreedomex.com\/wp-content\/uploads\/2026\/03\/La-UAEMex-busca-consolidarse-como-un-espacio-seguro-sensible-y-comprometido-con-la-salud-mental-dijo-la-Rectora-1024x682.jpg\" alt=\"\" width=\"696\" height=\"464\" srcset=\"https:\/\/www.porlalibreedomex.com\/wp-content\/uploads\/2026\/03\/La-UAEMex-busca-consolidarse-como-un-espacio-seguro-sensible-y-comprometido-con-la-salud-mental-dijo-la-Rectora-1024x682.jpg 1024w, https:\/\/www.porlalibreedomex.com\/wp-content\/uploads\/2026\/03\/La-UAEMex-busca-consolidarse-como-un-espacio-seguro-sensible-y-comprometido-con-la-salud-mental-dijo-la-Rectora-300x200.jpg 300w, https:\/\/www.porlalibreedomex.com\/wp-content\/uploads\/2026\/03\/La-UAEMex-busca-consolidarse-como-un-espacio-seguro-sensible-y-comprometido-con-la-salud-mental-dijo-la-Rectora-768x512.jpg 768w, https:\/\/www.porlalibreedomex.com\/wp-content\/uploads\/2026\/03\/La-UAEMex-busca-consolidarse-como-un-espacio-seguro-sensible-y-comprometido-con-la-salud-mental-dijo-la-Rectora-1536x1023.jpg 1536w, https:\/\/www.porlalibreedomex.com\/wp-content\/uploads\/2026\/03\/La-UAEMex-busca-consolidarse-como-un-espacio-seguro-sensible-y-comprometido-con-la-salud-mental-dijo-la-Rectora-696x464.jpg 696w, https:\/\/www.porlalibreedomex.com\/wp-content\/uploads\/2026\/03\/La-UAEMex-busca-consolidarse-como-un-espacio-seguro-sensible-y-comprometido-con-la-salud-mental-dijo-la-Rectora-1068x712.jpg 1068w, https:\/\/www.porlalibreedomex.com\/wp-content\/uploads\/2026\/03\/La-UAEMex-busca-consolidarse-como-un-espacio-seguro-sensible-y-comprometido-con-la-salud-mental-dijo-la-Rectora-630x420.jpg 630w, https:\/\/www.porlalibreedomex.com\/wp-content\/uploads\/2026\/03\/La-UAEMex-busca-consolidarse-como-un-espacio-seguro-sensible-y-comprometido-con-la-salud-mental-dijo-la-Rectora.jpg 1600w\" sizes=\"auto, (max-width: 696px) 100vw, 696px\" \/><\/a><figcaption id=\"caption-attachment-75165\" class=\"wp-caption-text\">La UAEM\u00e9x busca consolidarse como un espacio seguro, sensible y comprometido con la salud mental, dijo la Rectora.<\/figcaption><\/figure>\n<p>Acompa\u00f1ada por la secretaria de Vinculaci\u00f3n, Extensi\u00f3n y Promoci\u00f3n de la Empleabilidad, Mariana Ortiz Reynoso, la rectora advirti\u00f3 que la falta de espacios seguros para la atenci\u00f3n de malestares psicol\u00f3gicos, sumada al estigma en torno a las adicciones, ha impactado principalmente a las juventudes.<br \/>\nEn el Auditorio \u201cIgnacio Ram\u00edrez Calzada\u201d de la Facultad de Ciencias Pol\u00edticas y Sociales, se\u00f1al\u00f3 que este contexto representa un desaf\u00edo para la cohesi\u00f3n social y la sustentabilidad de las instituciones, particularmente aquellas conformadas mayoritariamente por poblaci\u00f3n joven.<br \/>\nZarza Delgado reiter\u00f3 el compromiso de la UAEM\u00e9x con una nueva perspectiva de cuidados que priorice la salud mental y promueva h\u00e1bitos saludables en la comunidad universitaria. Destac\u00f3 que la llamada Transformaci\u00f3n Universitaria coloca en el centro la atenci\u00f3n de las problem\u00e1ticas juveniles para garantizar un bienestar integral.<br \/>\nAsimismo, explic\u00f3 que el convenio y el foro internacional articulan esfuerzos entre los sectores educativo, de salud, investigaci\u00f3n e intervenci\u00f3n social, con el objetivo de generar respuestas m\u00e1s s\u00f3lidas y efectivas.<\/p>\n<figure id=\"attachment_75166\" aria-describedby=\"caption-attachment-75166\" style=\"width: 696px\" class=\"wp-caption aligncenter\"><a href=\"https:\/\/www.porlalibreedomex.com\/wp-content\/uploads\/2026\/03\/En-el-Auditorio-Ignacio-Ramirez-Calzada-de-la-Facultad-de-Ciencias-Politicas-y-Sociales-fue-la-firma-del-convenio.jpg\"><img loading=\"lazy\" decoding=\"async\" class=\"size-large wp-image-75166\" src=\"https:\/\/www.porlalibreedomex.com\/wp-content\/uploads\/2026\/03\/En-el-Auditorio-Ignacio-Ramirez-Calzada-de-la-Facultad-de-Ciencias-Politicas-y-Sociales-fue-la-firma-del-convenio-1024x448.jpg\" alt=\"\" width=\"696\" height=\"305\" srcset=\"https:\/\/www.porlalibreedomex.com\/wp-content\/uploads\/2026\/03\/En-el-Auditorio-Ignacio-Ramirez-Calzada-de-la-Facultad-de-Ciencias-Politicas-y-Sociales-fue-la-firma-del-convenio-1024x448.jpg 1024w, https:\/\/www.porlalibreedomex.com\/wp-content\/uploads\/2026\/03\/En-el-Auditorio-Ignacio-Ramirez-Calzada-de-la-Facultad-de-Ciencias-Politicas-y-Sociales-fue-la-firma-del-convenio-300x131.jpg 300w, https:\/\/www.porlalibreedomex.com\/wp-content\/uploads\/2026\/03\/En-el-Auditorio-Ignacio-Ramirez-Calzada-de-la-Facultad-de-Ciencias-Politicas-y-Sociales-fue-la-firma-del-convenio-768x336.jpg 768w, https:\/\/www.porlalibreedomex.com\/wp-content\/uploads\/2026\/03\/En-el-Auditorio-Ignacio-Ramirez-Calzada-de-la-Facultad-de-Ciencias-Politicas-y-Sociales-fue-la-firma-del-convenio-1536x672.jpg 1536w, https:\/\/www.porlalibreedomex.com\/wp-content\/uploads\/2026\/03\/En-el-Auditorio-Ignacio-Ramirez-Calzada-de-la-Facultad-de-Ciencias-Politicas-y-Sociales-fue-la-firma-del-convenio-696x305.jpg 696w, https:\/\/www.porlalibreedomex.com\/wp-content\/uploads\/2026\/03\/En-el-Auditorio-Ignacio-Ramirez-Calzada-de-la-Facultad-de-Ciencias-Politicas-y-Sociales-fue-la-firma-del-convenio-1068x467.jpg 1068w, https:\/\/www.porlalibreedomex.com\/wp-content\/uploads\/2026\/03\/En-el-Auditorio-Ignacio-Ramirez-Calzada-de-la-Facultad-de-Ciencias-Politicas-y-Sociales-fue-la-firma-del-convenio-960x420.jpg 960w, https:\/\/www.porlalibreedomex.com\/wp-content\/uploads\/2026\/03\/En-el-Auditorio-Ignacio-Ramirez-Calzada-de-la-Facultad-de-Ciencias-Politicas-y-Sociales-fue-la-firma-del-convenio.jpg 1600w\" sizes=\"auto, (max-width: 696px) 100vw, 696px\" \/><\/a><figcaption id=\"caption-attachment-75166\" class=\"wp-caption-text\">En el Auditorio \u201cIgnacio Ram\u00edrez Calzada\u201d de la Facultad de Ciencias Pol\u00edticas y Sociales, fue la firma del convenio.<\/figcaption><\/figure>\n<p>Por su parte, Fern\u00e1ndez C\u00e1ceres enfatiz\u00f3 que la firma del acuerdo representa la suma de voluntades institucionales para fortalecer la formaci\u00f3n acad\u00e9mica con enfoque en salud mental, as\u00ed como la generaci\u00f3n de conocimiento que atienda las necesidades de las juventudes.<br \/>\nAdvirti\u00f3 que el contexto actual expone a j\u00f3venes y personas adultas a problem\u00e1ticas como la violencia y el consumo de sustancias il\u00edcitas, lo que deriva en adicciones y afectaciones a la salud mental.<br \/>\nEn este sentido, subray\u00f3 que la investigaci\u00f3n y el an\u00e1lisis de estos fen\u00f3menos permiten dise\u00f1ar alternativas que brinden acompa\u00f1amiento y herramientas para enfrentar situaciones complejas.<br \/>\nDurante el acto tambi\u00e9n estuvieron presentes autoridades universitarias y representantes del sector salud, quienes coincidieron en la necesidad de fortalecer el trabajo conjunto, el di\u00e1logo abierto y la construcci\u00f3n de soluciones integrales.<br \/>\nFinalmente, se inform\u00f3 que el 1\u00ba Foro Internacional de Prevenci\u00f3n del Consumo de Sustancias se llevar\u00e1 a cabo hasta el 20 de marzo, con actividades como verbenas informativas, concursos de dibujo, conferencias, mesas redondas, conversatorios y expresiones art\u00edsticas.<\/p>\n","protected":false},"excerpt":{"rendered":"<p>&nbsp; \u2022 En el marco del 1er. Foro Internacional de Prevenci\u00f3n del Consumo de Sustancias, se llev\u00f3 a cabo la firma de un convenio general de colaboraci\u00f3n entre la UAEM\u00e9x y Centros de Integraci\u00f3n Juvenil A.C. \u2022 La rectora Martha Patricia Zarza Delgado reafirm\u00f3 el compromiso de la Aut\u00f3noma mexiquense con una nueva perspectiva de [&hellip;]<\/p>\n","protected":false},"author":3,"featured_media":75163,"comment_status":"closed","ping_status":"closed","sticky":false,"template":"","format":"standard","meta":{"footnotes":""},"categories":[9157,16],"tags":[35586,35584,35585,34650,35587],"class_list":{"0":"post-75161","1":"post","2":"type-post","3":"status-publish","4":"format-standard","5":"has-post-thumbnail","7":"category-edomex","8":"category-foto","9":"tag-cij-carmen-fernandez-caceres","10":"tag-convenio-uaemex-y-centros-de-integracion-juvenil","11":"tag-prevencion-de-adicciones-en-la-uaemex","12":"tag-rectora-martha-patricia-zarza-delgado","13":"tag-secretaria-mariana-ortiz-reynoso"},"wps_subtitle":"","_links":{"self":[{"href":"https:\/\/www.porlalibreedomex.com\/index.php?rest_route=\/wp\/v2\/posts\/75161","targetHints":{"allow":["GET"]}}],"collection":[{"href":"https:\/\/www.porlalibreedomex.com\/index.php?rest_route=\/wp\/v2\/posts"}],"about":[{"href":"https:\/\/www.porlalibreedomex.com\/index.php?rest_route=\/wp\/v2\/types\/post"}],"author":[{"embeddable":true,"href":"https:\/\/www.porlalibreedomex.com\/index.php?rest_route=\/wp\/v2\/users\/3"}],"replies":[{"embeddable":true,"href":"https:\/\/www.porlalibreedomex.com\/index.php?rest_route=%2Fwp%2Fv2%2Fcomments&post=75161"}],"version-history":[{"count":1,"href":"https:\/\/www.porlalibreedomex.com\/index.php?rest_route=\/wp\/v2\/posts\/75161\/revisions"}],"predecessor-version":[{"id":75167,"href":"https:\/\/www.porlalibreedomex.com\/index.php?rest_route=\/wp\/v2\/posts\/75161\/revisions\/75167"}],"wp:featuredmedia":[{"embeddable":true,"href":"https:\/\/www.porlalibreedomex.com\/index.php?rest_route=\/wp\/v2\/media\/75163"}],"wp:attachment":[{"href":"https:\/\/www.porlalibreedomex.com\/index.php?rest_route=%2Fwp%2Fv2%2Fmedia&parent=75161"}],"wp:term":[{"taxonomy":"category","embeddable":true,"href":"https:\/\/www.porlalibreedomex.com\/index.php?rest_route=%2Fwp%2Fv2%2Fcategories&post=75161"},{"taxonomy":"post_tag","embeddable":true,"href":"https:\/\/www.porlalibreedomex.com\/index.php?rest_route=%2Fwp%2Fv2%2Ftags&post=75161"}],"curies":[{"name":"wp","href":"https:\/\/api.w.org\/{rel}","templated":true}]}}