{"id":75151,"date":"2026-03-17T02:25:04","date_gmt":"2026-03-17T08:25:04","guid":{"rendered":"https:\/\/www.porlalibreedomex.com\/?p=75151"},"modified":"2026-03-18T02:26:15","modified_gmt":"2026-03-18T08:26:15","slug":"lideres-empresariales-responden-a-la-convocatoria-de-fernando-flores-quien-anuncio-los-proyectos-distrito-y-puerta-metepec","status":"publish","type":"post","link":"https:\/\/www.porlalibreedomex.com\/?p=75151","title":{"rendered":"L\u00cdDERES EMPRESARIALES RESPONDEN A LA CONVOCATORIA DE FERNANDO FLORES, QUIEN ANUNCI\u00d3 LOS PROYECTOS, DISTRITO Y PUERTA METEPEC"},"content":{"rendered":"<p>&nbsp;<\/p>\n<ul>\n<li><em><strong>El Gobierno Municipal ofrece transparencia, seguridad p\u00fablica, certidumbre y apoyo a emprendedores, lo que se refleja en el desarrollo econ\u00f3mico, la creaci\u00f3n de empleos y mejores niveles de bienestar para los habitantes. <\/strong><\/em><\/li>\n<\/ul>\n<p><strong>E<\/strong>n 5 a\u00f1os el gobierno de Metepec y la participaci\u00f3n activa del sector empresarial mexiquense, han creado en la demarcaci\u00f3n un fuerte y trascendente desarrollo econ\u00f3mico caracterizado por su competitividad y constantes inversiones \u00a0que se reflejan de manera especial en empleo y mayores niveles de bienestar, por el apoyo que se proporciona a los emprendedores y por la confianza que ha logrado\u00a0 obtener el gobierno municipal por su transparencia, la seguridad p\u00fablica alcanzada, y la certidumbre que ofrece a los inversionistas.<\/p>\n<p>Entre los m\u00faltiples temas abordados, el <strong>presidente municipal Fernando Flores, anunci\u00f3 dos proyectos que detallar\u00e1 en unos d\u00edas m\u00e1s, se trata de Distrito y Puerta Metepec<\/strong>, mismos que asegur\u00f3 el edil, se constituir\u00e1n como punto neur\u00e1lgico para la econom\u00eda del Valle de Toluca.<\/p>\n<figure id=\"attachment_75153\" aria-describedby=\"caption-attachment-75153\" style=\"width: 696px\" class=\"wp-caption aligncenter\"><a href=\"https:\/\/www.porlalibreedomex.com\/wp-content\/uploads\/2026\/03\/Gran-respuesta-tuvo-la-convocatoria-del-alcalde-Fernando-Flores-para-presentar-nuevos-proyectos-que-fortaleceran-el-desarrollo-economico-de-la-region.jpg\"><img loading=\"lazy\" decoding=\"async\" class=\"size-large wp-image-75153\" src=\"https:\/\/www.porlalibreedomex.com\/wp-content\/uploads\/2026\/03\/Gran-respuesta-tuvo-la-convocatoria-del-alcalde-Fernando-Flores-para-presentar-nuevos-proyectos-que-fortaleceran-el-desarrollo-economico-de-la-region-1024x682.jpg\" alt=\"\" width=\"696\" height=\"464\" srcset=\"https:\/\/www.porlalibreedomex.com\/wp-content\/uploads\/2026\/03\/Gran-respuesta-tuvo-la-convocatoria-del-alcalde-Fernando-Flores-para-presentar-nuevos-proyectos-que-fortaleceran-el-desarrollo-economico-de-la-region-1024x682.jpg 1024w, https:\/\/www.porlalibreedomex.com\/wp-content\/uploads\/2026\/03\/Gran-respuesta-tuvo-la-convocatoria-del-alcalde-Fernando-Flores-para-presentar-nuevos-proyectos-que-fortaleceran-el-desarrollo-economico-de-la-region-300x200.jpg 300w, https:\/\/www.porlalibreedomex.com\/wp-content\/uploads\/2026\/03\/Gran-respuesta-tuvo-la-convocatoria-del-alcalde-Fernando-Flores-para-presentar-nuevos-proyectos-que-fortaleceran-el-desarrollo-economico-de-la-region-768x512.jpg 768w, https:\/\/www.porlalibreedomex.com\/wp-content\/uploads\/2026\/03\/Gran-respuesta-tuvo-la-convocatoria-del-alcalde-Fernando-Flores-para-presentar-nuevos-proyectos-que-fortaleceran-el-desarrollo-economico-de-la-region-1536x1023.jpg 1536w, https:\/\/www.porlalibreedomex.com\/wp-content\/uploads\/2026\/03\/Gran-respuesta-tuvo-la-convocatoria-del-alcalde-Fernando-Flores-para-presentar-nuevos-proyectos-que-fortaleceran-el-desarrollo-economico-de-la-region-696x464.jpg 696w, https:\/\/www.porlalibreedomex.com\/wp-content\/uploads\/2026\/03\/Gran-respuesta-tuvo-la-convocatoria-del-alcalde-Fernando-Flores-para-presentar-nuevos-proyectos-que-fortaleceran-el-desarrollo-economico-de-la-region-1068x712.jpg 1068w, https:\/\/www.porlalibreedomex.com\/wp-content\/uploads\/2026\/03\/Gran-respuesta-tuvo-la-convocatoria-del-alcalde-Fernando-Flores-para-presentar-nuevos-proyectos-que-fortaleceran-el-desarrollo-economico-de-la-region-630x420.jpg 630w, https:\/\/www.porlalibreedomex.com\/wp-content\/uploads\/2026\/03\/Gran-respuesta-tuvo-la-convocatoria-del-alcalde-Fernando-Flores-para-presentar-nuevos-proyectos-que-fortaleceran-el-desarrollo-economico-de-la-region.jpg 1600w\" sizes=\"auto, (max-width: 696px) 100vw, 696px\" \/><\/a><figcaption id=\"caption-attachment-75153\" class=\"wp-caption-text\">Gran respuesta tuvo la convocatoria del alcalde Fernando Flores para presentar a dirigentes empresariales nuevos proyectos que fortalecer\u00e1n el desarrollo econ\u00f3mico de la regi\u00f3n.<\/figcaption><\/figure>\n<p>As\u00ed qued\u00f3 de manifiesto en la Sesi\u00f3n Ordinaria del\u00a0 Consejo Consultivo para el Desarrollo Econ\u00f3mico de Metepec, presidida por el alcalde Fernando Flores Fern\u00e1ndez, quien recalc\u00f3 la valiosa intervenci\u00f3n coordinada del sector empresarial en el trabajo p\u00fablico, permitiendo revolucionar las condiciones de desarrollo que se reflejan directamente en el bienestar de la ciudadan\u00eda.<\/p>\n<p>Entre los m\u00faltiples temas abordados, el presidente municipal Fernando Flores, anunci\u00f3 dos proyectos que detallar\u00e1 en unos d\u00edas m\u00e1s, se trata de Distrito y Puerta Metepec, mismos que asegur\u00f3 el edil, se constituir\u00e1n como centro log\u00edstico para la econom\u00eda del Valle de Toluca.<\/p>\n<p><a href=\"https:\/\/www.porlalibreedomex.com\/wp-content\/uploads\/2026\/03\/Dirigentes-de-grupos-empresariales-y-de-servicios-acudieron-a-la-presentacion-de-los-proyectos-Distrito-y-Puerta-Metepec.jpg\"><img loading=\"lazy\" decoding=\"async\" class=\"aligncenter size-large wp-image-75152\" src=\"https:\/\/www.porlalibreedomex.com\/wp-content\/uploads\/2026\/03\/Dirigentes-de-grupos-empresariales-y-de-servicios-acudieron-a-la-presentacion-de-los-proyectos-Distrito-y-Puerta-Metepec-1024x575.jpg\" alt=\"\" width=\"696\" height=\"391\" srcset=\"https:\/\/www.porlalibreedomex.com\/wp-content\/uploads\/2026\/03\/Dirigentes-de-grupos-empresariales-y-de-servicios-acudieron-a-la-presentacion-de-los-proyectos-Distrito-y-Puerta-Metepec-1024x575.jpg 1024w, https:\/\/www.porlalibreedomex.com\/wp-content\/uploads\/2026\/03\/Dirigentes-de-grupos-empresariales-y-de-servicios-acudieron-a-la-presentacion-de-los-proyectos-Distrito-y-Puerta-Metepec-300x168.jpg 300w, https:\/\/www.porlalibreedomex.com\/wp-content\/uploads\/2026\/03\/Dirigentes-de-grupos-empresariales-y-de-servicios-acudieron-a-la-presentacion-de-los-proyectos-Distrito-y-Puerta-Metepec-768x431.jpg 768w, https:\/\/www.porlalibreedomex.com\/wp-content\/uploads\/2026\/03\/Dirigentes-de-grupos-empresariales-y-de-servicios-acudieron-a-la-presentacion-de-los-proyectos-Distrito-y-Puerta-Metepec-1536x862.jpg 1536w, https:\/\/www.porlalibreedomex.com\/wp-content\/uploads\/2026\/03\/Dirigentes-de-grupos-empresariales-y-de-servicios-acudieron-a-la-presentacion-de-los-proyectos-Distrito-y-Puerta-Metepec-696x391.jpg 696w, https:\/\/www.porlalibreedomex.com\/wp-content\/uploads\/2026\/03\/Dirigentes-de-grupos-empresariales-y-de-servicios-acudieron-a-la-presentacion-de-los-proyectos-Distrito-y-Puerta-Metepec-1068x599.jpg 1068w, https:\/\/www.porlalibreedomex.com\/wp-content\/uploads\/2026\/03\/Dirigentes-de-grupos-empresariales-y-de-servicios-acudieron-a-la-presentacion-de-los-proyectos-Distrito-y-Puerta-Metepec-748x420.jpg 748w, https:\/\/www.porlalibreedomex.com\/wp-content\/uploads\/2026\/03\/Dirigentes-de-grupos-empresariales-y-de-servicios-acudieron-a-la-presentacion-de-los-proyectos-Distrito-y-Puerta-Metepec.jpg 1600w\" sizes=\"auto, (max-width: 696px) 100vw, 696px\" \/><\/a><\/p>\n<p>En la reuni\u00f3n de trabajo estuvieron presentes Asociaciones, Consejos, Federaciones, Confederaciones, C\u00e1maras, Aseguradoras, Grupos de liderazgo, Uniones y m\u00e1s, en diversos ramos de producci\u00f3n, servicios y de representatividad, mismos que forman parte, por primera vez y sin precedente en la entidad, desde hace 5 a\u00f1os en el Consejo Consultivo de Desarrollo Econ\u00f3mico de Metepec, que rubrica y compromete una labor corresponsable de \u00e9xito y liderazgo en la quinta zona metropolitana m\u00e1s importante del pa\u00eds.<\/p>\n","protected":false},"excerpt":{"rendered":"<p>&nbsp; El Gobierno Municipal ofrece transparencia, seguridad p\u00fablica, certidumbre y apoyo a emprendedores, lo que se refleja en el desarrollo econ\u00f3mico, la creaci\u00f3n de empleos y mejores niveles de bienestar para los habitantes. En 5 a\u00f1os el gobierno de Metepec y la participaci\u00f3n activa del sector empresarial mexiquense, han creado en la demarcaci\u00f3n un fuerte [&hellip;]<\/p>\n","protected":false},"author":3,"featured_media":75154,"comment_status":"closed","ping_status":"closed","sticky":false,"template":"","format":"standard","meta":{"footnotes":""},"categories":[9146,9157,16],"tags":[35579,35580,35581,35578],"class_list":{"0":"post-75151","1":"post","2":"type-post","3":"status-publish","4":"format-standard","5":"has-post-thumbnail","7":"category-economia","8":"category-edomex","9":"category-foto","10":"tag-alcalde-fernando-flores-fernandezconsejo-consultivo-para-el-desarrollo-economico","11":"tag-convertir-a-metepec-en-el-centro-neuralgico","12":"tag-desarrollo-economico-valle-de-toluca","13":"tag-proyectos-distrito-y-puerta-metepec"},"wps_subtitle":"","_links":{"self":[{"href":"https:\/\/www.porlalibreedomex.com\/index.php?rest_route=\/wp\/v2\/posts\/75151","targetHints":{"allow":["GET"]}}],"collection":[{"href":"https:\/\/www.porlalibreedomex.com\/index.php?rest_route=\/wp\/v2\/posts"}],"about":[{"href":"https:\/\/www.porlalibreedomex.com\/index.php?rest_route=\/wp\/v2\/types\/post"}],"author":[{"embeddable":true,"href":"https:\/\/www.porlalibreedomex.com\/index.php?rest_route=\/wp\/v2\/users\/3"}],"replies":[{"embeddable":true,"href":"https:\/\/www.porlalibreedomex.com\/index.php?rest_route=%2Fwp%2Fv2%2Fcomments&post=75151"}],"version-history":[{"count":1,"href":"https:\/\/www.porlalibreedomex.com\/index.php?rest_route=\/wp\/v2\/posts\/75151\/revisions"}],"predecessor-version":[{"id":75155,"href":"https:\/\/www.porlalibreedomex.com\/index.php?rest_route=\/wp\/v2\/posts\/75151\/revisions\/75155"}],"wp:featuredmedia":[{"embeddable":true,"href":"https:\/\/www.porlalibreedomex.com\/index.php?rest_route=\/wp\/v2\/media\/75154"}],"wp:attachment":[{"href":"https:\/\/www.porlalibreedomex.com\/index.php?rest_route=%2Fwp%2Fv2%2Fmedia&parent=75151"}],"wp:term":[{"taxonomy":"category","embeddable":true,"href":"https:\/\/www.porlalibreedomex.com\/index.php?rest_route=%2Fwp%2Fv2%2Fcategories&post=75151"},{"taxonomy":"post_tag","embeddable":true,"href":"https:\/\/www.porlalibreedomex.com\/index.php?rest_route=%2Fwp%2Fv2%2Ftags&post=75151"}],"curies":[{"name":"wp","href":"https:\/\/api.w.org\/{rel}","templated":true}]}}