{"id":75145,"date":"2026-03-16T03:00:37","date_gmt":"2026-03-16T09:00:37","guid":{"rendered":"https:\/\/www.porlalibreedomex.com\/?p=75145"},"modified":"2026-03-17T03:01:31","modified_gmt":"2026-03-17T09:01:31","slug":"lauro-zavala-analiza-la-representacion-de-la-violencia-y-el-erotismo-en-el-cine-en-la-uaemex","status":"publish","type":"post","link":"https:\/\/www.porlalibreedomex.com\/?p=75145","title":{"rendered":"Lauro Zavala analiza la representaci\u00f3n de la violencia y el erotismo en el cine, en la UAEM\u00e9x"},"content":{"rendered":"<div><\/div>\n<ul>\n<li><strong><i>El te\u00f3rico cinematogr\u00e1fico imparti\u00f3 una conferencia en la Escuela de Artes Esc\u00e9nicas de la UAEM\u00e9x, donde explic\u00f3 el concepto de Amplitud Estil\u00edstica y su utilidad para comprender c\u00f3mo el lenguaje f\u00edlmico construye la experiencia emocional e ideol\u00f3gica del espectador.<\/i><\/strong><\/li>\n<\/ul>\n<div><b>Toluca, M\u00e9xico, 16 de marzo de 2026.<\/b>\u00a0En la Escuela de Artes Esc\u00e9nicas de la Universidad Aut\u00f3noma del Estado de M\u00e9xico (UAEM\u00e9x) se llev\u00f3 a cabo la conferencia \u201cRepresentaci\u00f3n de la violencia y el erotismo en el cine: an\u00e1lisis de la amplitud estil\u00edstica\u201d, impartida por el te\u00f3rico y analista cinematogr\u00e1fico mexicano Lauro Zavala, quien dialog\u00f3 con estudiantes y acad\u00e9micos sobre las herramientas del an\u00e1lisis cinematogr\u00e1fico contempor\u00e1neo.<\/div>\n<div>Ante la comunidad universitaria, Zavala explic\u00f3 que la Amplitud Estil\u00edstica es un recurso del lenguaje cinematogr\u00e1fico relacionado con la puesta en escena, construido a partir de la interacci\u00f3n de distintos elementos formales como la imagen, el sonido, el montaje y la narraci\u00f3n.<\/div>\n<div>De acuerdo con el especialista, este recurso puede analizarse con mayor precisi\u00f3n en secuencias particularmente significativas, como aquellas que representan violencia o erotismo.<\/div>\n<div><a href=\"https:\/\/www.porlalibreedomex.com\/wp-content\/uploads\/2026\/03\/En-la-Escuela-de-Artes-Escenicas-de-la-UAEMex-en-la-conferencia-del-maestro-Lauro-Zavala.jpg\"><img loading=\"lazy\" decoding=\"async\" class=\"aligncenter size-large wp-image-75147\" src=\"https:\/\/www.porlalibreedomex.com\/wp-content\/uploads\/2026\/03\/En-la-Escuela-de-Artes-Escenicas-de-la-UAEMex-en-la-conferencia-del-maestro-Lauro-Zavala-1024x614.jpg\" alt=\"\" width=\"696\" height=\"417\" srcset=\"https:\/\/www.porlalibreedomex.com\/wp-content\/uploads\/2026\/03\/En-la-Escuela-de-Artes-Escenicas-de-la-UAEMex-en-la-conferencia-del-maestro-Lauro-Zavala-1024x614.jpg 1024w, https:\/\/www.porlalibreedomex.com\/wp-content\/uploads\/2026\/03\/En-la-Escuela-de-Artes-Escenicas-de-la-UAEMex-en-la-conferencia-del-maestro-Lauro-Zavala-300x180.jpg 300w, https:\/\/www.porlalibreedomex.com\/wp-content\/uploads\/2026\/03\/En-la-Escuela-de-Artes-Escenicas-de-la-UAEMex-en-la-conferencia-del-maestro-Lauro-Zavala-768x461.jpg 768w, https:\/\/www.porlalibreedomex.com\/wp-content\/uploads\/2026\/03\/En-la-Escuela-de-Artes-Escenicas-de-la-UAEMex-en-la-conferencia-del-maestro-Lauro-Zavala-1536x922.jpg 1536w, https:\/\/www.porlalibreedomex.com\/wp-content\/uploads\/2026\/03\/En-la-Escuela-de-Artes-Escenicas-de-la-UAEMex-en-la-conferencia-del-maestro-Lauro-Zavala-696x418.jpg 696w, https:\/\/www.porlalibreedomex.com\/wp-content\/uploads\/2026\/03\/En-la-Escuela-de-Artes-Escenicas-de-la-UAEMex-en-la-conferencia-del-maestro-Lauro-Zavala-1068x641.jpg 1068w, https:\/\/www.porlalibreedomex.com\/wp-content\/uploads\/2026\/03\/En-la-Escuela-de-Artes-Escenicas-de-la-UAEMex-en-la-conferencia-del-maestro-Lauro-Zavala-700x420.jpg 700w, https:\/\/www.porlalibreedomex.com\/wp-content\/uploads\/2026\/03\/En-la-Escuela-de-Artes-Escenicas-de-la-UAEMex-en-la-conferencia-del-maestro-Lauro-Zavala.jpg 1600w\" sizes=\"auto, (max-width: 696px) 100vw, 696px\" \/><\/a> <a href=\"https:\/\/www.porlalibreedomex.com\/wp-content\/uploads\/2026\/03\/El-teorico-cinematografico-impartio-una-conferencia-en-la-Escuela-de-Artes-Escenicas-de-la-UAEMex.jpg\"><img loading=\"lazy\" decoding=\"async\" class=\"aligncenter size-large wp-image-75148\" src=\"https:\/\/www.porlalibreedomex.com\/wp-content\/uploads\/2026\/03\/El-teorico-cinematografico-impartio-una-conferencia-en-la-Escuela-de-Artes-Escenicas-de-la-UAEMex-1024x682.jpg\" alt=\"\" width=\"696\" height=\"464\" srcset=\"https:\/\/www.porlalibreedomex.com\/wp-content\/uploads\/2026\/03\/El-teorico-cinematografico-impartio-una-conferencia-en-la-Escuela-de-Artes-Escenicas-de-la-UAEMex-1024x682.jpg 1024w, https:\/\/www.porlalibreedomex.com\/wp-content\/uploads\/2026\/03\/El-teorico-cinematografico-impartio-una-conferencia-en-la-Escuela-de-Artes-Escenicas-de-la-UAEMex-300x200.jpg 300w, https:\/\/www.porlalibreedomex.com\/wp-content\/uploads\/2026\/03\/El-teorico-cinematografico-impartio-una-conferencia-en-la-Escuela-de-Artes-Escenicas-de-la-UAEMex-768x512.jpg 768w, https:\/\/www.porlalibreedomex.com\/wp-content\/uploads\/2026\/03\/El-teorico-cinematografico-impartio-una-conferencia-en-la-Escuela-de-Artes-Escenicas-de-la-UAEMex-1536x1023.jpg 1536w, https:\/\/www.porlalibreedomex.com\/wp-content\/uploads\/2026\/03\/El-teorico-cinematografico-impartio-una-conferencia-en-la-Escuela-de-Artes-Escenicas-de-la-UAEMex-696x464.jpg 696w, https:\/\/www.porlalibreedomex.com\/wp-content\/uploads\/2026\/03\/El-teorico-cinematografico-impartio-una-conferencia-en-la-Escuela-de-Artes-Escenicas-de-la-UAEMex-1068x712.jpg 1068w, https:\/\/www.porlalibreedomex.com\/wp-content\/uploads\/2026\/03\/El-teorico-cinematografico-impartio-una-conferencia-en-la-Escuela-de-Artes-Escenicas-de-la-UAEMex-630x420.jpg 630w, https:\/\/www.porlalibreedomex.com\/wp-content\/uploads\/2026\/03\/El-teorico-cinematografico-impartio-una-conferencia-en-la-Escuela-de-Artes-Escenicas-de-la-UAEMex.jpg 1600w\" sizes=\"auto, (max-width: 696px) 100vw, 696px\" \/><\/a><\/div>\n<div><\/div>\n<div>\u201cEl involucramiento del espectador en el ritmo dram\u00e1tico de una secuencia es controlado por todos los elementos de la forma. Estos se integran en la Amplitud Estil\u00edstica, que incluso puede graficarse para comprender c\u00f3mo se construye la experiencia ideol\u00f3gica y emocional del espectador\u201d, precis\u00f3.<\/div>\n<div>Durante su exposici\u00f3n, el acad\u00e9mico explic\u00f3 que la Baja Amplitud Estil\u00edstica corresponde al lenguaje del cine cl\u00e1sico, mientras que la Alta Amplitud Estil\u00edstica se asocia con el cine moderno.<\/div>\n<div>En el caso del cine posmoderno \u2014a\u00f1adi\u00f3\u2014 se identifican dos estrategias: la Amplitud Estil\u00edstica Mixta, que combina simult\u00e1neamente registros cl\u00e1sicos y modernos en un mismo plano, y la Amplitud Estil\u00edstica Variable, donde estos registros se alternan a lo largo de una misma secuencia.<\/div>\n<div>Como parte del an\u00e1lisis, el p\u00fablico observ\u00f3 y discuti\u00f3 fragmentos de pel\u00edculas como Psycho, Reservoir Dogs, Yojimbo, Mar\u00eda Candelaria, 5 to 7 y The Tobacconist, cuyas secuencias permitieron ejemplificar distintos niveles de amplitud estil\u00edstica.<\/div>\n<div>\u201cEn el cine mexicano no hay pel\u00edculas er\u00f3ticas, pero s\u00ed secuencias er\u00f3ticas. Tambi\u00e9n resulta interesante que ante el cine violento no exista tanta escandalizaci\u00f3n como cuando se aborda el erotismo; es un fen\u00f3meno incluso social\u201d, coment\u00f3.<\/div>\n<div>Finalmente, Lauro Zavala destac\u00f3 que el an\u00e1lisis cinematogr\u00e1fico permite comprender c\u00f3mo la forma f\u00edlmica influye en la percepci\u00f3n del p\u00fablico y celebr\u00f3 la existencia de espacios de reflexi\u00f3n acad\u00e9mica que fomentan el estudio del cine desde su dimensi\u00f3n formal y est\u00e9tica.<\/div>\n<div><b>\u00a0<\/b><\/div>\n<div><\/div>\n","protected":false},"excerpt":{"rendered":"<p>El te\u00f3rico cinematogr\u00e1fico imparti\u00f3 una conferencia en la Escuela de Artes Esc\u00e9nicas de la UAEM\u00e9x, donde explic\u00f3 el concepto de Amplitud Estil\u00edstica y su utilidad para comprender c\u00f3mo el lenguaje f\u00edlmico construye la experiencia emocional e ideol\u00f3gica del espectador. Toluca, M\u00e9xico, 16 de marzo de 2026.\u00a0En la Escuela de Artes Esc\u00e9nicas de la Universidad Aut\u00f3noma [&hellip;]<\/p>\n","protected":false},"author":3,"featured_media":75146,"comment_status":"closed","ping_status":"closed","sticky":false,"template":"","format":"standard","meta":{"footnotes":""},"categories":[9873,9148,16],"tags":[35577,35576,35575],"class_list":{"0":"post-75145","1":"post","2":"type-post","3":"status-publish","4":"format-standard","5":"has-post-thumbnail","7":"category-cultura","8":"category-educacion","9":"category-foto","10":"tag-amplitud-estilistica-mixta-en-el-cine","11":"tag-conferencia-de-lauro-zavala-en-la-uaemex","12":"tag-escuela-de-artes-escenicas-de-la-uaemex"},"wps_subtitle":"","_links":{"self":[{"href":"https:\/\/www.porlalibreedomex.com\/index.php?rest_route=\/wp\/v2\/posts\/75145","targetHints":{"allow":["GET"]}}],"collection":[{"href":"https:\/\/www.porlalibreedomex.com\/index.php?rest_route=\/wp\/v2\/posts"}],"about":[{"href":"https:\/\/www.porlalibreedomex.com\/index.php?rest_route=\/wp\/v2\/types\/post"}],"author":[{"embeddable":true,"href":"https:\/\/www.porlalibreedomex.com\/index.php?rest_route=\/wp\/v2\/users\/3"}],"replies":[{"embeddable":true,"href":"https:\/\/www.porlalibreedomex.com\/index.php?rest_route=%2Fwp%2Fv2%2Fcomments&post=75145"}],"version-history":[{"count":1,"href":"https:\/\/www.porlalibreedomex.com\/index.php?rest_route=\/wp\/v2\/posts\/75145\/revisions"}],"predecessor-version":[{"id":75149,"href":"https:\/\/www.porlalibreedomex.com\/index.php?rest_route=\/wp\/v2\/posts\/75145\/revisions\/75149"}],"wp:featuredmedia":[{"embeddable":true,"href":"https:\/\/www.porlalibreedomex.com\/index.php?rest_route=\/wp\/v2\/media\/75146"}],"wp:attachment":[{"href":"https:\/\/www.porlalibreedomex.com\/index.php?rest_route=%2Fwp%2Fv2%2Fmedia&parent=75145"}],"wp:term":[{"taxonomy":"category","embeddable":true,"href":"https:\/\/www.porlalibreedomex.com\/index.php?rest_route=%2Fwp%2Fv2%2Fcategories&post=75145"},{"taxonomy":"post_tag","embeddable":true,"href":"https:\/\/www.porlalibreedomex.com\/index.php?rest_route=%2Fwp%2Fv2%2Ftags&post=75145"}],"curies":[{"name":"wp","href":"https:\/\/api.w.org\/{rel}","templated":true}]}}