{"id":75132,"date":"2026-03-15T01:47:22","date_gmt":"2026-03-15T07:47:22","guid":{"rendered":"https:\/\/www.porlalibreedomex.com\/?p=75132"},"modified":"2026-03-16T01:48:47","modified_gmt":"2026-03-16T07:48:47","slug":"cientificas-mexiquenses-inspiran-a-ninas-a-traves-de-la-exposicion-fotografica-la-mujer-y-la-nina-en-la-ciencia-esfuerzo-de-la-uaemex-y-el-comecyt","status":"publish","type":"post","link":"https:\/\/www.porlalibreedomex.com\/?p=75132","title":{"rendered":"Cient\u00edficas mexiquenses inspiran a ni\u00f1as, a trav\u00e9s de la exposici\u00f3n fotogr\u00e1fica \u201cLa mujer y la ni\u00f1a en la ciencia\u201d, esfuerzo de la UAEM\u00e9x y el COMECyT*"},"content":{"rendered":"<div><\/div>\n<ul>\n<li><strong><i>La muestra re\u00fane retratos de investigadoras y busca reconocer la labor cient\u00edfica de mujeres mexiquenses e inspirar a ni\u00f1as y j\u00f3venes a incursionar en la ciencia. Est\u00e1 abierta al p\u00fablico en el Parque de la Ciencia Fundadores de la capital mexiquense.\u00a0<\/i><\/strong><\/li>\n<\/ul>\n<div><\/div>\n<div><b>Toluca, M\u00e9xico, 15 de marzo de 2026.<\/b>\u00a0En un contexto en el que a\u00fan persisten brechas de g\u00e9nero en el \u00e1mbito cient\u00edfico, la Universidad Aut\u00f3noma del Estado de M\u00e9xico (UAEM\u00e9x), en colaboraci\u00f3n con el Consejo Mexiquense de Ciencia y Tecnolog\u00eda (COMECyT), inaugur\u00f3 la exposici\u00f3n fotogr\u00e1fica \u201cLa mujer y la ni\u00f1a en la ciencia\u201d, en el Parque de la Ciencia Fundadores de la ciudad de Toluca. La muestra busca reconocer la labor cient\u00edfica de mujeres mexiquenses e inspirar a ni\u00f1as y j\u00f3venes a incursionar en la ciencia.<\/div>\n<div>Durante la inauguraci\u00f3n, la titular de la Secretar\u00eda de Ciencia de la UAEM\u00e9x, Arianna Becerril Garc\u00eda, acompa\u00f1ada por la directora de Investigaci\u00f3n de esta dependencia, Linda Guiliana Bautista G\u00f3mez, destac\u00f3 la importancia de generar espacios que visibilicen el papel de las mujeres en la producci\u00f3n de conocimiento.<\/div>\n<div>\n<figure id=\"attachment_75130\" aria-describedby=\"caption-attachment-75130\" style=\"width: 696px\" class=\"wp-caption aligncenter\"><a href=\"https:\/\/www.porlalibreedomex.com\/wp-content\/uploads\/2026\/03\/La-periodista-Cecilia-Lavalle-Torres-impartio-la-conferencia-magistral-La-sororidad-como-estrategia-politica-para-la-construccion-de-la-igualdad-y-la-paz-scaled.jpeg\"><img loading=\"lazy\" decoding=\"async\" class=\"size-large wp-image-75130\" src=\"https:\/\/www.porlalibreedomex.com\/wp-content\/uploads\/2026\/03\/La-periodista-Cecilia-Lavalle-Torres-impartio-la-conferencia-magistral-La-sororidad-como-estrategia-politica-para-la-construccion-de-la-igualdad-y-la-paz-1024x683.jpeg\" alt=\"\" width=\"696\" height=\"464\" srcset=\"https:\/\/www.porlalibreedomex.com\/wp-content\/uploads\/2026\/03\/La-periodista-Cecilia-Lavalle-Torres-impartio-la-conferencia-magistral-La-sororidad-como-estrategia-politica-para-la-construccion-de-la-igualdad-y-la-paz-1024x683.jpeg 1024w, https:\/\/www.porlalibreedomex.com\/wp-content\/uploads\/2026\/03\/La-periodista-Cecilia-Lavalle-Torres-impartio-la-conferencia-magistral-La-sororidad-como-estrategia-politica-para-la-construccion-de-la-igualdad-y-la-paz-300x200.jpeg 300w, https:\/\/www.porlalibreedomex.com\/wp-content\/uploads\/2026\/03\/La-periodista-Cecilia-Lavalle-Torres-impartio-la-conferencia-magistral-La-sororidad-como-estrategia-politica-para-la-construccion-de-la-igualdad-y-la-paz-768x512.jpeg 768w, https:\/\/www.porlalibreedomex.com\/wp-content\/uploads\/2026\/03\/La-periodista-Cecilia-Lavalle-Torres-impartio-la-conferencia-magistral-La-sororidad-como-estrategia-politica-para-la-construccion-de-la-igualdad-y-la-paz-1536x1024.jpeg 1536w, https:\/\/www.porlalibreedomex.com\/wp-content\/uploads\/2026\/03\/La-periodista-Cecilia-Lavalle-Torres-impartio-la-conferencia-magistral-La-sororidad-como-estrategia-politica-para-la-construccion-de-la-igualdad-y-la-paz-2048x1365.jpeg 2048w, https:\/\/www.porlalibreedomex.com\/wp-content\/uploads\/2026\/03\/La-periodista-Cecilia-Lavalle-Torres-impartio-la-conferencia-magistral-La-sororidad-como-estrategia-politica-para-la-construccion-de-la-igualdad-y-la-paz-696x464.jpeg 696w, https:\/\/www.porlalibreedomex.com\/wp-content\/uploads\/2026\/03\/La-periodista-Cecilia-Lavalle-Torres-impartio-la-conferencia-magistral-La-sororidad-como-estrategia-politica-para-la-construccion-de-la-igualdad-y-la-paz-1068x712.jpeg 1068w, https:\/\/www.porlalibreedomex.com\/wp-content\/uploads\/2026\/03\/La-periodista-Cecilia-Lavalle-Torres-impartio-la-conferencia-magistral-La-sororidad-como-estrategia-politica-para-la-construccion-de-la-igualdad-y-la-paz-630x420.jpeg 630w\" sizes=\"auto, (max-width: 696px) 100vw, 696px\" \/><\/a><figcaption id=\"caption-attachment-75130\" class=\"wp-caption-text\">La periodista Cecilia Lavalle Torres imparti\u00f3 la conferencia magistral \u201cLa sororidad como estrategia pol\u00edtica para la construcci\u00f3n de la igualdad y la paz\u201d<\/figcaption><\/figure>\n<\/div>\n<div>\u201cEsta exposici\u00f3n es un ejemplo de lo que puede lograrse cuando las instituciones se unen en favor de un bien com\u00fan. La ciencia responde preguntas y las ni\u00f1as desarrollan su curiosidad; esperamos que quienes visiten esta exposici\u00f3n se motiven a convertirse en las pr\u00f3ximas ingenieras, doctoras y generadoras de conocimiento que gu\u00eden a la sociedad\u201d, expres\u00f3.<\/div>\n<div>Por su parte, el director general del COMECyT, V\u00edctor Daniel \u00c1vila Akerberg, subray\u00f3 que el avance cient\u00edfico requiere de una diversidad de perspectivas. Se\u00f1al\u00f3 que fomentar el inter\u00e9s por la ciencia desde la infancia permite incentivar la participaci\u00f3n de m\u00e1s mujeres en distintas \u00e1reas del conocimiento.<\/div>\n<div>\u201cLo que las ni\u00f1as podr\u00e1n observar es a la mujer en la que pueden convertirse en el futuro y comprender que el conocimiento derriba barreras y forma profesionistas comprometidas con el bienestar com\u00fan\u201d, coment\u00f3.<\/div>\n<div>\n<figure id=\"attachment_75129\" aria-describedby=\"caption-attachment-75129\" style=\"width: 696px\" class=\"wp-caption aligncenter\"><a href=\"https:\/\/www.porlalibreedomex.com\/wp-content\/uploads\/2026\/03\/Como-representante-de-la-Rectora-Martha-Patricia-Zarza-Delgado-estuvo-la-secretaria-de-Igualdad-Sustantiva-y-Cuidados-Norma-Baca-Tavira-scaled-e1773642770715.jpeg\"><img loading=\"lazy\" decoding=\"async\" class=\"size-large wp-image-75129\" src=\"https:\/\/www.porlalibreedomex.com\/wp-content\/uploads\/2026\/03\/Como-representante-de-la-Rectora-Martha-Patricia-Zarza-Delgado-estuvo-la-secretaria-de-Igualdad-Sustantiva-y-Cuidados-Norma-Baca-Tavira-scaled-e1773642770715-1024x396.jpeg\" alt=\"\" width=\"696\" height=\"269\" srcset=\"https:\/\/www.porlalibreedomex.com\/wp-content\/uploads\/2026\/03\/Como-representante-de-la-Rectora-Martha-Patricia-Zarza-Delgado-estuvo-la-secretaria-de-Igualdad-Sustantiva-y-Cuidados-Norma-Baca-Tavira-scaled-e1773642770715-1024x396.jpeg 1024w, https:\/\/www.porlalibreedomex.com\/wp-content\/uploads\/2026\/03\/Como-representante-de-la-Rectora-Martha-Patricia-Zarza-Delgado-estuvo-la-secretaria-de-Igualdad-Sustantiva-y-Cuidados-Norma-Baca-Tavira-scaled-e1773642770715-300x116.jpeg 300w, https:\/\/www.porlalibreedomex.com\/wp-content\/uploads\/2026\/03\/Como-representante-de-la-Rectora-Martha-Patricia-Zarza-Delgado-estuvo-la-secretaria-de-Igualdad-Sustantiva-y-Cuidados-Norma-Baca-Tavira-scaled-e1773642770715-768x297.jpeg 768w, https:\/\/www.porlalibreedomex.com\/wp-content\/uploads\/2026\/03\/Como-representante-de-la-Rectora-Martha-Patricia-Zarza-Delgado-estuvo-la-secretaria-de-Igualdad-Sustantiva-y-Cuidados-Norma-Baca-Tavira-scaled-e1773642770715-1536x595.jpeg 1536w, https:\/\/www.porlalibreedomex.com\/wp-content\/uploads\/2026\/03\/Como-representante-de-la-Rectora-Martha-Patricia-Zarza-Delgado-estuvo-la-secretaria-de-Igualdad-Sustantiva-y-Cuidados-Norma-Baca-Tavira-scaled-e1773642770715-2048x793.jpeg 2048w, https:\/\/www.porlalibreedomex.com\/wp-content\/uploads\/2026\/03\/Como-representante-de-la-Rectora-Martha-Patricia-Zarza-Delgado-estuvo-la-secretaria-de-Igualdad-Sustantiva-y-Cuidados-Norma-Baca-Tavira-scaled-e1773642770715-696x269.jpeg 696w, https:\/\/www.porlalibreedomex.com\/wp-content\/uploads\/2026\/03\/Como-representante-de-la-Rectora-Martha-Patricia-Zarza-Delgado-estuvo-la-secretaria-de-Igualdad-Sustantiva-y-Cuidados-Norma-Baca-Tavira-scaled-e1773642770715-1068x414.jpeg 1068w, https:\/\/www.porlalibreedomex.com\/wp-content\/uploads\/2026\/03\/Como-representante-de-la-Rectora-Martha-Patricia-Zarza-Delgado-estuvo-la-secretaria-de-Igualdad-Sustantiva-y-Cuidados-Norma-Baca-Tavira-scaled-e1773642770715-1085x420.jpeg 1085w\" sizes=\"auto, (max-width: 696px) 100vw, 696px\" \/><\/a><figcaption id=\"caption-attachment-75129\" class=\"wp-caption-text\">Como representante de la Rectora Martha Patricia Zarza Delgado, estuvo la secretaria de Igualdad Sustantiva y Cuidados, Norma Baca Tavira.<\/figcaption><\/figure>\n<\/div>\n<div>En su intervenci\u00f3n, la directora de Financiamiento, Divulgaci\u00f3n y Difusi\u00f3n del COMECyT, Meztli Zuleima Vara Garc\u00eda, ante la representante del programa \u201cCient\u00edfikas\u201d, Marquidia Josseline Pacheco Pacheco, y la encargada del Parque de la Ciencia Fundadores, Susana Corona Yurrieta, se\u00f1al\u00f3 que este espacio impulsa la participaci\u00f3n femenina en el \u00e1mbito cient\u00edfico, reconoce su liderazgo e invita a las ni\u00f1as a explorar el mundo de la ciencia.<\/div>\n<div>La muestra re\u00fane retratos de investigadoras de instituciones como la Universidad Aut\u00f3noma del Estado de M\u00e9xico, la Universidad Nacional Aut\u00f3noma de M\u00e9xico y la Universidad Mexiquense del Bicentenario, entre otras. Todas forman parte del programa \u201cCient\u00edfikas\u201d del COMECyT. Las im\u00e1genes fueron captadas por el fot\u00f3grafo de la Direcci\u00f3n General de Comunicaci\u00f3n Social Universitaria de la UAEM\u00e9x, L\u00e1zaro Hern\u00e1ndez L\u00f3pez, y No\u00e9 Marure Mendoza, quienes documentaron el trabajo y la presencia de mujeres que contribuyen al desarrollo cient\u00edfico en la entidad.<\/div>\n<div>Con iniciativas como esta, la UAEM\u00e9x refuerza su compromiso de acercar a las nuevas generaciones al mundo cient\u00edfico y fomentar vocaciones desde la infancia, al visibilizar el trabajo de investigadoras mexiquenses que aportan al avance del conocimiento y al desarrollo social.<\/div>\n<div><b>\u00a0<\/b><\/div>\n","protected":false},"excerpt":{"rendered":"<p>La muestra re\u00fane retratos de investigadoras y busca reconocer la labor cient\u00edfica de mujeres mexiquenses e inspirar a ni\u00f1as y j\u00f3venes a incursionar en la ciencia. Est\u00e1 abierta al p\u00fablico en el Parque de la Ciencia Fundadores de la capital mexiquense.\u00a0 Toluca, M\u00e9xico, 15 de marzo de 2026.\u00a0En un contexto en el que a\u00fan persisten [&hellip;]<\/p>\n","protected":false},"author":3,"featured_media":75128,"comment_status":"closed","ping_status":"closed","sticky":false,"template":"","format":"standard","meta":{"footnotes":""},"categories":[9148,16],"tags":[35116,35572,35569,28266,35571,35570],"class_list":{"0":"post-75132","1":"post","2":"type-post","3":"status-publish","4":"format-standard","5":"has-post-thumbnail","7":"category-educacion","8":"category-foto","9":"tag-arianna-becerril-garcia","10":"tag-expo-mujer-y-la-nina-en-la-ciencia","11":"tag-exposicion-de-fotografias-en-la-uaemex","12":"tag-parque-de-la-ciencia-fundadores","13":"tag-secretaria-de-ciencia-de-la-uaemex","14":"tag-susana-corona-yurrieta"},"wps_subtitle":"","_links":{"self":[{"href":"https:\/\/www.porlalibreedomex.com\/index.php?rest_route=\/wp\/v2\/posts\/75132","targetHints":{"allow":["GET"]}}],"collection":[{"href":"https:\/\/www.porlalibreedomex.com\/index.php?rest_route=\/wp\/v2\/posts"}],"about":[{"href":"https:\/\/www.porlalibreedomex.com\/index.php?rest_route=\/wp\/v2\/types\/post"}],"author":[{"embeddable":true,"href":"https:\/\/www.porlalibreedomex.com\/index.php?rest_route=\/wp\/v2\/users\/3"}],"replies":[{"embeddable":true,"href":"https:\/\/www.porlalibreedomex.com\/index.php?rest_route=%2Fwp%2Fv2%2Fcomments&post=75132"}],"version-history":[{"count":1,"href":"https:\/\/www.porlalibreedomex.com\/index.php?rest_route=\/wp\/v2\/posts\/75132\/revisions"}],"predecessor-version":[{"id":75135,"href":"https:\/\/www.porlalibreedomex.com\/index.php?rest_route=\/wp\/v2\/posts\/75132\/revisions\/75135"}],"wp:featuredmedia":[{"embeddable":true,"href":"https:\/\/www.porlalibreedomex.com\/index.php?rest_route=\/wp\/v2\/media\/75128"}],"wp:attachment":[{"href":"https:\/\/www.porlalibreedomex.com\/index.php?rest_route=%2Fwp%2Fv2%2Fmedia&parent=75132"}],"wp:term":[{"taxonomy":"category","embeddable":true,"href":"https:\/\/www.porlalibreedomex.com\/index.php?rest_route=%2Fwp%2Fv2%2Fcategories&post=75132"},{"taxonomy":"post_tag","embeddable":true,"href":"https:\/\/www.porlalibreedomex.com\/index.php?rest_route=%2Fwp%2Fv2%2Ftags&post=75132"}],"curies":[{"name":"wp","href":"https:\/\/api.w.org\/{rel}","templated":true}]}}