{"id":75122,"date":"2026-03-13T19:57:14","date_gmt":"2026-03-14T01:57:14","guid":{"rendered":"https:\/\/www.porlalibreedomex.com\/?p=75122"},"modified":"2026-03-13T19:57:14","modified_gmt":"2026-03-14T01:57:14","slug":"8m-nada-que-celebrar-mucho-que-reclamar-maullidos-urbanos","status":"publish","type":"post","link":"https:\/\/www.porlalibreedomex.com\/?p=75122","title":{"rendered":"8M, nada que celebrar, mucho que reclamar \/ Maullidos Urbanos"},"content":{"rendered":"<p><strong>Gato de Barrio \/<\/strong><\/p>\n<p align=\"right\"><strong><a href=\"mailto:gatodebarrio57@gmail.com\" target=\"_blank\" rel=\"nofollow noopener\"><i>gatodebarrio57@gmail.com \/\u00a0<\/i><\/a><i><u><\/u><\/i><\/strong><\/p>\n<p align=\"right\">\n<p><strong>E<\/strong>l domingo se conmemor\u00f3 el D\u00eda Internacional de la Mujer, evento al cual se le denomina como el 8M, pero a contracorriente del discurso oficial, donde se habla que \u201ctodas llegaron\u201d, que ellas viven en mejores condiciones sociales y de seguridad, en fin toda la ret\u00f3rica posible para asegurar que las mujeres viven en mejor situaci\u00f3n que nunca.<\/p>\n<p>Pero todas esas versiones quedan anuladas ante las cifras de las mujeres v\u00edctimas, ya que en los \u00faltimos siete a\u00f1os se han registrado seis mil 440 feminicidios y, al menos, 28 mil 770 desaparecidas, entre los cinco y los 35 a\u00f1os, sin omitir a la multitud de madres buscadoras que no han sido atendidas por la inquilina de Palacio Nacional.<\/p>\n<p>De acuerdo con datos oficiales, a nivel nacional el domingo se registraron las m\u00e1s altas cifras de participaci\u00f3n, tan solo en la Ciudad de M\u00e9xico acudieron 120 mil mujeres, mientras en Toluca se calcula que fueron diez mil, y si bien aparecieron integrantes del llamado \u201cBloque Negro\u201d, que intentaron crear un clima de violencia, finalmente fueron controlados.<\/p>\n<p>Asimismo, peri\u00f3dicos en todo el pa\u00eds destacaron las diversas movilizaciones, ya fuera con cabezas donde se resum\u00edan las demandas de las mujeres o con destacadas fotos de sus protestas. En ediciones nacionales el recurso de im\u00e1genes fue utilizado por Milenio Nacional, El Universal, El Sol de M\u00e9xico, Exc\u00e9lsior y El Financiero; con fotos y textos fueron La Jornada, que cabece\u00f3 \u201cMujeres exigen justicia y fin de la violencia\u201d, mientras El Heraldo de M\u00e9xico destac\u00f3 la frase de Claudia Sheinbaum \u201cQue ninguna mujer tenga l\u00edmites\u201d; La Raz\u00f3n desatac\u00f3 una foto y la cabeza \u201c8M: regresan a marchar con reclamos por violencias y desigualdad\u201d, en segundo plano qued\u00f3 la nota de Sheinbaum, con una foto al otorgar reconocimientos a f\u00e9minas militares, donde se agreg\u00f3 que \u201cEl Pa\u00eds teje con sus mujeres independencia soberan\u00eda y justicia\u201d; La Prensa con una gran foto cabece\u00f3 \u201c\u00a1Ni una m\u00e1s!\u201d.<\/p>\n<p>En el caso de los medios impresos del interior del pa\u00eds manejaron en forma conjunta fotos con relevantes cabezas. Por ejemplo, El Informador de Guadalajara su nota principal se\u00f1alaba \u201cPiden empat\u00eda ante violencia y desapariciones\u201d; El Debate de Culiac\u00e1n cabece\u00f3 \u201c\u00a1Exigen justicia!: marchan familiares v\u00edctimas de feminicidio\u201d; y El Sol de Puebla \u201cPoblanas demandan el fin de la violencia\u201d.<\/p>\n<p>El AM de Le\u00f3n redact\u00f3 \u201cMarchan por justicia\u201d y agreg\u00f3 fotos de las multitudinarias manifestaciones en Celaya, Le\u00f3n, Irapuato y Guanajuato\u201d; El Sol de San Luis titul\u00f3 \u201cExigen contin\u00fae la Alerta de Violencia de G\u00e9nero\u201d: el Diario de Chihuahua cabece\u00f3 \u201cMenos violencia y m\u00e1s mesura en marcha 8M\u201d; La Cr\u00f3nica de Baja California public\u00f3 \u201cMiles de mujeres alzan la voz en calles de BC\u201d; El Imparcial de Hermosillo difundi\u00f3 \u201cExigen mujeres freno a violencia y reclaman justicia\u201d; y El Diario de Yucat\u00e1n cabece\u00f3 \u201cPersisten en su lucha\u201d.<\/p>\n<p>De esta forma y m\u00e1s all\u00e1 de cualquier discurso oficialista, la terca realidad respaldada por peri\u00f3dicos que informan de manera objetivo y centrada, demuestra que a\u00fan falta mucho por avanzar no solo para que las mujeres tengan las mismas oportunidades sociales, laborales y profesionales, sino para que dejen de ser blanco de ataques, agresiones y menosprecio, a fin de que sin aceptar ning\u00fan tipo de restricciones puedan desarrollarse total y plenamente.<\/p>\n","protected":false},"excerpt":{"rendered":"<p>Gato de Barrio \/ gatodebarrio57@gmail.com \/\u00a0 El domingo se conmemor\u00f3 el D\u00eda Internacional de la Mujer, evento al cual se le denomina como el 8M, pero a contracorriente del discurso oficial, donde se habla que \u201ctodas llegaron\u201d, que ellas viven en mejores condiciones sociales y de seguridad, en fin toda la ret\u00f3rica posible para asegurar [&hellip;]<\/p>\n","protected":false},"author":3,"featured_media":75123,"comment_status":"closed","ping_status":"closed","sticky":false,"template":"","format":"standard","meta":{"footnotes":""},"categories":[23,16,9150],"tags":[6315,11389,35566],"class_list":{"0":"post-75122","1":"post","2":"type-post","3":"status-publish","4":"format-standard","5":"has-post-thumbnail","7":"category-columna","8":"category-foto","9":"category-politica","10":"tag-gato-de-barrio","11":"tag-maullidos-urbanos","12":"tag-mucho-que-reclamar-el-8m"},"wps_subtitle":"","_links":{"self":[{"href":"https:\/\/www.porlalibreedomex.com\/index.php?rest_route=\/wp\/v2\/posts\/75122","targetHints":{"allow":["GET"]}}],"collection":[{"href":"https:\/\/www.porlalibreedomex.com\/index.php?rest_route=\/wp\/v2\/posts"}],"about":[{"href":"https:\/\/www.porlalibreedomex.com\/index.php?rest_route=\/wp\/v2\/types\/post"}],"author":[{"embeddable":true,"href":"https:\/\/www.porlalibreedomex.com\/index.php?rest_route=\/wp\/v2\/users\/3"}],"replies":[{"embeddable":true,"href":"https:\/\/www.porlalibreedomex.com\/index.php?rest_route=%2Fwp%2Fv2%2Fcomments&post=75122"}],"version-history":[{"count":1,"href":"https:\/\/www.porlalibreedomex.com\/index.php?rest_route=\/wp\/v2\/posts\/75122\/revisions"}],"predecessor-version":[{"id":75124,"href":"https:\/\/www.porlalibreedomex.com\/index.php?rest_route=\/wp\/v2\/posts\/75122\/revisions\/75124"}],"wp:featuredmedia":[{"embeddable":true,"href":"https:\/\/www.porlalibreedomex.com\/index.php?rest_route=\/wp\/v2\/media\/75123"}],"wp:attachment":[{"href":"https:\/\/www.porlalibreedomex.com\/index.php?rest_route=%2Fwp%2Fv2%2Fmedia&parent=75122"}],"wp:term":[{"taxonomy":"category","embeddable":true,"href":"https:\/\/www.porlalibreedomex.com\/index.php?rest_route=%2Fwp%2Fv2%2Fcategories&post=75122"},{"taxonomy":"post_tag","embeddable":true,"href":"https:\/\/www.porlalibreedomex.com\/index.php?rest_route=%2Fwp%2Fv2%2Ftags&post=75122"}],"curies":[{"name":"wp","href":"https:\/\/api.w.org\/{rel}","templated":true}]}}