{"id":75119,"date":"2026-03-11T23:57:12","date_gmt":"2026-03-12T05:57:12","guid":{"rendered":"https:\/\/www.porlalibreedomex.com\/?p=75119"},"modified":"2026-03-11T23:57:12","modified_gmt":"2026-03-12T05:57:12","slug":"por-la-libre-para-ser-independiente-y-libre-la-mujere-debe-desearlo","status":"publish","type":"post","link":"https:\/\/www.porlalibreedomex.com\/?p=75119","title":{"rendered":"POR LA LIBRE: PARA SER INDEPENDIENTE Y LIBRE, LA MUJERE DEBE DESEARLO"},"content":{"rendered":"<p>Antonio Ju\u00e1rez<br \/>\nEs dif\u00edcil escribir o decir algo que no se haya dicho ya acerca de la equidad de g\u00e9nero, y los avances del g\u00e9nero femenino en ese campo son innegables, pero hay una condici\u00f3n indispensable para que una mujer alcance el trato de equidad y respeto que merece, y es que ella lo desee y act\u00fae en consecuencia. En lo pol\u00edtico hay mujeres regidoras, presidentas municipales, diputadas locales, diputadas federales; hay varias mujeres secretarias de estado y no se diga directoras y muchas m\u00e1s en puestos de mando; vamos, hasta en la Presidencia de la Rep\u00fablica hay una mujer, pero la pregunta es: esos cargos que ostentan, los ejercen?<br \/>\nEn este mismo espacio de opini\u00f3n hace semanas plante\u00e9 que no s\u00f3lo en nuestro pa\u00eds, sino en cualquiera, cuando hay relevo presidencial, una condici\u00f3n indispensable para que de verdad haya nuevo presidente, o presidenta, es que \u201cpinte su raya\u201d con el anterior, para poder desarrollar su propio gobierno. Claro que si son de la mism ideolog\u00eda pol\u00edtica, habr\u00e1 acuerdos que se comprometan a conservar, pero eso no significa atarse de manos y renunciar al ejercicio de su propio gobierno, con sus ides, y que trabaje para cumplir os propios compromisos de campa\u00f1a, pero no rompe, cuando sigue atado, o atada al anterior, no hay un verdadero cambio, y cuando hay cambio de g\u00e9nero como en el caso de M\u00e9xico, en este caso la presidenta Claudia Sheinbaum lleva un doble compromiso: romper con el anterior gobierno para hacer el suyo, y adem\u00e1s, justificar por qu\u00e9 una mujer lleg\u00f3 a la m\u00e1xima responsabilidad al pa\u00eds, pues toda la poblaci\u00f3n, en especial las mujeres, tienen la mirada atenta a lo que hace y qu\u00e9 resultados obtiene.<br \/>\nAs\u00ed, con motivo del D\u00eda Internacional de la Mujer, el llamado 8M, cabe preguntar cu\u00e1l es el mensaje que las mexicanas recibieron de ella: el de una mujer fuerte, empoderada y echada para adelante, o el de una mujer sometida a\u00fan a las normas impuestas por su antecesor y empe\u00f1ada en cumplir compromisos que no son suyos, y que da\u00f1an al pa\u00eds? Usted como ciudadana y como ciudadano, tiene la \u00faltima palabra\u2026<br \/>\nEn m\u00e1s de lo mismo pero con un toque muy diferente, no podemos dejar de mencionar la forma tan especial de conmemora el 8M en la universidad Aut\u00f3noma del Estado de M\u00e9xico, con la participaci\u00f3n de la rectora Martha Ptricia Zarza Delgado, donde se realizaron acciones del programa \u201cPerspectiva Violeta\u201d, que mezcla el arte y la protesta social con acciones que no dejan lugar a dudas y desde luego que crean conciencia social. Adem\u00e1s de que desde hace semanas un grupo de mujeres estuvo tejiendo tapetes de color violeta precisamente, y el domingo 8 le pusieron lentes ese color a las estatuas de Ignacio Manuel Altamirano, Ignacio Ram\u00edrez Calzada y Benito Ju\u00e1rez, con el simbolismo del cambio en la forma de ver lo que acontece alrededor\u2026<br \/>\nEn otros temas, pues no podemos sustraernos al acontecer en el medio pol\u00edtico, aunque oficialmente el proceso electoral para 2027 iniciar\u00e1 el 1 de septiembre, Morena se prepara para realizar actos anticipados de campa\u00f1a por meses, ya que el 22 de junio se revelar\u00e1n los perfiles de sus militantes para convertirse en candidatos a las 17 gubernaturas; el 3 de agosto nombrar\u00e1 a sus coordinadores distritales federales, para diputados federales; el 21 de septiembre definir\u00e1 coordinadores municipales para alcaldes; y el 8 de noviembre seleccionar\u00e1 a los coordinadores distritales locales para diputados estatales.<br \/>\nSi bien quienes formalmente ocupan ese cargo no son nombrados de inmediato como candidatos, en la pr\u00e1ctica se convierten en abanderados de ese partido, ya que mientras transcurre ese lapso intermedio, los \u201ccoordinadores\u201d recorren sus territorios pol\u00edticos para construir su estructura, lo que les sirve para posicionar su nombre entre la militancia y electorado, lo cual les concede ventaja cuando llega el momento de oficializar las diversas candidaturas.<br \/>\nNos leemos y mientras tanto, cu\u00eddese mucho.<\/p>\n","protected":false},"excerpt":{"rendered":"<p>Antonio Ju\u00e1rez Es dif\u00edcil escribir o decir algo que no se haya dicho ya acerca de la equidad de g\u00e9nero, y los avances del g\u00e9nero femenino en ese campo son innegables, pero hay una condici\u00f3n indispensable para que una mujer alcance el trato de equidad y respeto que merece, y es que ella lo desee [&hellip;]<\/p>\n","protected":false},"author":3,"featured_media":45494,"comment_status":"closed","ping_status":"closed","sticky":false,"template":"","format":"standard","meta":{"footnotes":""},"categories":[23,16,9150],"tags":[66,4061,35565,93,35564],"class_list":{"0":"post-75119","1":"post","2":"type-post","3":"status-publish","4":"format-standard","5":"has-post-thumbnail","7":"category-columna","8":"category-foto","9":"category-politica","10":"tag-antonio-juarez","11":"tag-dia-internacional-de-la-mujer","12":"tag-la-mujer-debe-decidire","13":"tag-por-la-libre-edomex","14":"tag-que-proyecta-claudia-sheinbaum"},"wps_subtitle":"","_links":{"self":[{"href":"https:\/\/www.porlalibreedomex.com\/index.php?rest_route=\/wp\/v2\/posts\/75119","targetHints":{"allow":["GET"]}}],"collection":[{"href":"https:\/\/www.porlalibreedomex.com\/index.php?rest_route=\/wp\/v2\/posts"}],"about":[{"href":"https:\/\/www.porlalibreedomex.com\/index.php?rest_route=\/wp\/v2\/types\/post"}],"author":[{"embeddable":true,"href":"https:\/\/www.porlalibreedomex.com\/index.php?rest_route=\/wp\/v2\/users\/3"}],"replies":[{"embeddable":true,"href":"https:\/\/www.porlalibreedomex.com\/index.php?rest_route=%2Fwp%2Fv2%2Fcomments&post=75119"}],"version-history":[{"count":1,"href":"https:\/\/www.porlalibreedomex.com\/index.php?rest_route=\/wp\/v2\/posts\/75119\/revisions"}],"predecessor-version":[{"id":75120,"href":"https:\/\/www.porlalibreedomex.com\/index.php?rest_route=\/wp\/v2\/posts\/75119\/revisions\/75120"}],"wp:featuredmedia":[{"embeddable":true,"href":"https:\/\/www.porlalibreedomex.com\/index.php?rest_route=\/wp\/v2\/media\/45494"}],"wp:attachment":[{"href":"https:\/\/www.porlalibreedomex.com\/index.php?rest_route=%2Fwp%2Fv2%2Fmedia&parent=75119"}],"wp:term":[{"taxonomy":"category","embeddable":true,"href":"https:\/\/www.porlalibreedomex.com\/index.php?rest_route=%2Fwp%2Fv2%2Fcategories&post=75119"},{"taxonomy":"post_tag","embeddable":true,"href":"https:\/\/www.porlalibreedomex.com\/index.php?rest_route=%2Fwp%2Fv2%2Ftags&post=75119"}],"curies":[{"name":"wp","href":"https:\/\/api.w.org\/{rel}","templated":true}]}}