{"id":75110,"date":"2026-03-11T23:41:44","date_gmt":"2026-03-12T05:41:44","guid":{"rendered":"https:\/\/www.porlalibreedomex.com\/?p=75110"},"modified":"2026-03-11T23:47:32","modified_gmt":"2026-03-12T05:47:32","slug":"anuncia-gobernadora-delfina-gomez-inversion-historica-de-bajaj-en-edomex-145-mdd-con-produccion-de-hasta-500-mil-motocicletas","status":"publish","type":"post","link":"https:\/\/www.porlalibreedomex.com\/?p=75110","title":{"rendered":"Anuncia Gobernadora Delfina G\u00f3mez inversi\u00f3n hist\u00f3rica de Bajaj en EdoM\u00e9x; 145 mdd con producci\u00f3n de hasta 500 mil motocicletas"},"content":{"rendered":"<p><em><strong>* La empresa instalar\u00e1 una nueva planta armadora en Toluca, cuyo proyecto generar\u00e1 2 mil 500 empleos directos y 6 mil indirectos.<\/strong><\/em><\/p>\n<p><em><strong>* EdoM\u00e9x se consolida como referente de la industria de motocicletas en Am\u00e9rica Latina; representa la mayor inversi\u00f3n de India en el pa\u00eds.<\/strong><\/em><\/p>\n<p><strong>TOLUCA, Estado de M\u00e9xico, 11 de marzo de 2026.\u2013<\/strong> El Gobierno de Delfina G\u00f3mez \u00c1lvarez anunci\u00f3 la inversi\u00f3n de 145 millones de d\u00f3lares de la empresa Bajaj Motodrive, que se convertir\u00e1 en la mayor inversi\u00f3n proveniente de la India en M\u00e9xico en tiempos recientes, con lo que se fortalece la industria de motocicletas y consolida al Estado de M\u00e9xico como uno de los principales destinos para la inversi\u00f3n internacional.<\/p>\n<p>Durante el anuncio, la Gobernadora Delfina G\u00f3mez \u00c1lvarez destac\u00f3 que este proyecto permitir\u00e1 la instalaci\u00f3n de una nueva planta de ensamble con tecnolog\u00eda de \u00faltima generaci\u00f3n en Toluca, con capacidad de 500 mil unidades anuales para impulsar el crecimiento econ\u00f3mico y la generaci\u00f3n de empleo para las familias mexiquenses.<\/p>\n<div style=\"width: 696px;\" class=\"wp-video\"><video class=\"wp-video-shortcode\" id=\"video-75110-1\" width=\"696\" height=\"392\" preload=\"metadata\" controls=\"controls\"><source type=\"video\/mp4\" src=\"https:\/\/www.porlalibreedomex.com\/wp-content\/uploads\/2026\/03\/Gobernadora-Delfina-Gomez-comenta-la-inversion-de-Bajaj-en-el-Edomex.mp4?_=1\" \/><a href=\"https:\/\/www.porlalibreedomex.com\/wp-content\/uploads\/2026\/03\/Gobernadora-Delfina-Gomez-comenta-la-inversion-de-Bajaj-en-el-Edomex.mp4\">https:\/\/www.porlalibreedomex.com\/wp-content\/uploads\/2026\/03\/Gobernadora-Delfina-Gomez-comenta-la-inversion-de-Bajaj-en-el-Edomex.mp4<\/a><\/video><\/div>\n<p>\u201cHoy, el gigante de dos ruedas de la India, Bajaj Motodrive, refrenda su confianza en esta tierra mexiquense. Es una gran noticia para el Valle de Toluca que esta empresa invierta 145 millones de d\u00f3lares para una planta de ensamble de motocicletas, que es primera en su tipo en el pa\u00eds\u201d, expres\u00f3 la Gobernadora Delfina G\u00f3mez \u00c1lvarez.<\/p>\n<figure id=\"attachment_75111\" aria-describedby=\"caption-attachment-75111\" style=\"width: 696px\" class=\"wp-caption aligncenter\"><a href=\"https:\/\/www.porlalibreedomex.com\/wp-content\/uploads\/2026\/03\/Gobernadora-Delfina-Gomez-Alvarez-en-el-acto-para-anunciar-importante-inversion-hindo.jpg\"><img loading=\"lazy\" decoding=\"async\" class=\"size-large wp-image-75111\" src=\"https:\/\/www.porlalibreedomex.com\/wp-content\/uploads\/2026\/03\/Gobernadora-Delfina-Gomez-Alvarez-en-el-acto-para-anunciar-importante-inversion-hindo-1024x683.jpg\" alt=\"\" width=\"696\" height=\"464\" srcset=\"https:\/\/www.porlalibreedomex.com\/wp-content\/uploads\/2026\/03\/Gobernadora-Delfina-Gomez-Alvarez-en-el-acto-para-anunciar-importante-inversion-hindo-1024x683.jpg 1024w, https:\/\/www.porlalibreedomex.com\/wp-content\/uploads\/2026\/03\/Gobernadora-Delfina-Gomez-Alvarez-en-el-acto-para-anunciar-importante-inversion-hindo-300x200.jpg 300w, https:\/\/www.porlalibreedomex.com\/wp-content\/uploads\/2026\/03\/Gobernadora-Delfina-Gomez-Alvarez-en-el-acto-para-anunciar-importante-inversion-hindo-768x512.jpg 768w, https:\/\/www.porlalibreedomex.com\/wp-content\/uploads\/2026\/03\/Gobernadora-Delfina-Gomez-Alvarez-en-el-acto-para-anunciar-importante-inversion-hindo-696x464.jpg 696w, https:\/\/www.porlalibreedomex.com\/wp-content\/uploads\/2026\/03\/Gobernadora-Delfina-Gomez-Alvarez-en-el-acto-para-anunciar-importante-inversion-hindo-1068x713.jpg 1068w, https:\/\/www.porlalibreedomex.com\/wp-content\/uploads\/2026\/03\/Gobernadora-Delfina-Gomez-Alvarez-en-el-acto-para-anunciar-importante-inversion-hindo-630x420.jpg 630w, https:\/\/www.porlalibreedomex.com\/wp-content\/uploads\/2026\/03\/Gobernadora-Delfina-Gomez-Alvarez-en-el-acto-para-anunciar-importante-inversion-hindo.jpg 1280w\" sizes=\"auto, (max-width: 696px) 100vw, 696px\" \/><\/a><figcaption id=\"caption-attachment-75111\" class=\"wp-caption-text\">Gobernadora Delfina G\u00f3mez \u00c1lvarez en el acto para anunciar importante inversi\u00f3n hind\u00fa.<\/figcaption><\/figure>\n<p>La Mandataria estatal subray\u00f3 que este proyecto fortalecer\u00e1 la econom\u00eda regional al generar 2 mil 500 empleos directos y 6 mil indirectos, lo que abrir\u00e1 nuevas oportunidades laborales y contribuir\u00e1 al bienestar de miles de familias.<\/p>\n<p>\u201cCada fuente laboral que se genera abre caminos de prosperidad y bienestar para los hogares mexiquenses. Vamos a seguir trabajando por esa ruta, la de ofrecer condiciones atractivas para las inversiones productivas generadoras de empleos\u201d, afirm\u00f3 la Gobernadora Delfina G\u00f3mez \u00c1lvarez.<\/p>\n<p>A\u00f1adi\u00f3 que, para facilitar la atracci\u00f3n de inversi\u00f3n a la entidad, su administraci\u00f3n impulsa la simplificaci\u00f3n administrativa y digitalizaci\u00f3n de tr\u00e1mites, con el objetivo de facilitar la llegada de nuevas empresas al territorio mexiquense.<\/p>\n<p>Explic\u00f3 que el proyecto se desarrollar\u00e1 en el Corredor Centro, una de las siete regiones productivas estrat\u00e9gicas del estado, que integra 17 municipios con vocaci\u00f3n industrial y cuenta con infraestructura log\u00edstica clave como el Aeropuerto Internacional de Toluca, la aduana y la plataforma log\u00edstica Puerta M\u00e9xico.<\/p>\n<p>Por su parte, <strong>Laura Gonz\u00e1lez Hern\u00e1ndez, Secretaria de Desarrollo Econ\u00f3mico, destac\u00f3 que esta inversi\u00f3n representa un hito en la relaci\u00f3n econ\u00f3mica entre M\u00e9xico e India, al tratarse de la mayor inversi\u00f3n de ese pa\u00eds en M\u00e9xico en cualquier sector, lo que confirma la confianza del sector empresarial internacional en la entidad.<\/strong><\/p>\n<p>Asimismo, explic\u00f3 que el Estado de M\u00e9xico lidera el sector de comercializaci\u00f3n de motocicletas en el pa\u00eds, con m\u00e1s de mil 430 establecimientos dedicados a la venta de estos veh\u00edculos, lo que representa aproximadamente el 13 por ciento del total nacional, adem\u00e1s de contar con diversas plantas armadoras instaladas en su territorio.<\/p>\n<figure id=\"attachment_75112\" aria-describedby=\"caption-attachment-75112\" style=\"width: 696px\" class=\"wp-caption aligncenter\"><a href=\"https:\/\/www.porlalibreedomex.com\/wp-content\/uploads\/2026\/03\/Calculan-que-se-podrian-producir-hasta-medio-millon-d-otocicletas-Bajaj-en-la-entidad.jpg\"><img loading=\"lazy\" decoding=\"async\" class=\"size-large wp-image-75112\" src=\"https:\/\/www.porlalibreedomex.com\/wp-content\/uploads\/2026\/03\/Calculan-que-se-podrian-producir-hasta-medio-millon-d-otocicletas-Bajaj-en-la-entidad-1024x683.jpg\" alt=\"\" width=\"696\" height=\"464\" srcset=\"https:\/\/www.porlalibreedomex.com\/wp-content\/uploads\/2026\/03\/Calculan-que-se-podrian-producir-hasta-medio-millon-d-otocicletas-Bajaj-en-la-entidad-1024x683.jpg 1024w, https:\/\/www.porlalibreedomex.com\/wp-content\/uploads\/2026\/03\/Calculan-que-se-podrian-producir-hasta-medio-millon-d-otocicletas-Bajaj-en-la-entidad-300x200.jpg 300w, https:\/\/www.porlalibreedomex.com\/wp-content\/uploads\/2026\/03\/Calculan-que-se-podrian-producir-hasta-medio-millon-d-otocicletas-Bajaj-en-la-entidad-768x512.jpg 768w, https:\/\/www.porlalibreedomex.com\/wp-content\/uploads\/2026\/03\/Calculan-que-se-podrian-producir-hasta-medio-millon-d-otocicletas-Bajaj-en-la-entidad-696x464.jpg 696w, https:\/\/www.porlalibreedomex.com\/wp-content\/uploads\/2026\/03\/Calculan-que-se-podrian-producir-hasta-medio-millon-d-otocicletas-Bajaj-en-la-entidad-1068x713.jpg 1068w, https:\/\/www.porlalibreedomex.com\/wp-content\/uploads\/2026\/03\/Calculan-que-se-podrian-producir-hasta-medio-millon-d-otocicletas-Bajaj-en-la-entidad-630x420.jpg 630w, https:\/\/www.porlalibreedomex.com\/wp-content\/uploads\/2026\/03\/Calculan-que-se-podrian-producir-hasta-medio-millon-d-otocicletas-Bajaj-en-la-entidad.jpg 1280w\" sizes=\"auto, (max-width: 696px) 100vw, 696px\" \/><\/a><figcaption id=\"caption-attachment-75112\" class=\"wp-caption-text\">Calculan que se podr\u00edan producir hasta medio mill\u00f3n d otocicletas Bajaj en la entidad.<\/figcaption><\/figure>\n<p>A su vez, Olaf Saravia Gonz\u00e1lez, CEO de Bajaj Motodrive M\u00e9xico, se\u00f1al\u00f3 que el proyecto contempla la construcci\u00f3n de una planta con tecnolog\u00eda de clase mundial, lo que fortalecer\u00e1 la presencia de la empresa en el pa\u00eds y consolidar\u00e1 al Estado de M\u00e9xico como centro estrat\u00e9gico de la industria de motocicletas en Am\u00e9rica Latina.<\/p>\n<p>En el evento participaron Pankaj Sharma, Embajador de la Rep\u00fablica de la India en M\u00e9xico; Oscar Flores Jim\u00e9nez, Secretario de Finanzas; Juan Hugo de la Rosa Garc\u00eda, Secretario de Movilidad; Ricardo Moreno Bastida, Presidente Municipal de Toluca; as\u00ed como representantes de c\u00e1maras empresariales, directivos de la empresa Bajaj y autoridades estatales y municipales.<\/p>\n","protected":false},"excerpt":{"rendered":"<p>* La empresa instalar\u00e1 una nueva planta armadora en Toluca, cuyo proyecto generar\u00e1 2 mil 500 empleos directos y 6 mil indirectos. * EdoM\u00e9x se consolida como referente de la industria de motocicletas en Am\u00e9rica Latina; representa la mayor inversi\u00f3n de India en el pa\u00eds. TOLUCA, Estado de M\u00e9xico, 11 de marzo de 2026.\u2013 El [&hellip;]<\/p>\n","protected":false},"author":3,"featured_media":75113,"comment_status":"closed","ping_status":"closed","sticky":false,"template":"","format":"standard","meta":{"footnotes":""},"categories":[9157,16,7549],"tags":[30713,35561,35562,35563],"class_list":{"0":"post-75110","1":"post","2":"type-post","3":"status-publish","4":"format-standard","5":"has-post-thumbnail","7":"category-edomex","8":"category-foto","9":"category-video","10":"tag-gobernadora-delfina-gomez","11":"tag-inversion-de-145-millones-de-dolares","12":"tag-inversion-de-empresa-hindu-en-edomex","13":"tag-motociletas-bajaj-invertira-en-edomex"},"wps_subtitle":"","_links":{"self":[{"href":"https:\/\/www.porlalibreedomex.com\/index.php?rest_route=\/wp\/v2\/posts\/75110","targetHints":{"allow":["GET"]}}],"collection":[{"href":"https:\/\/www.porlalibreedomex.com\/index.php?rest_route=\/wp\/v2\/posts"}],"about":[{"href":"https:\/\/www.porlalibreedomex.com\/index.php?rest_route=\/wp\/v2\/types\/post"}],"author":[{"embeddable":true,"href":"https:\/\/www.porlalibreedomex.com\/index.php?rest_route=\/wp\/v2\/users\/3"}],"replies":[{"embeddable":true,"href":"https:\/\/www.porlalibreedomex.com\/index.php?rest_route=%2Fwp%2Fv2%2Fcomments&post=75110"}],"version-history":[{"count":3,"href":"https:\/\/www.porlalibreedomex.com\/index.php?rest_route=\/wp\/v2\/posts\/75110\/revisions"}],"predecessor-version":[{"id":75118,"href":"https:\/\/www.porlalibreedomex.com\/index.php?rest_route=\/wp\/v2\/posts\/75110\/revisions\/75118"}],"wp:featuredmedia":[{"embeddable":true,"href":"https:\/\/www.porlalibreedomex.com\/index.php?rest_route=\/wp\/v2\/media\/75113"}],"wp:attachment":[{"href":"https:\/\/www.porlalibreedomex.com\/index.php?rest_route=%2Fwp%2Fv2%2Fmedia&parent=75110"}],"wp:term":[{"taxonomy":"category","embeddable":true,"href":"https:\/\/www.porlalibreedomex.com\/index.php?rest_route=%2Fwp%2Fv2%2Fcategories&post=75110"},{"taxonomy":"post_tag","embeddable":true,"href":"https:\/\/www.porlalibreedomex.com\/index.php?rest_route=%2Fwp%2Fv2%2Ftags&post=75110"}],"curies":[{"name":"wp","href":"https:\/\/api.w.org\/{rel}","templated":true}]}}