{"id":75105,"date":"2026-03-11T23:11:28","date_gmt":"2026-03-12T05:11:28","guid":{"rendered":"https:\/\/www.porlalibreedomex.com\/?p=75105"},"modified":"2026-03-11T23:11:28","modified_gmt":"2026-03-12T05:11:28","slug":"la-uaemex-impulsa-dialogo-para-fortalecer-al-sector-mezcalero-mexiquense","status":"publish","type":"post","link":"https:\/\/www.porlalibreedomex.com\/?p=75105","title":{"rendered":"La UAEM\u00e9x impulsa di\u00e1logo para fortalecer\u00a0al sector mezcalero mexiquense"},"content":{"rendered":"<div><\/div>\n<ul>\n<li><em><strong>Durante el 12\u00b0 Foro Regional de Agave y Mezcal Mexiquense, especialistas, productores y autoridades analizaron los desaf\u00edos y oportunidades de la denominaci\u00f3n de origen en 15 municipios del estado.<\/strong><\/em><\/li>\n<\/ul>\n<div><b>Ixtapan de la Sal, M\u00e9xico, 11 de marzo de 2026.<\/b>\u00a0En el municipio de Ixtapan de la Sal, la Universidad Aut\u00f3noma del Estado de M\u00e9xico (UAEM\u00e9x) realiz\u00f3 el <strong>12\u00b0 Foro Regional de Agave y Mezcal Mexiquense \u201cNormatividad y certificaci\u00f3n de calidad para la denominaci\u00f3n de origen del mezcal\u201d<\/strong>, un espacio de di\u00e1logo entre academia, productores y autoridades orientado a fortalecer el desarrollo del sector mezcalero en la entidad.<\/div>\n<div>El encuentro reuni\u00f3 a representantes de instituciones p\u00fablicas, organizaciones productoras y acad\u00e9micas, entre ellas el NODESS Desarrollo Regional del Mezcal en el Estado de M\u00e9xico, el Ayuntamiento de Ixtapan de la Sal, la Universidad Mexiquense del Bicentenario y el Instituto Mexiquense del Emprendedor.<\/div>\n<div>\n<figure id=\"attachment_75106\" aria-describedby=\"caption-attachment-75106\" style=\"width: 696px\" class=\"wp-caption aligncenter\"><a href=\"https:\/\/www.porlalibreedomex.com\/wp-content\/uploads\/2026\/03\/Suman-esfuerzos-UAEMex-Autoridades-y-Productores-para-impulsar-la-produccion-del-mezcalmmexiquense.jpg\"><img loading=\"lazy\" decoding=\"async\" class=\"size-large wp-image-75106\" src=\"https:\/\/www.porlalibreedomex.com\/wp-content\/uploads\/2026\/03\/Suman-esfuerzos-UAEMex-Autoridades-y-Productores-para-impulsar-la-produccion-del-mezcalmmexiquense-1024x682.jpg\" alt=\"\" width=\"696\" height=\"464\" srcset=\"https:\/\/www.porlalibreedomex.com\/wp-content\/uploads\/2026\/03\/Suman-esfuerzos-UAEMex-Autoridades-y-Productores-para-impulsar-la-produccion-del-mezcalmmexiquense-1024x682.jpg 1024w, https:\/\/www.porlalibreedomex.com\/wp-content\/uploads\/2026\/03\/Suman-esfuerzos-UAEMex-Autoridades-y-Productores-para-impulsar-la-produccion-del-mezcalmmexiquense-300x200.jpg 300w, https:\/\/www.porlalibreedomex.com\/wp-content\/uploads\/2026\/03\/Suman-esfuerzos-UAEMex-Autoridades-y-Productores-para-impulsar-la-produccion-del-mezcalmmexiquense-768x512.jpg 768w, https:\/\/www.porlalibreedomex.com\/wp-content\/uploads\/2026\/03\/Suman-esfuerzos-UAEMex-Autoridades-y-Productores-para-impulsar-la-produccion-del-mezcalmmexiquense-1536x1023.jpg 1536w, https:\/\/www.porlalibreedomex.com\/wp-content\/uploads\/2026\/03\/Suman-esfuerzos-UAEMex-Autoridades-y-Productores-para-impulsar-la-produccion-del-mezcalmmexiquense-696x464.jpg 696w, https:\/\/www.porlalibreedomex.com\/wp-content\/uploads\/2026\/03\/Suman-esfuerzos-UAEMex-Autoridades-y-Productores-para-impulsar-la-produccion-del-mezcalmmexiquense-1068x712.jpg 1068w, https:\/\/www.porlalibreedomex.com\/wp-content\/uploads\/2026\/03\/Suman-esfuerzos-UAEMex-Autoridades-y-Productores-para-impulsar-la-produccion-del-mezcalmmexiquense-630x420.jpg 630w, https:\/\/www.porlalibreedomex.com\/wp-content\/uploads\/2026\/03\/Suman-esfuerzos-UAEMex-Autoridades-y-Productores-para-impulsar-la-produccion-del-mezcalmmexiquense.jpg 1600w\" sizes=\"auto, (max-width: 696px) 100vw, 696px\" \/><\/a><figcaption id=\"caption-attachment-75106\" class=\"wp-caption-text\">Suman esfuerzos UAEM\u00e9x, Autoridades y Productores para impulsar la producci\u00f3n del mezcal mexiquense<\/figcaption><\/figure>\n<\/div>\n<div>Durante la jornada, los participantes reflexionaron sobre los retos y oportunidades derivados de la reciente obtenci\u00f3n de la denominaci\u00f3n de origen del mezcal para 15 municipios mexiquenses: Almoloya de Alquisiras, Amatepec, Coatepec Harinas, Ixtapan de la Sal, Luvianos, Malinalco, Ocuilan, Sultepec, Tejupilco, Tenancingo, Tlatlaya, Tonatico, Villa Guerrero, Zacualpan y Zumpahuac\u00e1n.<\/div>\n<div>En representaci\u00f3n de la rectora de la UAEM\u00e9x, Martha Patricia Zarza Delgado, y ante la presidenta municipal de Ixtapan de la Sal y anfitriona regional, Jessica Rosal\u00edo Embriz, el secretario Acad\u00e9mico, Francisco Herrera Tapia, destac\u00f3 el papel de la universidad en la articulaci\u00f3n entre conocimiento, territorio y desarrollo social.<\/div>\n<div>En la Plaza Maclovia de este municipio, subray\u00f3 que este foro representa una nueva etapa de madurez institucional, al reconocer que el conocimiento t\u00e9cnico, la organizaci\u00f3n social y la responsabilidad ambiental constituyen pilares fundamentales para impulsar un desarrollo regional m\u00e1s s\u00f3lido.<\/div>\n<div>\u201cDesde la Universidad Aut\u00f3noma del Estado de M\u00e9xico reafirmamos nuestra responsabilidad como universidad p\u00fablica de acompa\u00f1ar los procesos de desarrollo regional mediante investigaci\u00f3n aplicada. Que el conocimiento sirva a la gente, el pueblo a la universidad y la universidad al pueblo para construir una formaci\u00f3n profesional pertinente y una vinculaci\u00f3n social efectiva\u201d, expres\u00f3.<\/div>\n<div>Por su parte, la directora del Centro Universitario UAEM Tenancingo, Luz Mar\u00eda Robles Fern\u00e1ndez, se\u00f1al\u00f3 que la obtenci\u00f3n de la denominaci\u00f3n de origen implica una responsabilidad compartida entre todos los actores vinculados con el agave y el mezcal mexiquense para consolidar este sector productivo.<\/div>\n<div>A\u00f1adi\u00f3 que dicho reconocimiento no solo fortalece la actividad econ\u00f3mica, sino que tambi\u00e9n protege territorios, tradiciones y saberes transmitidos de generaci\u00f3n en generaci\u00f3n.<\/div>\n<div><\/div>\n<div>\n<figure id=\"attachment_75107\" aria-describedby=\"caption-attachment-75107\" style=\"width: 696px\" class=\"wp-caption aligncenter\"><a href=\"https:\/\/www.porlalibreedomex.com\/wp-content\/uploads\/2026\/03\/Son-15-los-municipios-mexiquenses-donde-los-productores-de-mezcal-cuentan-ya-con-la-Denominacion-de-origen.jpg\"><img loading=\"lazy\" decoding=\"async\" class=\"size-large wp-image-75107\" src=\"https:\/\/www.porlalibreedomex.com\/wp-content\/uploads\/2026\/03\/Son-15-los-municipios-mexiquenses-donde-los-productores-de-mezcal-cuentan-ya-con-la-Denominacion-de-origen-1024x682.jpg\" alt=\"\" width=\"696\" height=\"464\" srcset=\"https:\/\/www.porlalibreedomex.com\/wp-content\/uploads\/2026\/03\/Son-15-los-municipios-mexiquenses-donde-los-productores-de-mezcal-cuentan-ya-con-la-Denominacion-de-origen-1024x682.jpg 1024w, https:\/\/www.porlalibreedomex.com\/wp-content\/uploads\/2026\/03\/Son-15-los-municipios-mexiquenses-donde-los-productores-de-mezcal-cuentan-ya-con-la-Denominacion-de-origen-300x200.jpg 300w, https:\/\/www.porlalibreedomex.com\/wp-content\/uploads\/2026\/03\/Son-15-los-municipios-mexiquenses-donde-los-productores-de-mezcal-cuentan-ya-con-la-Denominacion-de-origen-768x512.jpg 768w, https:\/\/www.porlalibreedomex.com\/wp-content\/uploads\/2026\/03\/Son-15-los-municipios-mexiquenses-donde-los-productores-de-mezcal-cuentan-ya-con-la-Denominacion-de-origen-1536x1023.jpg 1536w, https:\/\/www.porlalibreedomex.com\/wp-content\/uploads\/2026\/03\/Son-15-los-municipios-mexiquenses-donde-los-productores-de-mezcal-cuentan-ya-con-la-Denominacion-de-origen-696x464.jpg 696w, https:\/\/www.porlalibreedomex.com\/wp-content\/uploads\/2026\/03\/Son-15-los-municipios-mexiquenses-donde-los-productores-de-mezcal-cuentan-ya-con-la-Denominacion-de-origen-1068x712.jpg 1068w, https:\/\/www.porlalibreedomex.com\/wp-content\/uploads\/2026\/03\/Son-15-los-municipios-mexiquenses-donde-los-productores-de-mezcal-cuentan-ya-con-la-Denominacion-de-origen-630x420.jpg 630w, https:\/\/www.porlalibreedomex.com\/wp-content\/uploads\/2026\/03\/Son-15-los-municipios-mexiquenses-donde-los-productores-de-mezcal-cuentan-ya-con-la-Denominacion-de-origen.jpg 1600w\" sizes=\"auto, (max-width: 696px) 100vw, 696px\" \/><\/a><figcaption id=\"caption-attachment-75107\" class=\"wp-caption-text\">Son 15 los municipios mexiquenses donde los productores de mezcal cuentan ya con la Denominaci\u00f3n de origen<\/figcaption><\/figure>\n<\/div>\n<div>Durante la inauguraci\u00f3n, el productor de agave Juan Manuel Olivares Aguilar destac\u00f3 que la denominaci\u00f3n de origen abre nuevas oportunidades para posicionar al mezcal mexiquense en el mercado, respaldado por su compromiso con la calidad. Asimismo, subray\u00f3 que el crecimiento del sector debe colocar en el centro a las comunidades productoras y al cuidado del territorio.<\/div>\n<div><strong>\u201cEl mezcal es M\u00e9xico, pero no puede serlo sin los mexicanos. No puede existir sin el campesino, el productor, el maestro mezcalero ni sin las mujeres que son pilar de esta tradici\u00f3n.<\/strong> El trabajo con el maguey es resultado de la interacci\u00f3n entre la naturaleza y el esfuerzo de familias honestas y trabajadoras; por ello debemos preservar tanto el conocimiento como el entorno que lo hace posible\u201d, enfatiz\u00f3.<\/div>\n<div>Con la realizaci\u00f3n de este foro, la UAEM\u00e9x ratifica su compromiso con la generaci\u00f3n de espacios de di\u00e1logo, intercambio de experiencias y an\u00e1lisis en torno a la certificaci\u00f3n de calidad y la normatividad vinculada con la denominaci\u00f3n de origen del mezcal, en beneficio del desarrollo regional y de la sociedad mexiquense.<\/div>\n<div><b>\u00a0<\/b><\/div>\n","protected":false},"excerpt":{"rendered":"<p>Durante el 12\u00b0 Foro Regional de Agave y Mezcal Mexiquense, especialistas, productores y autoridades analizaron los desaf\u00edos y oportunidades de la denominaci\u00f3n de origen en 15 municipios del estado. Ixtapan de la Sal, M\u00e9xico, 11 de marzo de 2026.\u00a0En el municipio de Ixtapan de la Sal, la Universidad Aut\u00f3noma del Estado de M\u00e9xico (UAEM\u00e9x) realiz\u00f3 [&hellip;]<\/p>\n","protected":false},"author":3,"featured_media":75108,"comment_status":"closed","ping_status":"closed","sticky":false,"template":"","format":"standard","meta":{"footnotes":""},"categories":[9146,9157,16],"tags":[35559,35558,35560,1163],"class_list":{"0":"post-75105","1":"post","2":"type-post","3":"status-publish","4":"format-standard","5":"has-post-thumbnail","7":"category-economia","8":"category-edomex","9":"category-foto","10":"tag-denominacion-de-origen-al-mezcal-mexiquense","11":"tag-foro-regional-de-agave-y-mezcal","12":"tag-foro-uaemex-y-productores-de-mezcal","13":"tag-ixtapan-de-la-sal"},"wps_subtitle":"","_links":{"self":[{"href":"https:\/\/www.porlalibreedomex.com\/index.php?rest_route=\/wp\/v2\/posts\/75105","targetHints":{"allow":["GET"]}}],"collection":[{"href":"https:\/\/www.porlalibreedomex.com\/index.php?rest_route=\/wp\/v2\/posts"}],"about":[{"href":"https:\/\/www.porlalibreedomex.com\/index.php?rest_route=\/wp\/v2\/types\/post"}],"author":[{"embeddable":true,"href":"https:\/\/www.porlalibreedomex.com\/index.php?rest_route=\/wp\/v2\/users\/3"}],"replies":[{"embeddable":true,"href":"https:\/\/www.porlalibreedomex.com\/index.php?rest_route=%2Fwp%2Fv2%2Fcomments&post=75105"}],"version-history":[{"count":1,"href":"https:\/\/www.porlalibreedomex.com\/index.php?rest_route=\/wp\/v2\/posts\/75105\/revisions"}],"predecessor-version":[{"id":75109,"href":"https:\/\/www.porlalibreedomex.com\/index.php?rest_route=\/wp\/v2\/posts\/75105\/revisions\/75109"}],"wp:featuredmedia":[{"embeddable":true,"href":"https:\/\/www.porlalibreedomex.com\/index.php?rest_route=\/wp\/v2\/media\/75108"}],"wp:attachment":[{"href":"https:\/\/www.porlalibreedomex.com\/index.php?rest_route=%2Fwp%2Fv2%2Fmedia&parent=75105"}],"wp:term":[{"taxonomy":"category","embeddable":true,"href":"https:\/\/www.porlalibreedomex.com\/index.php?rest_route=%2Fwp%2Fv2%2Fcategories&post=75105"},{"taxonomy":"post_tag","embeddable":true,"href":"https:\/\/www.porlalibreedomex.com\/index.php?rest_route=%2Fwp%2Fv2%2Ftags&post=75105"}],"curies":[{"name":"wp","href":"https:\/\/api.w.org\/{rel}","templated":true}]}}