{"id":74498,"date":"2025-12-11T01:18:36","date_gmt":"2025-12-11T07:18:36","guid":{"rendered":"https:\/\/www.porlalibreedomex.com\/?p=74498"},"modified":"2025-12-11T01:19:46","modified_gmt":"2025-12-11T07:19:46","slug":"con-ecos-de-navidad-la-uaemex-lleva-arte-coral-al-centro-universitario-texcoco","status":"publish","type":"post","link":"https:\/\/www.porlalibreedomex.com\/?p=74498","title":{"rendered":"Con \u201cEcos de Navidad\u201d, la UAEM\u00e9x lleva arte coral al Centro Universitario Texcoco"},"content":{"rendered":"<div><\/div>\n<ul>\n<li><strong><i>La secretaria de Identidad y Cultura, Cynthia Ortega Salgado, coment\u00f3 que esta presentaci\u00f3n forma parte de las actividades art\u00edsticas y culturales que tienen como prop\u00f3sito fortalecer la identidad institucional.<\/i><\/strong><\/li>\n<\/ul>\n<div><\/div>\n<div><b>Texcoco, M\u00e9xico, 10 de diciembre de 2025.<\/b>\u00a0El Centro Universitario Texcoco de la Universidad Aut\u00f3noma del Estado de M\u00e9xico (UAEM\u00e9x) fue sede del concierto \u201cEcos de Navidad\u201d, a cargo del Coro Universitario de la Aut\u00f3noma mexiquense.<\/div>\n<div>En representaci\u00f3n de la rectora Martha Patricia Zarza Delgado, la secretaria de Identidad y Cultura de la instituci\u00f3n, Cynthia Ortega Salgado, destac\u00f3 que esta presentaci\u00f3n forma parte de las actividades art\u00edsticas y culturales que buscan fortalecer la identidad universitaria.<\/div>\n<div>Acompa\u00f1ada por el secretario de Centros Universitarios y Unidades Acad\u00e9micas Profesionales, Jos\u00e9 Guadalupe Miranda Hern\u00e1ndez, Ortega Salgado subray\u00f3 que en una presentaci\u00f3n coral \u201cla diversidad se convierte en fortaleza\u201d, pues las voces se entrelazan para crear un solo cuerpo sonoro. Esa uni\u00f3n, dijo, transmite paz, esperanza y empat\u00eda, y demuestra que la belleza surge del trabajo colectivo.<\/div>\n<div>A\u00f1adi\u00f3 que este concierto impulsa el talento del elenco art\u00edstico universitario, al reconocer que la emoci\u00f3n de la m\u00fasica, el sentido de pertenencia y la certeza de que la bondad puede expresarse a trav\u00e9s de notas y silencios generan espacios de comuni\u00f3n y cercan\u00eda para toda la comunidad auriverde.<\/div>\n<div>\n<figure id=\"attachment_74501\" aria-describedby=\"caption-attachment-74501\" style=\"width: 696px\" class=\"wp-caption aligncenter\"><a href=\"https:\/\/www.porlalibreedomex.com\/wp-content\/uploads\/2025\/12\/En-representacion-de-la-rectora-Martha-Patricia-Zarza-asistio-la-secretaria-de-Identidad-y-Cultura-de-la-institucion-Cynthia-Ortega-Salgado-e1765437313567.jpeg\"><img loading=\"lazy\" decoding=\"async\" class=\"size-large wp-image-74501\" src=\"https:\/\/www.porlalibreedomex.com\/wp-content\/uploads\/2025\/12\/En-representacion-de-la-rectora-Martha-Patricia-Zarza-asistio-la-secretaria-de-Identidad-y-Cultura-de-la-institucion-Cynthia-Ortega-Salgado-e1765437313567-1024x412.jpeg\" alt=\"\" width=\"696\" height=\"280\" srcset=\"https:\/\/www.porlalibreedomex.com\/wp-content\/uploads\/2025\/12\/En-representacion-de-la-rectora-Martha-Patricia-Zarza-asistio-la-secretaria-de-Identidad-y-Cultura-de-la-institucion-Cynthia-Ortega-Salgado-e1765437313567-1024x412.jpeg 1024w, https:\/\/www.porlalibreedomex.com\/wp-content\/uploads\/2025\/12\/En-representacion-de-la-rectora-Martha-Patricia-Zarza-asistio-la-secretaria-de-Identidad-y-Cultura-de-la-institucion-Cynthia-Ortega-Salgado-e1765437313567-300x121.jpeg 300w, https:\/\/www.porlalibreedomex.com\/wp-content\/uploads\/2025\/12\/En-representacion-de-la-rectora-Martha-Patricia-Zarza-asistio-la-secretaria-de-Identidad-y-Cultura-de-la-institucion-Cynthia-Ortega-Salgado-e1765437313567-768x309.jpeg 768w, https:\/\/www.porlalibreedomex.com\/wp-content\/uploads\/2025\/12\/En-representacion-de-la-rectora-Martha-Patricia-Zarza-asistio-la-secretaria-de-Identidad-y-Cultura-de-la-institucion-Cynthia-Ortega-Salgado-e1765437313567-1536x618.jpeg 1536w, https:\/\/www.porlalibreedomex.com\/wp-content\/uploads\/2025\/12\/En-representacion-de-la-rectora-Martha-Patricia-Zarza-asistio-la-secretaria-de-Identidad-y-Cultura-de-la-institucion-Cynthia-Ortega-Salgado-e1765437313567-696x280.jpeg 696w, https:\/\/www.porlalibreedomex.com\/wp-content\/uploads\/2025\/12\/En-representacion-de-la-rectora-Martha-Patricia-Zarza-asistio-la-secretaria-de-Identidad-y-Cultura-de-la-institucion-Cynthia-Ortega-Salgado-e1765437313567-1068x429.jpeg 1068w, https:\/\/www.porlalibreedomex.com\/wp-content\/uploads\/2025\/12\/En-representacion-de-la-rectora-Martha-Patricia-Zarza-asistio-la-secretaria-de-Identidad-y-Cultura-de-la-institucion-Cynthia-Ortega-Salgado-e1765437313567-1044x420.jpeg 1044w, https:\/\/www.porlalibreedomex.com\/wp-content\/uploads\/2025\/12\/En-representacion-de-la-rectora-Martha-Patricia-Zarza-asistio-la-secretaria-de-Identidad-y-Cultura-de-la-institucion-Cynthia-Ortega-Salgado-e1765437313567.jpeg 1584w\" sizes=\"auto, (max-width: 696px) 100vw, 696px\" \/><\/a><figcaption id=\"caption-attachment-74501\" class=\"wp-caption-text\">En representaci\u00f3n de la rectora Martha Patricia Zarza, asisti\u00f3 la secretaria de Identidad y Cultura de la instituci\u00f3n, Cynthia Ortega Salgado<\/figcaption><\/figure>\n<\/div>\n<div><\/div>\n<div>Ortega Salgado enfatiz\u00f3 que la temporada navide\u00f1a es un tiempo de esperanza, paz y fraternidad, y que cada concierto es prueba de que la colaboraci\u00f3n y la empat\u00eda pueden construir memorias valiosas dentro de la M\u00e1xima Casa de Estudios mexiquense.<\/div>\n<div>\u201cCon estas presentaciones reafirmamos el compromiso de nuestra instituci\u00f3n con la cultura, el arte y la formaci\u00f3n integral de nuestros estudiantes. Hagamos de esta tarde un recuerdo inolvidable y que la magia de la Navidad ilumine nuestros corazones\u201d, afirm\u00f3.<\/div>\n<div>Por su parte, el encargado del despacho de la direcci\u00f3n del Centro Universitario UAEM Texcoco, Juvencio Hern\u00e1ndez Mart\u00ednez, destac\u00f3 que este concierto fortalece el arte, la educaci\u00f3n y el sentido de pertenencia, al tejer v\u00ednculos que consolidan a la comunidad auriverde. Invit\u00f3 a disfrutar esta temporada con gratitud y alegr\u00eda, y con el compromiso de seguir construyendo una universidad viva, incluyente, cercana y humanista.<\/div>\n<div><a href=\"https:\/\/www.porlalibreedomex.com\/wp-content\/uploads\/2025\/12\/La-actividad-cultural-dentro-de-la-UAEMex-como-este-concierto-tienen-la-finalidad-de-fortalecer-la-identidad-instiucional-dijo-la-Secretaria-Cinthya-Ortega-e1765437476856.jpeg\"><img loading=\"lazy\" decoding=\"async\" class=\"aligncenter size-large wp-image-74500\" src=\"https:\/\/www.porlalibreedomex.com\/wp-content\/uploads\/2025\/12\/La-actividad-cultural-dentro-de-la-UAEMex-como-este-concierto-tienen-la-finalidad-de-fortalecer-la-identidad-instiucional-dijo-la-Secretaria-Cinthya-Ortega-e1765437476856-1024x412.jpeg\" alt=\"\" width=\"696\" height=\"280\" srcset=\"https:\/\/www.porlalibreedomex.com\/wp-content\/uploads\/2025\/12\/La-actividad-cultural-dentro-de-la-UAEMex-como-este-concierto-tienen-la-finalidad-de-fortalecer-la-identidad-instiucional-dijo-la-Secretaria-Cinthya-Ortega-e1765437476856-1024x412.jpeg 1024w, https:\/\/www.porlalibreedomex.com\/wp-content\/uploads\/2025\/12\/La-actividad-cultural-dentro-de-la-UAEMex-como-este-concierto-tienen-la-finalidad-de-fortalecer-la-identidad-instiucional-dijo-la-Secretaria-Cinthya-Ortega-e1765437476856-300x121.jpeg 300w, https:\/\/www.porlalibreedomex.com\/wp-content\/uploads\/2025\/12\/La-actividad-cultural-dentro-de-la-UAEMex-como-este-concierto-tienen-la-finalidad-de-fortalecer-la-identidad-instiucional-dijo-la-Secretaria-Cinthya-Ortega-e1765437476856-768x309.jpeg 768w, https:\/\/www.porlalibreedomex.com\/wp-content\/uploads\/2025\/12\/La-actividad-cultural-dentro-de-la-UAEMex-como-este-concierto-tienen-la-finalidad-de-fortalecer-la-identidad-instiucional-dijo-la-Secretaria-Cinthya-Ortega-e1765437476856-1536x618.jpeg 1536w, https:\/\/www.porlalibreedomex.com\/wp-content\/uploads\/2025\/12\/La-actividad-cultural-dentro-de-la-UAEMex-como-este-concierto-tienen-la-finalidad-de-fortalecer-la-identidad-instiucional-dijo-la-Secretaria-Cinthya-Ortega-e1765437476856-696x280.jpeg 696w, https:\/\/www.porlalibreedomex.com\/wp-content\/uploads\/2025\/12\/La-actividad-cultural-dentro-de-la-UAEMex-como-este-concierto-tienen-la-finalidad-de-fortalecer-la-identidad-instiucional-dijo-la-Secretaria-Cinthya-Ortega-e1765437476856-1068x430.jpeg 1068w, https:\/\/www.porlalibreedomex.com\/wp-content\/uploads\/2025\/12\/La-actividad-cultural-dentro-de-la-UAEMex-como-este-concierto-tienen-la-finalidad-de-fortalecer-la-identidad-instiucional-dijo-la-Secretaria-Cinthya-Ortega-e1765437476856-1043x420.jpeg 1043w, https:\/\/www.porlalibreedomex.com\/wp-content\/uploads\/2025\/12\/La-actividad-cultural-dentro-de-la-UAEMex-como-este-concierto-tienen-la-finalidad-de-fortalecer-la-identidad-instiucional-dijo-la-Secretaria-Cinthya-Ortega-e1765437476856.jpeg 1550w\" sizes=\"auto, (max-width: 696px) 100vw, 696px\" \/><\/a><\/div>\n<div>El Coro Universitario de la UAEM\u00e9x, con 63 a\u00f1os de trayectoria y bajo la direcci\u00f3n de Emilio Hern\u00e1ndez, est\u00e1 integrado por profesionales egresados de escuelas de m\u00fasica del Estado de M\u00e9xico. Su repertorio abarca desde m\u00fasica cl\u00e1sica europea hasta obras latinoamericanas populares y contempor\u00e1neas.<\/div>\n","protected":false},"excerpt":{"rendered":"<p>La secretaria de Identidad y Cultura, Cynthia Ortega Salgado, coment\u00f3 que esta presentaci\u00f3n forma parte de las actividades art\u00edsticas y culturales que tienen como prop\u00f3sito fortalecer la identidad institucional. Texcoco, M\u00e9xico, 10 de diciembre de 2025.\u00a0El Centro Universitario Texcoco de la Universidad Aut\u00f3noma del Estado de M\u00e9xico (UAEM\u00e9x) fue sede del concierto \u201cEcos de Navidad\u201d, [&hellip;]<\/p>\n","protected":false},"author":3,"featured_media":74499,"comment_status":"closed","ping_status":"closed","sticky":false,"template":"","format":"standard","meta":{"footnotes":""},"categories":[9873,9157,16],"tags":[26482,35174,35175,34885,34650,35173,35176],"class_list":{"0":"post-74498","1":"post","2":"type-post","3":"status-publish","4":"format-standard","5":"has-post-thumbnail","7":"category-cultura","8":"category-edomex","9":"category-foto","10":"tag-centro-universitario-texcoco","11":"tag-concierto-ecos-de-navidad","12":"tag-coro-de-la-uaemex","13":"tag-cynthia-ortega-salgado","14":"tag-rectora-martha-patricia-zarza-delgado","15":"tag-secretaria-de-identidad-y-cultura-uaemex","16":"tag-unidad-academica-uaemex-texcoco"},"wps_subtitle":"","_links":{"self":[{"href":"https:\/\/www.porlalibreedomex.com\/index.php?rest_route=\/wp\/v2\/posts\/74498","targetHints":{"allow":["GET"]}}],"collection":[{"href":"https:\/\/www.porlalibreedomex.com\/index.php?rest_route=\/wp\/v2\/posts"}],"about":[{"href":"https:\/\/www.porlalibreedomex.com\/index.php?rest_route=\/wp\/v2\/types\/post"}],"author":[{"embeddable":true,"href":"https:\/\/www.porlalibreedomex.com\/index.php?rest_route=\/wp\/v2\/users\/3"}],"replies":[{"embeddable":true,"href":"https:\/\/www.porlalibreedomex.com\/index.php?rest_route=%2Fwp%2Fv2%2Fcomments&post=74498"}],"version-history":[{"count":1,"href":"https:\/\/www.porlalibreedomex.com\/index.php?rest_route=\/wp\/v2\/posts\/74498\/revisions"}],"predecessor-version":[{"id":74502,"href":"https:\/\/www.porlalibreedomex.com\/index.php?rest_route=\/wp\/v2\/posts\/74498\/revisions\/74502"}],"wp:featuredmedia":[{"embeddable":true,"href":"https:\/\/www.porlalibreedomex.com\/index.php?rest_route=\/wp\/v2\/media\/74499"}],"wp:attachment":[{"href":"https:\/\/www.porlalibreedomex.com\/index.php?rest_route=%2Fwp%2Fv2%2Fmedia&parent=74498"}],"wp:term":[{"taxonomy":"category","embeddable":true,"href":"https:\/\/www.porlalibreedomex.com\/index.php?rest_route=%2Fwp%2Fv2%2Fcategories&post=74498"},{"taxonomy":"post_tag","embeddable":true,"href":"https:\/\/www.porlalibreedomex.com\/index.php?rest_route=%2Fwp%2Fv2%2Ftags&post=74498"}],"curies":[{"name":"wp","href":"https:\/\/api.w.org\/{rel}","templated":true}]}}