{"id":74489,"date":"2025-12-09T02:37:21","date_gmt":"2025-12-09T08:37:21","guid":{"rendered":"https:\/\/www.porlalibreedomex.com\/?p=74489"},"modified":"2025-12-10T02:43:06","modified_gmt":"2025-12-10T08:43:06","slug":"con-puesta-en-escena-el-edificio-de-rectoria-reabre-sus-puertas-a-la-vida-cultural","status":"publish","type":"post","link":"https:\/\/www.porlalibreedomex.com\/?p=74489","title":{"rendered":"Con puesta en escena, el Edificio de Rector\u00eda reabre sus puertas a la vida cultural"},"content":{"rendered":"<div><\/div>\n<ul>\n<li><strong><i>En el marco de la pastorela \u201cDominico \u00a1Hay un perro en el pesebre!, la rectora Martha Patricia Zarza Delgado anunci\u00f3 una oferta cultural renovada para 2026.<\/i><\/strong><\/li>\n<\/ul>\n<div><b>Toluca, M\u00e9xico, 9 de diciembre de 2025.<\/b>\u00a0Tras varios meses de pausa, el Edificio Hist\u00f3rico de Rector\u00eda de la Universidad Aut\u00f3noma del Estado de M\u00e9xico reactiv\u00f3 su vida cultural, con la presentaci\u00f3n de la puesta en escena Dominico \u00a1Hay un perro en el pesebre!, en el Teatro Universitario de C\u00e1mara \u201cEsv\u00f3n Gamaliel\u201d.<\/div>\n<div>\n<figure id=\"attachment_73484\" aria-describedby=\"caption-attachment-73484\" style=\"width: 300px\" class=\"wp-caption alignright\"><a href=\"https:\/\/www.porlalibreedomex.com\/wp-content\/uploads\/2025\/08\/Encuentros-en-tres-diferentes-centros-universitarios-sostuvo-la-Rectora-Martha-Patricia-Zarza-Delgado-e1765356069225.jpeg\"><img loading=\"lazy\" decoding=\"async\" class=\"size-medium wp-image-73484\" src=\"https:\/\/www.porlalibreedomex.com\/wp-content\/uploads\/2025\/08\/Encuentros-en-tres-diferentes-centros-universitarios-sostuvo-la-Rectora-Martha-Patricia-Zarza-Delgado-e1765356069225-300x166.jpeg\" alt=\"\" width=\"300\" height=\"166\" srcset=\"https:\/\/www.porlalibreedomex.com\/wp-content\/uploads\/2025\/08\/Encuentros-en-tres-diferentes-centros-universitarios-sostuvo-la-Rectora-Martha-Patricia-Zarza-Delgado-e1765356069225-300x166.jpeg 300w, https:\/\/www.porlalibreedomex.com\/wp-content\/uploads\/2025\/08\/Encuentros-en-tres-diferentes-centros-universitarios-sostuvo-la-Rectora-Martha-Patricia-Zarza-Delgado-e1765356069225-1024x565.jpeg 1024w, https:\/\/www.porlalibreedomex.com\/wp-content\/uploads\/2025\/08\/Encuentros-en-tres-diferentes-centros-universitarios-sostuvo-la-Rectora-Martha-Patricia-Zarza-Delgado-e1765356069225-768x424.jpeg 768w, https:\/\/www.porlalibreedomex.com\/wp-content\/uploads\/2025\/08\/Encuentros-en-tres-diferentes-centros-universitarios-sostuvo-la-Rectora-Martha-Patricia-Zarza-Delgado-e1765356069225-696x385.jpeg 696w, https:\/\/www.porlalibreedomex.com\/wp-content\/uploads\/2025\/08\/Encuentros-en-tres-diferentes-centros-universitarios-sostuvo-la-Rectora-Martha-Patricia-Zarza-Delgado-e1765356069225-1068x589.jpeg 1068w, https:\/\/www.porlalibreedomex.com\/wp-content\/uploads\/2025\/08\/Encuentros-en-tres-diferentes-centros-universitarios-sostuvo-la-Rectora-Martha-Patricia-Zarza-Delgado-e1765356069225-761x420.jpeg 761w, https:\/\/www.porlalibreedomex.com\/wp-content\/uploads\/2025\/08\/Encuentros-en-tres-diferentes-centros-universitarios-sostuvo-la-Rectora-Martha-Patricia-Zarza-Delgado-e1765356069225.jpeg 1156w\" sizes=\"auto, (max-width: 300px) 100vw, 300px\" \/><\/a><figcaption id=\"caption-attachment-73484\" class=\"wp-caption-text\">Rectora Martha Pastricia Zarza Delgado Foto de archivo porlalibreedomex.com<\/figcaption><\/figure>\n<\/div>\n<div>Ante integrantes de la comunidad verde y oro y p\u00fablico en general, la rectora de la UAEM\u00e9x, Martha Patricia Zarza Delgado, destac\u00f3 la importancia de retomar estas actividades para recuperar el sentido colectivo de las y los universitarios, donde la oferta cultural \u2014dijo\u2014 es indispensable para avanzar en la Transformaci\u00f3n Universitaria.<\/div>\n<div>\u201cComo lo comprometimos, este espacio ser\u00e1 de puertas abiertas y siempre estar\u00e1 dispuesto para el disfrute y aprovechamiento de la comunidad auriverde y de la sociedad mexiquense en general\u201d, expres\u00f3.<\/div>\n<div>Zarza Delgado adelant\u00f3 que, a inicios del pr\u00f3ximo a\u00f1o, se presentar\u00e1 una oferta cultural renovada y amplia, dise\u00f1ada para cubrir todos los espacios universitarios. Adem\u00e1s, invit\u00f3 a la comunidad a redoblar esfuerzos para seguir construyendo una universidad que se fortalezca en la diversidad y consolide la escucha activa, el di\u00e1logo, la inclusi\u00f3n, la cercan\u00eda y el progresismo.<\/div>\n<div>Por su parte, el director de la Compa\u00f1\u00eda Universitaria de Teatro, Juan Carlos Embriz Gonzaga, subray\u00f3 que las actividades culturales son fundamentales para la instituci\u00f3n, pues fortalecen la identidad institucional y generan espacios para la expresi\u00f3n y el encuentro.<\/div>\n<div>Con esta reapertura, la UAEM\u00e9x reafirma su vocaci\u00f3n cultural y el papel del Edificio Hist\u00f3rico de Rector\u00eda como un punto de encuentro para la creatividad, el di\u00e1logo y la vida universitaria.<\/div>\n<div><\/div>\n","protected":false},"excerpt":{"rendered":"<p>En el marco de la pastorela \u201cDominico \u00a1Hay un perro en el pesebre!, la rectora Martha Patricia Zarza Delgado anunci\u00f3 una oferta cultural renovada para 2026. Toluca, M\u00e9xico, 9 de diciembre de 2025.\u00a0Tras varios meses de pausa, el Edificio Hist\u00f3rico de Rector\u00eda de la Universidad Aut\u00f3noma del Estado de M\u00e9xico reactiv\u00f3 su vida cultural, con [&hellip;]<\/p>\n","protected":false},"author":3,"featured_media":71659,"comment_status":"closed","ping_status":"closed","sticky":false,"template":"","format":"standard","meta":{"footnotes":""},"categories":[9873,9157,16],"tags":[35166,35167,35168,34650],"class_list":{"0":"post-74489","1":"post","2":"type-post","3":"status-publish","4":"format-standard","5":"has-post-thumbnail","7":"category-cultura","8":"category-edomex","9":"category-foto","10":"tag-actividad-cultural-en-rectoria-uaemex","11":"tag-dominico-hay-un-perro-en-el-pesebe","12":"tag-la-cultura-en-la-vida-universitaria","13":"tag-rectora-martha-patricia-zarza-delgado"},"wps_subtitle":"","_links":{"self":[{"href":"https:\/\/www.porlalibreedomex.com\/index.php?rest_route=\/wp\/v2\/posts\/74489","targetHints":{"allow":["GET"]}}],"collection":[{"href":"https:\/\/www.porlalibreedomex.com\/index.php?rest_route=\/wp\/v2\/posts"}],"about":[{"href":"https:\/\/www.porlalibreedomex.com\/index.php?rest_route=\/wp\/v2\/types\/post"}],"author":[{"embeddable":true,"href":"https:\/\/www.porlalibreedomex.com\/index.php?rest_route=\/wp\/v2\/users\/3"}],"replies":[{"embeddable":true,"href":"https:\/\/www.porlalibreedomex.com\/index.php?rest_route=%2Fwp%2Fv2%2Fcomments&post=74489"}],"version-history":[{"count":3,"href":"https:\/\/www.porlalibreedomex.com\/index.php?rest_route=\/wp\/v2\/posts\/74489\/revisions"}],"predecessor-version":[{"id":74492,"href":"https:\/\/www.porlalibreedomex.com\/index.php?rest_route=\/wp\/v2\/posts\/74489\/revisions\/74492"}],"wp:featuredmedia":[{"embeddable":true,"href":"https:\/\/www.porlalibreedomex.com\/index.php?rest_route=\/wp\/v2\/media\/71659"}],"wp:attachment":[{"href":"https:\/\/www.porlalibreedomex.com\/index.php?rest_route=%2Fwp%2Fv2%2Fmedia&parent=74489"}],"wp:term":[{"taxonomy":"category","embeddable":true,"href":"https:\/\/www.porlalibreedomex.com\/index.php?rest_route=%2Fwp%2Fv2%2Fcategories&post=74489"},{"taxonomy":"post_tag","embeddable":true,"href":"https:\/\/www.porlalibreedomex.com\/index.php?rest_route=%2Fwp%2Fv2%2Ftags&post=74489"}],"curies":[{"name":"wp","href":"https:\/\/api.w.org\/{rel}","templated":true}]}}