{"id":74485,"date":"2025-12-09T22:23:12","date_gmt":"2025-12-10T04:23:12","guid":{"rendered":"https:\/\/www.porlalibreedomex.com\/?p=74485"},"modified":"2025-12-09T22:24:16","modified_gmt":"2025-12-10T04:24:16","slug":"secuelas-del-aumento-al-minisalario","status":"publish","type":"post","link":"https:\/\/www.porlalibreedomex.com\/?p=74485","title":{"rendered":"Secuelas  del aumento al Minisalario"},"content":{"rendered":"<p><strong>Gato de Barrio \/<\/strong><\/p>\n<p align=\"right\"><strong><a href=\"mailto:gatodebarrio57@gmail.com\" target=\"_blank\" rel=\"nofollow noopener\"><i>gatodebarrio57@gmail.com \/\u00a0<\/i><\/a><i><u><\/u><\/i><\/strong><\/p>\n<p><strong>R<\/strong>ecientemente el gobierno federal festej\u00f3 el <strong>aumento al salario m\u00ednimo para el pr\u00f3ximo a\u00f1o, que ser\u00e1 de 13% para pasar de 278.80 a 315.04 pesos diarios<\/strong>, equivalente a nueve mil 582.47 pesos mensuales, aunque en la Zona Libre de la Frontera Norte, el incremento ser\u00e1 de 5%, para subir de 419.88 a $440.87 pesos diarios, es decir 13 mil 409.80 pesos mensuales.<\/p>\n<p>Pero lo que poco se informa es que tambi\u00e9n se registr\u00f3 el mismo porcentaje en los clasificados como salarios m\u00ednimos profesionales, integrada por 61 profesiones, oficios y trabajos especiales, los cuales por primera vez ser\u00e1n superiores a los 300 pesos diarios, los cuales en muchos casos las empresas los ignoran para \u00abahorrarse\u00bb el su correspondiente pago,<\/p>\n<p>Las labores donde se deber\u00edan cubrir los sueldos m\u00e1s altos diarios son reportero y fot\u00f3grafos en prensa diaria impresa, con 705 pesos; t\u00e9cnico trabajador social, con 405 pesos; operadores de dragado, con 384 pesos, de buld\u00f3zer o trascabo, con 380 pesos; mec\u00e1nico en reparaci\u00f3n de autos y camiones, con 375 pesos; secretario auxiliar, con 374 pesos; chofer de cami\u00f3n de carga, con 370 pesos; cocinero, mayor en restaurantes, fondas y establecimientos similares, con 368 pesos, entre otras cifras a las que se deber\u00e1n agregar algunos centavos.<\/p>\n<p>La cuesti\u00f3n ser\u00eda saber cu\u00e1ntas empresas cumplen con estos salarios profesionales, los cuales deber\u00edan permitir a esos trabajadores, con alguna especialidad, tener mejor calidad de vida y permitirles un mejor desarrollo personal y familiar.<\/p>\n<p>Lamentablemente, por las actuales condiciones sociales y econ\u00f3micas estos empleados especializados prefieren recibir salarios menores a los marcados en el tabulador profesional, por el riesgo de quedar sin trabajo y su puesto sea ocupado por otra persona, dispuesta a tener una ocupaci\u00f3n, con las correspondientes prestaciones sociales, es decir en la econom\u00eda formal.<\/p>\n<p>Se podr\u00eda decir que el aumento del 13% a los salarios, podr\u00eda ser una buena noticia, pero si se suma que a partir del pr\u00f3ximo a\u00f1o empezar\u00e1 la reducci\u00f3n de la jornada laboral de dos horas para que en 2030 se cumpla con el prop\u00f3sito de ser cuarenta horas semanales, pero especialistas anticipan que estas medidas podr\u00edan provocar\u00e1n mayores presiones econ\u00f3micas desde las micro, pasando por las peque\u00f1as hasta llega a las medianas empresas, muchas de las cuales realmente sufrir\u00e1n para cumplir con todas estas medidas laborales.<\/p>\n<p><strong>El problema es que ante las actuales condiciones de m\u00ednimo crecimiento econ\u00f3mico, no todas esas empresas podr\u00edan cumplir con las nuevas medidas laborales, por lo cual en alg\u00fan momento y para poder subsistir, sus due\u00f1os podr\u00edan recurrir al despido de personal.<\/strong><\/p>\n<p>Ojal\u00e1 no sea necesario llegar a ese tipo de medidas que, en caso de suceder, provocar\u00e1n un incremento en el n\u00famero de trabajadores en la econom\u00eda informal, porque los despedidos necesitar\u00e1n, de alguna manera, tener ingresos para su mantenimiento personal y de su familia.<\/p>\n<p>En un mundo ideal las recientes medidas laborales \u2013el incremento al salario m\u00ednimo general y a los profesionales, as\u00ed como reducir los d\u00edas de trabajo\u2013\u00b8 deber\u00edan ser un aliciente para la clase trabajadora, pero <strong>no provocar problemas para las micro, peque\u00f1as y medianas empresas, las cuales representan el 99.8% de las unidades econ\u00f3micas, generan alrededor del 71% del empleo formal y aportan cerca del 52% del Producto Interno Bruto (PIB).<\/strong><\/p>\n<p>Lo m\u00e1s deseable es que las autoridades federales tomen las mejores medidas para que este tipo de empresas no entren en crisis, de lo contrario la econom\u00eda nacional resentir\u00e1 a\u00fan m\u00e1s las consecuencias negativas del populismo de la \u00abT4\u00bb.<\/p>\n","protected":false},"excerpt":{"rendered":"<p>Gato de Barrio \/ gatodebarrio57@gmail.com \/\u00a0 Recientemente el gobierno federal festej\u00f3 el aumento al salario m\u00ednimo para el pr\u00f3ximo a\u00f1o, que ser\u00e1 de 13% para pasar de 278.80 a 315.04 pesos diarios, equivalente a nueve mil 582.47 pesos mensuales, aunque en la Zona Libre de la Frontera Norte, el incremento ser\u00e1 de 5%, para subir [&hellip;]<\/p>\n","protected":false},"author":3,"featured_media":74486,"comment_status":"closed","ping_status":"closed","sticky":false,"template":"","format":"standard","meta":{"footnotes":""},"categories":[23,16,9150],"tags":[35164,6315,11389,35165],"class_list":{"0":"post-74485","1":"post","2":"type-post","3":"status-publish","4":"format-standard","5":"has-post-thumbnail","7":"category-columna","8":"category-foto","9":"category-politica","10":"tag-consecuencias-del-aumento-al-minisalario","11":"tag-gato-de-barrio","12":"tag-maullidos-urbanos","13":"tag-riesgos-para-empresas-por-el-alza-salarial"},"wps_subtitle":"Maullidos Urbanos \/ y... Qu\u00e9 sigue para las empresas?","_links":{"self":[{"href":"https:\/\/www.porlalibreedomex.com\/index.php?rest_route=\/wp\/v2\/posts\/74485","targetHints":{"allow":["GET"]}}],"collection":[{"href":"https:\/\/www.porlalibreedomex.com\/index.php?rest_route=\/wp\/v2\/posts"}],"about":[{"href":"https:\/\/www.porlalibreedomex.com\/index.php?rest_route=\/wp\/v2\/types\/post"}],"author":[{"embeddable":true,"href":"https:\/\/www.porlalibreedomex.com\/index.php?rest_route=\/wp\/v2\/users\/3"}],"replies":[{"embeddable":true,"href":"https:\/\/www.porlalibreedomex.com\/index.php?rest_route=%2Fwp%2Fv2%2Fcomments&post=74485"}],"version-history":[{"count":2,"href":"https:\/\/www.porlalibreedomex.com\/index.php?rest_route=\/wp\/v2\/posts\/74485\/revisions"}],"predecessor-version":[{"id":74488,"href":"https:\/\/www.porlalibreedomex.com\/index.php?rest_route=\/wp\/v2\/posts\/74485\/revisions\/74488"}],"wp:featuredmedia":[{"embeddable":true,"href":"https:\/\/www.porlalibreedomex.com\/index.php?rest_route=\/wp\/v2\/media\/74486"}],"wp:attachment":[{"href":"https:\/\/www.porlalibreedomex.com\/index.php?rest_route=%2Fwp%2Fv2%2Fmedia&parent=74485"}],"wp:term":[{"taxonomy":"category","embeddable":true,"href":"https:\/\/www.porlalibreedomex.com\/index.php?rest_route=%2Fwp%2Fv2%2Fcategories&post=74485"},{"taxonomy":"post_tag","embeddable":true,"href":"https:\/\/www.porlalibreedomex.com\/index.php?rest_route=%2Fwp%2Fv2%2Ftags&post=74485"}],"curies":[{"name":"wp","href":"https:\/\/api.w.org\/{rel}","templated":true}]}}