{"id":74175,"date":"2025-10-30T01:23:15","date_gmt":"2025-10-30T07:23:15","guid":{"rendered":"https:\/\/www.porlalibreedomex.com\/?p=74175"},"modified":"2025-10-31T01:24:41","modified_gmt":"2025-10-31T07:24:41","slug":"monta-el-municipio-espectacular-ofrenda-monumental-en-metepec","status":"publish","type":"post","link":"https:\/\/www.porlalibreedomex.com\/?p=74175","title":{"rendered":"MONTA EL MUNICIPIO ESPECTACULAR OFRENDA MONUMENTAL EN METEPEC"},"content":{"rendered":"<p>&nbsp;<\/p>\n<ul>\n<li><em><strong>Rinde homenaje a todos los artesanos que se adelantaron en esta vida.<\/strong><\/em><\/li>\n<\/ul>\n<p><strong>Metepec, M\u00e9xico, 30 de octubre de 2025.-\u00a0<\/strong> fue inaugurada este jueves la ofrenda monumental en las escalinatas del Calvario, con espect\u00e1culos adicionales de danza y batucada que encendieron al p\u00fablico presente.<\/p>\n<p>Una vez m\u00e1s, el gobierno del alcalde Fernando Flores Fern\u00e1ndez, enaltece las festividades que fortalecen la uni\u00f3n familiar y comunitaria, ahora celebrando el d\u00eda de muertos.<\/p>\n<p><a href=\"https:\/\/www.porlalibreedomex.com\/wp-content\/uploads\/2025\/10\/Dias-de-Muertos-Escalinata-Metepec.jpeg\"><img loading=\"lazy\" decoding=\"async\" class=\"aligncenter size-large wp-image-74188\" src=\"https:\/\/www.porlalibreedomex.com\/wp-content\/uploads\/2025\/10\/Dias-de-Muertos-Escalinata-Metepec-1024x682.jpeg\" alt=\"\" width=\"696\" height=\"464\" srcset=\"https:\/\/www.porlalibreedomex.com\/wp-content\/uploads\/2025\/10\/Dias-de-Muertos-Escalinata-Metepec-1024x682.jpeg 1024w, https:\/\/www.porlalibreedomex.com\/wp-content\/uploads\/2025\/10\/Dias-de-Muertos-Escalinata-Metepec-300x200.jpeg 300w, https:\/\/www.porlalibreedomex.com\/wp-content\/uploads\/2025\/10\/Dias-de-Muertos-Escalinata-Metepec-768x512.jpeg 768w, https:\/\/www.porlalibreedomex.com\/wp-content\/uploads\/2025\/10\/Dias-de-Muertos-Escalinata-Metepec-696x464.jpeg 696w, https:\/\/www.porlalibreedomex.com\/wp-content\/uploads\/2025\/10\/Dias-de-Muertos-Escalinata-Metepec-1068x712.jpeg 1068w, https:\/\/www.porlalibreedomex.com\/wp-content\/uploads\/2025\/10\/Dias-de-Muertos-Escalinata-Metepec-630x420.jpeg 630w, https:\/\/www.porlalibreedomex.com\/wp-content\/uploads\/2025\/10\/Dias-de-Muertos-Escalinata-Metepec.jpeg 1280w\" sizes=\"auto, (max-width: 696px) 100vw, 696px\" \/><\/a><\/p>\n<p>La ofrenda monumental, rinde homenaje a todos los artesanos que se adelantaron en esta vida, enarbolando su legado en el pueblo de gran tradici\u00f3n alfarera.<\/p>\n<p>La obra, consta de tres piezas de cart\u00f3n, que representan a tres artesanos, uno est\u00e1 moliendo el barro, la mujer artesana -segunda parte- moldea el barro recordando as\u00ed a una de las iniciadoras del trabajo, Modesta Fern\u00e1ndez, y hasta arriba , se retrata la obra terminada de vidriado.<\/p>\n<div id='gallery-1' class='gallery galleryid-74175 gallery-columns-3 gallery-size-large'><figure class='gallery-item'>\n\t\t\t<div class='gallery-icon landscape'>\n\t\t\t\t<a href='https:\/\/www.porlalibreedomex.com\/?attachment_id=74185'><img loading=\"lazy\" decoding=\"async\" width=\"696\" height=\"497\" src=\"https:\/\/www.porlalibreedomex.com\/wp-content\/uploads\/2025\/10\/Metepec-Mexico-Templo-del-Calvario-con-sau-excalinata-adornada-con-motivo-de-los-Dias-de-Muertos-2025-1024x731.jpeg\" class=\"attachment-large size-large\" alt=\"\" srcset=\"https:\/\/www.porlalibreedomex.com\/wp-content\/uploads\/2025\/10\/Metepec-Mexico-Templo-del-Calvario-con-sau-excalinata-adornada-con-motivo-de-los-Dias-de-Muertos-2025-1024x731.jpeg 1024w, https:\/\/www.porlalibreedomex.com\/wp-content\/uploads\/2025\/10\/Metepec-Mexico-Templo-del-Calvario-con-sau-excalinata-adornada-con-motivo-de-los-Dias-de-Muertos-2025-300x214.jpeg 300w, https:\/\/www.porlalibreedomex.com\/wp-content\/uploads\/2025\/10\/Metepec-Mexico-Templo-del-Calvario-con-sau-excalinata-adornada-con-motivo-de-los-Dias-de-Muertos-2025-768x548.jpeg 768w, https:\/\/www.porlalibreedomex.com\/wp-content\/uploads\/2025\/10\/Metepec-Mexico-Templo-del-Calvario-con-sau-excalinata-adornada-con-motivo-de-los-Dias-de-Muertos-2025-696x497.jpeg 696w, https:\/\/www.porlalibreedomex.com\/wp-content\/uploads\/2025\/10\/Metepec-Mexico-Templo-del-Calvario-con-sau-excalinata-adornada-con-motivo-de-los-Dias-de-Muertos-2025-1068x763.jpeg 1068w, https:\/\/www.porlalibreedomex.com\/wp-content\/uploads\/2025\/10\/Metepec-Mexico-Templo-del-Calvario-con-sau-excalinata-adornada-con-motivo-de-los-Dias-de-Muertos-2025-588x420.jpeg 588w, https:\/\/www.porlalibreedomex.com\/wp-content\/uploads\/2025\/10\/Metepec-Mexico-Templo-del-Calvario-con-sau-excalinata-adornada-con-motivo-de-los-Dias-de-Muertos-2025-100x70.jpeg 100w, https:\/\/www.porlalibreedomex.com\/wp-content\/uploads\/2025\/10\/Metepec-Mexico-Templo-del-Calvario-con-sau-excalinata-adornada-con-motivo-de-los-Dias-de-Muertos-2025.jpeg 1280w\" sizes=\"auto, (max-width: 696px) 100vw, 696px\" \/><\/a>\n\t\t\t<\/div><\/figure><figure class='gallery-item'>\n\t\t\t<div class='gallery-icon landscape'>\n\t\t\t\t<a href='https:\/\/www.porlalibreedomex.com\/?attachment_id=74189'><img loading=\"lazy\" decoding=\"async\" width=\"696\" height=\"464\" src=\"https:\/\/www.porlalibreedomex.com\/wp-content\/uploads\/2025\/10\/Metepec-Dias-de-Muertos-No-podian-faltar-en-la-ofrenda-las-flores-el-tequila-Y-el-periodico-para-estar-al-tanto-de-las-noticias-1024x682.jpeg\" class=\"attachment-large size-large\" alt=\"\" srcset=\"https:\/\/www.porlalibreedomex.com\/wp-content\/uploads\/2025\/10\/Metepec-Dias-de-Muertos-No-podian-faltar-en-la-ofrenda-las-flores-el-tequila-Y-el-periodico-para-estar-al-tanto-de-las-noticias-1024x682.jpeg 1024w, https:\/\/www.porlalibreedomex.com\/wp-content\/uploads\/2025\/10\/Metepec-Dias-de-Muertos-No-podian-faltar-en-la-ofrenda-las-flores-el-tequila-Y-el-periodico-para-estar-al-tanto-de-las-noticias-300x200.jpeg 300w, https:\/\/www.porlalibreedomex.com\/wp-content\/uploads\/2025\/10\/Metepec-Dias-de-Muertos-No-podian-faltar-en-la-ofrenda-las-flores-el-tequila-Y-el-periodico-para-estar-al-tanto-de-las-noticias-768x512.jpeg 768w, https:\/\/www.porlalibreedomex.com\/wp-content\/uploads\/2025\/10\/Metepec-Dias-de-Muertos-No-podian-faltar-en-la-ofrenda-las-flores-el-tequila-Y-el-periodico-para-estar-al-tanto-de-las-noticias-696x464.jpeg 696w, https:\/\/www.porlalibreedomex.com\/wp-content\/uploads\/2025\/10\/Metepec-Dias-de-Muertos-No-podian-faltar-en-la-ofrenda-las-flores-el-tequila-Y-el-periodico-para-estar-al-tanto-de-las-noticias-1068x712.jpeg 1068w, https:\/\/www.porlalibreedomex.com\/wp-content\/uploads\/2025\/10\/Metepec-Dias-de-Muertos-No-podian-faltar-en-la-ofrenda-las-flores-el-tequila-Y-el-periodico-para-estar-al-tanto-de-las-noticias-630x420.jpeg 630w, https:\/\/www.porlalibreedomex.com\/wp-content\/uploads\/2025\/10\/Metepec-Dias-de-Muertos-No-podian-faltar-en-la-ofrenda-las-flores-el-tequila-Y-el-periodico-para-estar-al-tanto-de-las-noticias.jpeg 1280w\" sizes=\"auto, (max-width: 696px) 100vw, 696px\" \/><\/a>\n\t\t\t<\/div><\/figure><figure class='gallery-item'>\n\t\t\t<div class='gallery-icon landscape'>\n\t\t\t\t<a href='https:\/\/www.porlalibreedomex.com\/?attachment_id=74178'><img loading=\"lazy\" decoding=\"async\" width=\"696\" height=\"392\" src=\"https:\/\/www.porlalibreedomex.com\/wp-content\/uploads\/2025\/10\/Metepec-Mexico.-Dragones-chionos-en-las-festividades-de-Muertos-en-el-Pueblo-Magico-1024x576.jpeg\" class=\"attachment-large size-large\" alt=\"\" srcset=\"https:\/\/www.porlalibreedomex.com\/wp-content\/uploads\/2025\/10\/Metepec-Mexico.-Dragones-chionos-en-las-festividades-de-Muertos-en-el-Pueblo-Magico-1024x576.jpeg 1024w, https:\/\/www.porlalibreedomex.com\/wp-content\/uploads\/2025\/10\/Metepec-Mexico.-Dragones-chionos-en-las-festividades-de-Muertos-en-el-Pueblo-Magico-300x169.jpeg 300w, https:\/\/www.porlalibreedomex.com\/wp-content\/uploads\/2025\/10\/Metepec-Mexico.-Dragones-chionos-en-las-festividades-de-Muertos-en-el-Pueblo-Magico-768x432.jpeg 768w, https:\/\/www.porlalibreedomex.com\/wp-content\/uploads\/2025\/10\/Metepec-Mexico.-Dragones-chionos-en-las-festividades-de-Muertos-en-el-Pueblo-Magico-696x392.jpeg 696w, https:\/\/www.porlalibreedomex.com\/wp-content\/uploads\/2025\/10\/Metepec-Mexico.-Dragones-chionos-en-las-festividades-de-Muertos-en-el-Pueblo-Magico-1068x601.jpeg 1068w, https:\/\/www.porlalibreedomex.com\/wp-content\/uploads\/2025\/10\/Metepec-Mexico.-Dragones-chionos-en-las-festividades-de-Muertos-en-el-Pueblo-Magico-747x420.jpeg 747w, https:\/\/www.porlalibreedomex.com\/wp-content\/uploads\/2025\/10\/Metepec-Mexico.-Dragones-chionos-en-las-festividades-de-Muertos-en-el-Pueblo-Magico.jpeg 1280w\" sizes=\"auto, (max-width: 696px) 100vw, 696px\" \/><\/a>\n\t\t\t<\/div><\/figure>\n\t\t<\/div>\n\n<p>En el centro de la figura integral, se revela una catrina sosteniendo un \u00e1rbol de la vida, que es patrimonio del municipio de Metepec y nacional; fue hecha por artesanos de Huamantla, Tlaxcala.<\/p>\n<p>La composici\u00f3n de la ofrenda est\u00e1 complementada con ofrendas elaboradas por m\u00e1s de 20 escuelas, delegaciones municipales, instituciones p\u00fablicas, asociaciones y diversas organizaciones.<\/p>\n<div id='gallery-2' class='gallery galleryid-74175 gallery-columns-3 gallery-size-large'><figure class='gallery-item'>\n\t\t\t<div class='gallery-icon landscape'>\n\t\t\t\t<a href='https:\/\/www.porlalibreedomex.com\/?attachment_id=74183'><img loading=\"lazy\" decoding=\"async\" width=\"696\" height=\"392\" src=\"https:\/\/www.porlalibreedomex.com\/wp-content\/uploads\/2025\/10\/Loa-muertor-disfrutando-ya-de-sus-dias-en-el-cventro-del-Pueblo-Magico-de-Metepec-2025-1024x576.jpeg\" class=\"attachment-large size-large\" alt=\"\" srcset=\"https:\/\/www.porlalibreedomex.com\/wp-content\/uploads\/2025\/10\/Loa-muertor-disfrutando-ya-de-sus-dias-en-el-cventro-del-Pueblo-Magico-de-Metepec-2025-1024x576.jpeg 1024w, https:\/\/www.porlalibreedomex.com\/wp-content\/uploads\/2025\/10\/Loa-muertor-disfrutando-ya-de-sus-dias-en-el-cventro-del-Pueblo-Magico-de-Metepec-2025-300x169.jpeg 300w, https:\/\/www.porlalibreedomex.com\/wp-content\/uploads\/2025\/10\/Loa-muertor-disfrutando-ya-de-sus-dias-en-el-cventro-del-Pueblo-Magico-de-Metepec-2025-768x432.jpeg 768w, https:\/\/www.porlalibreedomex.com\/wp-content\/uploads\/2025\/10\/Loa-muertor-disfrutando-ya-de-sus-dias-en-el-cventro-del-Pueblo-Magico-de-Metepec-2025-696x392.jpeg 696w, https:\/\/www.porlalibreedomex.com\/wp-content\/uploads\/2025\/10\/Loa-muertor-disfrutando-ya-de-sus-dias-en-el-cventro-del-Pueblo-Magico-de-Metepec-2025-1068x601.jpeg 1068w, https:\/\/www.porlalibreedomex.com\/wp-content\/uploads\/2025\/10\/Loa-muertor-disfrutando-ya-de-sus-dias-en-el-cventro-del-Pueblo-Magico-de-Metepec-2025-747x420.jpeg 747w, https:\/\/www.porlalibreedomex.com\/wp-content\/uploads\/2025\/10\/Loa-muertor-disfrutando-ya-de-sus-dias-en-el-cventro-del-Pueblo-Magico-de-Metepec-2025.jpeg 1280w\" sizes=\"auto, (max-width: 696px) 100vw, 696px\" \/><\/a>\n\t\t\t<\/div><\/figure><figure class='gallery-item'>\n\t\t\t<div class='gallery-icon landscape'>\n\t\t\t\t<a href='https:\/\/www.porlalibreedomex.com\/?attachment_id=74182'><img loading=\"lazy\" decoding=\"async\" width=\"696\" height=\"392\" src=\"https:\/\/www.porlalibreedomex.com\/wp-content\/uploads\/2025\/10\/Metepec-Mex-Hermosas-Catrinas-andan-sueltas-en-Metepec-en-estos-dias.Muertos-2025-1024x576.jpeg\" class=\"attachment-large size-large\" alt=\"\" aria-describedby=\"gallery-2-74182\" srcset=\"https:\/\/www.porlalibreedomex.com\/wp-content\/uploads\/2025\/10\/Metepec-Mex-Hermosas-Catrinas-andan-sueltas-en-Metepec-en-estos-dias.Muertos-2025-1024x576.jpeg 1024w, https:\/\/www.porlalibreedomex.com\/wp-content\/uploads\/2025\/10\/Metepec-Mex-Hermosas-Catrinas-andan-sueltas-en-Metepec-en-estos-dias.Muertos-2025-300x169.jpeg 300w, https:\/\/www.porlalibreedomex.com\/wp-content\/uploads\/2025\/10\/Metepec-Mex-Hermosas-Catrinas-andan-sueltas-en-Metepec-en-estos-dias.Muertos-2025-768x432.jpeg 768w, https:\/\/www.porlalibreedomex.com\/wp-content\/uploads\/2025\/10\/Metepec-Mex-Hermosas-Catrinas-andan-sueltas-en-Metepec-en-estos-dias.Muertos-2025-696x392.jpeg 696w, https:\/\/www.porlalibreedomex.com\/wp-content\/uploads\/2025\/10\/Metepec-Mex-Hermosas-Catrinas-andan-sueltas-en-Metepec-en-estos-dias.Muertos-2025-1068x601.jpeg 1068w, https:\/\/www.porlalibreedomex.com\/wp-content\/uploads\/2025\/10\/Metepec-Mex-Hermosas-Catrinas-andan-sueltas-en-Metepec-en-estos-dias.Muertos-2025-747x420.jpeg 747w, https:\/\/www.porlalibreedomex.com\/wp-content\/uploads\/2025\/10\/Metepec-Mex-Hermosas-Catrinas-andan-sueltas-en-Metepec-en-estos-dias.Muertos-2025.jpeg 1280w\" sizes=\"auto, (max-width: 696px) 100vw, 696px\" \/><\/a>\n\t\t\t<\/div>\n\t\t\t\t<figcaption class='wp-caption-text gallery-caption' id='gallery-2-74182'>\n\t\t\t\tMetepec, M\u00e9x- Hermosas Catrinas andan sueltas en Metepec en estos d\u00edas.)Muertos 2025\n\t\t\t\t<\/figcaption><\/figure><figure class='gallery-item'>\n\t\t\t<div class='gallery-icon landscape'>\n\t\t\t\t<a href='https:\/\/www.porlalibreedomex.com\/?attachment_id=74181'><img loading=\"lazy\" decoding=\"async\" width=\"696\" height=\"392\" src=\"https:\/\/www.porlalibreedomex.com\/wp-content\/uploads\/2025\/10\/Metepec-Mexico.-Las-Catrinas-se-divierten-y-otras-se-amargan-1024x576.jpeg\" class=\"attachment-large size-large\" alt=\"\" srcset=\"https:\/\/www.porlalibreedomex.com\/wp-content\/uploads\/2025\/10\/Metepec-Mexico.-Las-Catrinas-se-divierten-y-otras-se-amargan-1024x576.jpeg 1024w, https:\/\/www.porlalibreedomex.com\/wp-content\/uploads\/2025\/10\/Metepec-Mexico.-Las-Catrinas-se-divierten-y-otras-se-amargan-300x169.jpeg 300w, https:\/\/www.porlalibreedomex.com\/wp-content\/uploads\/2025\/10\/Metepec-Mexico.-Las-Catrinas-se-divierten-y-otras-se-amargan-768x432.jpeg 768w, https:\/\/www.porlalibreedomex.com\/wp-content\/uploads\/2025\/10\/Metepec-Mexico.-Las-Catrinas-se-divierten-y-otras-se-amargan-696x392.jpeg 696w, https:\/\/www.porlalibreedomex.com\/wp-content\/uploads\/2025\/10\/Metepec-Mexico.-Las-Catrinas-se-divierten-y-otras-se-amargan-1068x601.jpeg 1068w, https:\/\/www.porlalibreedomex.com\/wp-content\/uploads\/2025\/10\/Metepec-Mexico.-Las-Catrinas-se-divierten-y-otras-se-amargan-747x420.jpeg 747w, https:\/\/www.porlalibreedomex.com\/wp-content\/uploads\/2025\/10\/Metepec-Mexico.-Las-Catrinas-se-divierten-y-otras-se-amargan.jpeg 1280w\" sizes=\"auto, (max-width: 696px) 100vw, 696px\" \/><\/a>\n\t\t\t<\/div><\/figure>\n\t\t<\/div>\n\n<p>La ofrenda monumental estar\u00e1 en su sitio des ahora hasta el 10 de noviembre, tiempo que permitir\u00e1 ser admirada por habitantes y miles de visitantes que acuden a Metepec en esta temporada.<\/p>\n<div id='gallery-3' class='gallery galleryid-74175 gallery-columns-3 gallery-size-large'><figure class='gallery-item'>\n\t\t\t<div class='gallery-icon landscape'>\n\t\t\t\t<a href='https:\/\/www.porlalibreedomex.com\/?attachment_id=74184'><img loading=\"lazy\" decoding=\"async\" width=\"696\" height=\"464\" src=\"https:\/\/www.porlalibreedomex.com\/wp-content\/uploads\/2025\/10\/Metepec-Mexico.-Atractivo-revivir-las-tradiciones-de-Muertos-1024x682.jpeg\" class=\"attachment-large size-large\" alt=\"\" srcset=\"https:\/\/www.porlalibreedomex.com\/wp-content\/uploads\/2025\/10\/Metepec-Mexico.-Atractivo-revivir-las-tradiciones-de-Muertos-1024x682.jpeg 1024w, https:\/\/www.porlalibreedomex.com\/wp-content\/uploads\/2025\/10\/Metepec-Mexico.-Atractivo-revivir-las-tradiciones-de-Muertos-300x200.jpeg 300w, https:\/\/www.porlalibreedomex.com\/wp-content\/uploads\/2025\/10\/Metepec-Mexico.-Atractivo-revivir-las-tradiciones-de-Muertos-768x512.jpeg 768w, https:\/\/www.porlalibreedomex.com\/wp-content\/uploads\/2025\/10\/Metepec-Mexico.-Atractivo-revivir-las-tradiciones-de-Muertos-696x464.jpeg 696w, https:\/\/www.porlalibreedomex.com\/wp-content\/uploads\/2025\/10\/Metepec-Mexico.-Atractivo-revivir-las-tradiciones-de-Muertos-1068x712.jpeg 1068w, https:\/\/www.porlalibreedomex.com\/wp-content\/uploads\/2025\/10\/Metepec-Mexico.-Atractivo-revivir-las-tradiciones-de-Muertos-630x420.jpeg 630w, https:\/\/www.porlalibreedomex.com\/wp-content\/uploads\/2025\/10\/Metepec-Mexico.-Atractivo-revivir-las-tradiciones-de-Muertos.jpeg 1280w\" sizes=\"auto, (max-width: 696px) 100vw, 696px\" \/><\/a>\n\t\t\t<\/div><\/figure><figure class='gallery-item'>\n\t\t\t<div class='gallery-icon landscape'>\n\t\t\t\t<a href='https:\/\/www.porlalibreedomex.com\/?attachment_id=74179'><img loading=\"lazy\" decoding=\"async\" width=\"696\" height=\"522\" src=\"https:\/\/www.porlalibreedomex.com\/wp-content\/uploads\/2025\/10\/Metepec-Mexico.-Cuadros-hechos-de-granos-producidos-por-agricultores-de-Metepec-1024x768.jpeg\" class=\"attachment-large size-large\" alt=\"\" aria-describedby=\"gallery-3-74179\" srcset=\"https:\/\/www.porlalibreedomex.com\/wp-content\/uploads\/2025\/10\/Metepec-Mexico.-Cuadros-hechos-de-granos-producidos-por-agricultores-de-Metepec-1024x768.jpeg 1024w, https:\/\/www.porlalibreedomex.com\/wp-content\/uploads\/2025\/10\/Metepec-Mexico.-Cuadros-hechos-de-granos-producidos-por-agricultores-de-Metepec-300x225.jpeg 300w, https:\/\/www.porlalibreedomex.com\/wp-content\/uploads\/2025\/10\/Metepec-Mexico.-Cuadros-hechos-de-granos-producidos-por-agricultores-de-Metepec-768x576.jpeg 768w, https:\/\/www.porlalibreedomex.com\/wp-content\/uploads\/2025\/10\/Metepec-Mexico.-Cuadros-hechos-de-granos-producidos-por-agricultores-de-Metepec-696x522.jpeg 696w, https:\/\/www.porlalibreedomex.com\/wp-content\/uploads\/2025\/10\/Metepec-Mexico.-Cuadros-hechos-de-granos-producidos-por-agricultores-de-Metepec-1068x801.jpeg 1068w, https:\/\/www.porlalibreedomex.com\/wp-content\/uploads\/2025\/10\/Metepec-Mexico.-Cuadros-hechos-de-granos-producidos-por-agricultores-de-Metepec-560x420.jpeg 560w, https:\/\/www.porlalibreedomex.com\/wp-content\/uploads\/2025\/10\/Metepec-Mexico.-Cuadros-hechos-de-granos-producidos-por-agricultores-de-Metepec-80x60.jpeg 80w, https:\/\/www.porlalibreedomex.com\/wp-content\/uploads\/2025\/10\/Metepec-Mexico.-Cuadros-hechos-de-granos-producidos-por-agricultores-de-Metepec-265x198.jpeg 265w, https:\/\/www.porlalibreedomex.com\/wp-content\/uploads\/2025\/10\/Metepec-Mexico.-Cuadros-hechos-de-granos-producidos-por-agricultores-de-Metepec.jpeg 1280w\" sizes=\"auto, (max-width: 696px) 100vw, 696px\" \/><\/a>\n\t\t\t<\/div>\n\t\t\t\t<figcaption class='wp-caption-text gallery-caption' id='gallery-3-74179'>\n\t\t\t\tMetepec, M\u00e9xico. Cuadros hechos de granos producidos por agricultores de Metepec.\n\t\t\t\t<\/figcaption><\/figure><figure class='gallery-item'>\n\t\t\t<div class='gallery-icon landscape'>\n\t\t\t\t<a href='https:\/\/www.porlalibreedomex.com\/?attachment_id=74177'><img loading=\"lazy\" decoding=\"async\" width=\"696\" height=\"392\" src=\"https:\/\/www.porlalibreedomex.com\/wp-content\/uploads\/2025\/10\/Metepec-inicia-las-festividades-de-Dias-de-Muertos-1024x576.jpeg\" class=\"attachment-large size-large\" alt=\"\" srcset=\"https:\/\/www.porlalibreedomex.com\/wp-content\/uploads\/2025\/10\/Metepec-inicia-las-festividades-de-Dias-de-Muertos-1024x576.jpeg 1024w, https:\/\/www.porlalibreedomex.com\/wp-content\/uploads\/2025\/10\/Metepec-inicia-las-festividades-de-Dias-de-Muertos-300x169.jpeg 300w, https:\/\/www.porlalibreedomex.com\/wp-content\/uploads\/2025\/10\/Metepec-inicia-las-festividades-de-Dias-de-Muertos-768x432.jpeg 768w, https:\/\/www.porlalibreedomex.com\/wp-content\/uploads\/2025\/10\/Metepec-inicia-las-festividades-de-Dias-de-Muertos-696x392.jpeg 696w, https:\/\/www.porlalibreedomex.com\/wp-content\/uploads\/2025\/10\/Metepec-inicia-las-festividades-de-Dias-de-Muertos-1068x601.jpeg 1068w, https:\/\/www.porlalibreedomex.com\/wp-content\/uploads\/2025\/10\/Metepec-inicia-las-festividades-de-Dias-de-Muertos-747x420.jpeg 747w, https:\/\/www.porlalibreedomex.com\/wp-content\/uploads\/2025\/10\/Metepec-inicia-las-festividades-de-Dias-de-Muertos.jpeg 1280w\" sizes=\"auto, (max-width: 696px) 100vw, 696px\" \/><\/a>\n\t\t\t<\/div><\/figure><figure class='gallery-item'>\n\t\t\t<div class='gallery-icon landscape'>\n\t\t\t\t<a href='https:\/\/www.porlalibreedomex.com\/?attachment_id=74180'><img loading=\"lazy\" decoding=\"async\" width=\"696\" height=\"497\" src=\"https:\/\/www.porlalibreedomex.com\/wp-content\/uploads\/2025\/10\/Vista-aeres-nocturna-de-la-iglesia-derl-Calvario-de-Metepec-con-su-escalinata-con-motivos-de-Fiestas-de-Muertos-2025-1024x731.jpeg\" class=\"attachment-large size-large\" alt=\"\" srcset=\"https:\/\/www.porlalibreedomex.com\/wp-content\/uploads\/2025\/10\/Vista-aeres-nocturna-de-la-iglesia-derl-Calvario-de-Metepec-con-su-escalinata-con-motivos-de-Fiestas-de-Muertos-2025-1024x731.jpeg 1024w, https:\/\/www.porlalibreedomex.com\/wp-content\/uploads\/2025\/10\/Vista-aeres-nocturna-de-la-iglesia-derl-Calvario-de-Metepec-con-su-escalinata-con-motivos-de-Fiestas-de-Muertos-2025-300x214.jpeg 300w, https:\/\/www.porlalibreedomex.com\/wp-content\/uploads\/2025\/10\/Vista-aeres-nocturna-de-la-iglesia-derl-Calvario-de-Metepec-con-su-escalinata-con-motivos-de-Fiestas-de-Muertos-2025-768x548.jpeg 768w, https:\/\/www.porlalibreedomex.com\/wp-content\/uploads\/2025\/10\/Vista-aeres-nocturna-de-la-iglesia-derl-Calvario-de-Metepec-con-su-escalinata-con-motivos-de-Fiestas-de-Muertos-2025-696x497.jpeg 696w, https:\/\/www.porlalibreedomex.com\/wp-content\/uploads\/2025\/10\/Vista-aeres-nocturna-de-la-iglesia-derl-Calvario-de-Metepec-con-su-escalinata-con-motivos-de-Fiestas-de-Muertos-2025-1068x763.jpeg 1068w, https:\/\/www.porlalibreedomex.com\/wp-content\/uploads\/2025\/10\/Vista-aeres-nocturna-de-la-iglesia-derl-Calvario-de-Metepec-con-su-escalinata-con-motivos-de-Fiestas-de-Muertos-2025-588x420.jpeg 588w, https:\/\/www.porlalibreedomex.com\/wp-content\/uploads\/2025\/10\/Vista-aeres-nocturna-de-la-iglesia-derl-Calvario-de-Metepec-con-su-escalinata-con-motivos-de-Fiestas-de-Muertos-2025-100x70.jpeg 100w, https:\/\/www.porlalibreedomex.com\/wp-content\/uploads\/2025\/10\/Vista-aeres-nocturna-de-la-iglesia-derl-Calvario-de-Metepec-con-su-escalinata-con-motivos-de-Fiestas-de-Muertos-2025.jpeg 1280w\" sizes=\"auto, (max-width: 696px) 100vw, 696px\" \/><\/a>\n\t\t\t<\/div><\/figure>\n\t\t<\/div>\n\n","protected":false},"excerpt":{"rendered":"<p>&nbsp; Rinde homenaje a todos los artesanos que se adelantaron en esta vida. Metepec, M\u00e9xico, 30 de octubre de 2025.-\u00a0 fue inaugurada este jueves la ofrenda monumental en las escalinatas del Calvario, con espect\u00e1culos adicionales de danza y batucada que encendieron al p\u00fablico presente. Una vez m\u00e1s, el gobierno del alcalde Fernando Flores Fern\u00e1ndez, enaltece [&hellip;]<\/p>\n","protected":false},"author":3,"featured_media":74186,"comment_status":"closed","ping_status":"closed","sticky":false,"template":"","format":"standard","meta":{"footnotes":""},"categories":[9873,9157,9147],"tags":[35002,35001,35000,30981,35003,7868],"class_list":{"0":"post-74175","1":"post","2":"type-post","3":"status-publish","4":"format-standard","5":"has-post-thumbnail","7":"category-cultura","8":"category-edomex","9":"category-turismo","10":"tag-el-arbol-de-la-vida","11":"tag-homenaje-a-los-artesanos-que-ya-se-fueron","12":"tag-metepec-celebra-los-dias-de-muertos","13":"tag-ofrenda-en-la-escalinata-del-calvario","14":"tag-ofrenda-estara-hasta-el-10-de-noviembr","15":"tag-ofrenda-monumental-en-metepec"},"wps_subtitle":"","_links":{"self":[{"href":"https:\/\/www.porlalibreedomex.com\/index.php?rest_route=\/wp\/v2\/posts\/74175","targetHints":{"allow":["GET"]}}],"collection":[{"href":"https:\/\/www.porlalibreedomex.com\/index.php?rest_route=\/wp\/v2\/posts"}],"about":[{"href":"https:\/\/www.porlalibreedomex.com\/index.php?rest_route=\/wp\/v2\/types\/post"}],"author":[{"embeddable":true,"href":"https:\/\/www.porlalibreedomex.com\/index.php?rest_route=\/wp\/v2\/users\/3"}],"replies":[{"embeddable":true,"href":"https:\/\/www.porlalibreedomex.com\/index.php?rest_route=%2Fwp%2Fv2%2Fcomments&post=74175"}],"version-history":[{"count":1,"href":"https:\/\/www.porlalibreedomex.com\/index.php?rest_route=\/wp\/v2\/posts\/74175\/revisions"}],"predecessor-version":[{"id":74190,"href":"https:\/\/www.porlalibreedomex.com\/index.php?rest_route=\/wp\/v2\/posts\/74175\/revisions\/74190"}],"wp:featuredmedia":[{"embeddable":true,"href":"https:\/\/www.porlalibreedomex.com\/index.php?rest_route=\/wp\/v2\/media\/74186"}],"wp:attachment":[{"href":"https:\/\/www.porlalibreedomex.com\/index.php?rest_route=%2Fwp%2Fv2%2Fmedia&parent=74175"}],"wp:term":[{"taxonomy":"category","embeddable":true,"href":"https:\/\/www.porlalibreedomex.com\/index.php?rest_route=%2Fwp%2Fv2%2Fcategories&post=74175"},{"taxonomy":"post_tag","embeddable":true,"href":"https:\/\/www.porlalibreedomex.com\/index.php?rest_route=%2Fwp%2Fv2%2Ftags&post=74175"}],"curies":[{"name":"wp","href":"https:\/\/api.w.org\/{rel}","templated":true}]}}