{"id":74162,"date":"2025-10-28T19:51:56","date_gmt":"2025-10-29T01:51:56","guid":{"rendered":"https:\/\/www.porlalibreedomex.com\/?p=74162"},"modified":"2025-10-28T19:53:23","modified_gmt":"2025-10-29T01:53:23","slug":"propone-victor-delgado-perez-enfoque-humanista-a-reforma-de-ley-para-la-uaemex","status":"publish","type":"post","link":"https:\/\/www.porlalibreedomex.com\/?p=74162","title":{"rendered":"PROPONE V\u00cdCTOR DELGADO P\u00c9REZ ENFOQUE HUMANISTA A REFORMA DE LEY PARA LA UAEM\u00c9X"},"content":{"rendered":"<div><\/div>\n<div>\n<div><\/div>\n<ul>\n<li><strong><i>Enfatiza Presidente de la CODHEM que la reforma que se impulsa no busca alterar la esencia de la UAEM\u00e9x, sino actualizar su marco jur\u00eddico para armonizarlo con el lenguaje universal de los derechos humanos y los valores esenciales que la comunidad universitaria ya practica.<\/i><\/strong><\/li>\n<\/ul>\n<div><\/div>\n<div><b>Toluca, Estado de M\u00e9xico, 28 de octubre de\u00a02025<\/b>.- La reforma a la ley de la universidad debe guiarse bajo el eje irrenunciable de los derechos humanos, el respeto, la inclusi\u00f3n y la libertad universitaria, afirm\u00f3 el Presidente de la Comisi\u00f3n de Derechos Humanos del Estado de M\u00e9xico (CODHEM), V\u00edctor Leopoldo Delgado P\u00e9rez, al dictar la conferencia magistral \u201cLa Reforma a la Ley Universitaria desde la Perspectiva de los Derechos Humanos\u201d.<\/div>\n<div>El\u00a0<i>ombudsperson<\/i>\u00a0mexiquense, estableci\u00f3 que los Foros de Consulta a la Comunidad Universitaria representan un ejercicio democr\u00e1tico, de di\u00e1logo abierto, pensamiento cr\u00edtico y corresponsabilidad social e individual.<\/div>\n<div>\n<figure id=\"attachment_74163\" aria-describedby=\"caption-attachment-74163\" style=\"width: 696px\" class=\"wp-caption aligncenter\"><a href=\"https:\/\/www.porlalibreedomex.com\/wp-content\/uploads\/2025\/10\/El-Presidente-de-la-Comision-de-Derechos-Humanos-del-Estado-de-Mexico-CODHEM-Victor-Leopoldo-Delgado-Perez-al-dictar-la-conferencia-magistral-scaled.jpg\"><img loading=\"lazy\" decoding=\"async\" class=\"size-large wp-image-74163\" src=\"https:\/\/www.porlalibreedomex.com\/wp-content\/uploads\/2025\/10\/El-Presidente-de-la-Comision-de-Derechos-Humanos-del-Estado-de-Mexico-CODHEM-Victor-Leopoldo-Delgado-Perez-al-dictar-la-conferencia-magistral-1024x809.jpg\" alt=\"\" width=\"696\" height=\"550\" srcset=\"https:\/\/www.porlalibreedomex.com\/wp-content\/uploads\/2025\/10\/El-Presidente-de-la-Comision-de-Derechos-Humanos-del-Estado-de-Mexico-CODHEM-Victor-Leopoldo-Delgado-Perez-al-dictar-la-conferencia-magistral-1024x809.jpg 1024w, https:\/\/www.porlalibreedomex.com\/wp-content\/uploads\/2025\/10\/El-Presidente-de-la-Comision-de-Derechos-Humanos-del-Estado-de-Mexico-CODHEM-Victor-Leopoldo-Delgado-Perez-al-dictar-la-conferencia-magistral-300x237.jpg 300w, https:\/\/www.porlalibreedomex.com\/wp-content\/uploads\/2025\/10\/El-Presidente-de-la-Comision-de-Derechos-Humanos-del-Estado-de-Mexico-CODHEM-Victor-Leopoldo-Delgado-Perez-al-dictar-la-conferencia-magistral-768x607.jpg 768w, https:\/\/www.porlalibreedomex.com\/wp-content\/uploads\/2025\/10\/El-Presidente-de-la-Comision-de-Derechos-Humanos-del-Estado-de-Mexico-CODHEM-Victor-Leopoldo-Delgado-Perez-al-dictar-la-conferencia-magistral-1536x1214.jpg 1536w, https:\/\/www.porlalibreedomex.com\/wp-content\/uploads\/2025\/10\/El-Presidente-de-la-Comision-de-Derechos-Humanos-del-Estado-de-Mexico-CODHEM-Victor-Leopoldo-Delgado-Perez-al-dictar-la-conferencia-magistral-2048x1619.jpg 2048w, https:\/\/www.porlalibreedomex.com\/wp-content\/uploads\/2025\/10\/El-Presidente-de-la-Comision-de-Derechos-Humanos-del-Estado-de-Mexico-CODHEM-Victor-Leopoldo-Delgado-Perez-al-dictar-la-conferencia-magistral-696x550.jpg 696w, https:\/\/www.porlalibreedomex.com\/wp-content\/uploads\/2025\/10\/El-Presidente-de-la-Comision-de-Derechos-Humanos-del-Estado-de-Mexico-CODHEM-Victor-Leopoldo-Delgado-Perez-al-dictar-la-conferencia-magistral-1068x844.jpg 1068w, https:\/\/www.porlalibreedomex.com\/wp-content\/uploads\/2025\/10\/El-Presidente-de-la-Comision-de-Derechos-Humanos-del-Estado-de-Mexico-CODHEM-Victor-Leopoldo-Delgado-Perez-al-dictar-la-conferencia-magistral-531x420.jpg 531w\" sizes=\"auto, (max-width: 696px) 100vw, 696px\" \/><\/a><figcaption id=\"caption-attachment-74163\" class=\"wp-caption-text\">El Presidente de la Comisi\u00f3n de Derechos Humanos del Estado de M\u00e9xico (CODHEM), V\u00edctor Leopoldo Delgado P\u00e9rez, al dictar la conferencia magistral.<\/figcaption><\/figure>\n<\/div>\n<div>Al impartir la conferencia magistral, Delgado P\u00e9rez asegur\u00f3 que la nueva ley de la UAEM\u00e9x debe considerar distintos desaf\u00edos, como la defensa de la igualdad sustantiva, la atenci\u00f3n a la diversidad, la erradicaci\u00f3n de todas las formas de violencia, la sostenibilidad, la responsabilidad digital y, sobre todo, la consolidaci\u00f3n de una cultura de respeto y promoci\u00f3n de los derechos humanos como eje transversal de toda la vida universitaria.<\/div>\n<div>Ante la rectora de la UAEM\u00e9x, Martha Patricia Zarza Delgado, alumnado e integrantes de la comunidad universitaria, asegur\u00f3 que \u201ccomo egresado de la Facultad de Derecho es un honor aportar la perspectiva de los derechos humanos a este proceso de reforma de ley, adem\u00e1s, tengo el privilegio de formar parte de esta comunidad verde y oro como docente de la asignatura de Medios Alternos de Soluci\u00f3n de Conflictos, con lo que reafirmo que ense\u00f1ar tambi\u00e9n es aprender y que el di\u00e1logo, la empat\u00eda y la raz\u00f3n son los puentes m\u00e1s s\u00f3lidos para construir una convivencia pac\u00edfica, inclusiva y justa\u201d.<\/div>\n<\/div>\n<div><\/div>\n<div>\n<figure id=\"attachment_74164\" aria-describedby=\"caption-attachment-74164\" style=\"width: 696px\" class=\"wp-caption aligncenter\"><a href=\"https:\/\/www.porlalibreedomex.com\/wp-content\/uploads\/2025\/10\/El-Presidente-de-la-CODHEM-y-la-Rectora-de-la-UAEMex-Martha-Patricia-Zarza-scaled.jpg\"><img loading=\"lazy\" decoding=\"async\" class=\"size-large wp-image-74164\" src=\"https:\/\/www.porlalibreedomex.com\/wp-content\/uploads\/2025\/10\/El-Presidente-de-la-CODHEM-y-la-Rectora-de-la-UAEMex-Martha-Patricia-Zarza-1024x743.jpg\" alt=\"\" width=\"696\" height=\"505\" srcset=\"https:\/\/www.porlalibreedomex.com\/wp-content\/uploads\/2025\/10\/El-Presidente-de-la-CODHEM-y-la-Rectora-de-la-UAEMex-Martha-Patricia-Zarza-1024x743.jpg 1024w, https:\/\/www.porlalibreedomex.com\/wp-content\/uploads\/2025\/10\/El-Presidente-de-la-CODHEM-y-la-Rectora-de-la-UAEMex-Martha-Patricia-Zarza-300x218.jpg 300w, https:\/\/www.porlalibreedomex.com\/wp-content\/uploads\/2025\/10\/El-Presidente-de-la-CODHEM-y-la-Rectora-de-la-UAEMex-Martha-Patricia-Zarza-768x558.jpg 768w, https:\/\/www.porlalibreedomex.com\/wp-content\/uploads\/2025\/10\/El-Presidente-de-la-CODHEM-y-la-Rectora-de-la-UAEMex-Martha-Patricia-Zarza-1536x1115.jpg 1536w, https:\/\/www.porlalibreedomex.com\/wp-content\/uploads\/2025\/10\/El-Presidente-de-la-CODHEM-y-la-Rectora-de-la-UAEMex-Martha-Patricia-Zarza-2048x1487.jpg 2048w, https:\/\/www.porlalibreedomex.com\/wp-content\/uploads\/2025\/10\/El-Presidente-de-la-CODHEM-y-la-Rectora-de-la-UAEMex-Martha-Patricia-Zarza-696x505.jpg 696w, https:\/\/www.porlalibreedomex.com\/wp-content\/uploads\/2025\/10\/El-Presidente-de-la-CODHEM-y-la-Rectora-de-la-UAEMex-Martha-Patricia-Zarza-1068x775.jpg 1068w, https:\/\/www.porlalibreedomex.com\/wp-content\/uploads\/2025\/10\/El-Presidente-de-la-CODHEM-y-la-Rectora-de-la-UAEMex-Martha-Patricia-Zarza-579x420.jpg 579w, https:\/\/www.porlalibreedomex.com\/wp-content\/uploads\/2025\/10\/El-Presidente-de-la-CODHEM-y-la-Rectora-de-la-UAEMex-Martha-Patricia-Zarza-324x235.jpg 324w\" sizes=\"auto, (max-width: 696px) 100vw, 696px\" \/><\/a><figcaption id=\"caption-attachment-74164\" class=\"wp-caption-text\">El Presidente de la CODHEM y la Rectora de la UAEM\u00e9x, Martha Patricia Zarza.<\/figcaption><\/figure>\n<\/div>\n<div>Asimismo, coment\u00f3 que \u201choy nos convoca el paradigma de una educaci\u00f3n superior orientada no s\u00f3lo al conocimiento, sino tambi\u00e9n a la dignidad humana\u201d. En la actualidad, precis\u00f3, hablar de universidad es hablar de derechos: del derecho a la educaci\u00f3n, a la igualdad de oportunidades, a la participaci\u00f3n, a la libertad de pensamiento, a la libertad acad\u00e9mica, la inclusi\u00f3n y la no discriminaci\u00f3n.<\/div>\n<div>Finalmente, expres\u00f3 la disposici\u00f3n de la CODHEM para acompa\u00f1ar este proceso de reflexi\u00f3n y cambio, aportando el conocimiento t\u00e9cnico, la experiencia institucional y la vocaci\u00f3n de servicio de quienes laboran en el organismo defensor de los derechos humanos.<\/div>\n<div><\/div>\n","protected":false},"excerpt":{"rendered":"<p>Enfatiza Presidente de la CODHEM que la reforma que se impulsa no busca alterar la esencia de la UAEM\u00e9x, sino actualizar su marco jur\u00eddico para armonizarlo con el lenguaje universal de los derechos humanos y los valores esenciales que la comunidad universitaria ya practica. Toluca, Estado de M\u00e9xico, 28 de octubre de\u00a02025.- La reforma a [&hellip;]<\/p>\n","protected":false},"author":3,"featured_media":74166,"comment_status":"closed","ping_status":"closed","sticky":false,"template":"","format":"standard","meta":{"footnotes":""},"categories":[9157,16,13786],"tags":[689,34995,34994,34650,6182],"class_list":{"0":"post-74162","1":"post","2":"type-post","3":"status-publish","4":"format-standard","5":"has-post-thumbnail","7":"category-edomex","8":"category-foto","9":"category-gobierno","10":"tag-comision-de-derechos-humanos","11":"tag-conferencia-magistral-de-codhem","12":"tag-enfoque-huamanista-a-lery-de-la-uaemex","13":"tag-rectora-martha-patricia-zarza-delgado","14":"tag-victor-leopoldo-delgado-perez"},"wps_subtitle":"","_links":{"self":[{"href":"https:\/\/www.porlalibreedomex.com\/index.php?rest_route=\/wp\/v2\/posts\/74162","targetHints":{"allow":["GET"]}}],"collection":[{"href":"https:\/\/www.porlalibreedomex.com\/index.php?rest_route=\/wp\/v2\/posts"}],"about":[{"href":"https:\/\/www.porlalibreedomex.com\/index.php?rest_route=\/wp\/v2\/types\/post"}],"author":[{"embeddable":true,"href":"https:\/\/www.porlalibreedomex.com\/index.php?rest_route=\/wp\/v2\/users\/3"}],"replies":[{"embeddable":true,"href":"https:\/\/www.porlalibreedomex.com\/index.php?rest_route=%2Fwp%2Fv2%2Fcomments&post=74162"}],"version-history":[{"count":3,"href":"https:\/\/www.porlalibreedomex.com\/index.php?rest_route=\/wp\/v2\/posts\/74162\/revisions"}],"predecessor-version":[{"id":74169,"href":"https:\/\/www.porlalibreedomex.com\/index.php?rest_route=\/wp\/v2\/posts\/74162\/revisions\/74169"}],"wp:featuredmedia":[{"embeddable":true,"href":"https:\/\/www.porlalibreedomex.com\/index.php?rest_route=\/wp\/v2\/media\/74166"}],"wp:attachment":[{"href":"https:\/\/www.porlalibreedomex.com\/index.php?rest_route=%2Fwp%2Fv2%2Fmedia&parent=74162"}],"wp:term":[{"taxonomy":"category","embeddable":true,"href":"https:\/\/www.porlalibreedomex.com\/index.php?rest_route=%2Fwp%2Fv2%2Fcategories&post=74162"},{"taxonomy":"post_tag","embeddable":true,"href":"https:\/\/www.porlalibreedomex.com\/index.php?rest_route=%2Fwp%2Fv2%2Ftags&post=74162"}],"curies":[{"name":"wp","href":"https:\/\/api.w.org\/{rel}","templated":true}]}}