{"id":74146,"date":"2025-10-26T03:08:20","date_gmt":"2025-10-26T09:08:20","guid":{"rendered":"https:\/\/www.porlalibreedomex.com\/?p=74146"},"modified":"2025-10-27T03:10:43","modified_gmt":"2025-10-27T09:10:43","slug":"compensa-metepec-a-quienes-se-les-danaron-sus-vehiculos-por-baches","status":"publish","type":"post","link":"https:\/\/www.porlalibreedomex.com\/?p=74146","title":{"rendered":"Compensa metepec a quienes se les da\u00f1aron sus veh\u00edculos por baches"},"content":{"rendered":"<p>&nbsp;<\/p>\n<ul>\n<li><em><strong>El programa de bacheo contin\u00faa en todo el municipio.<\/strong><\/em><\/li>\n<li><em><strong>Los vecinos afectados recibir\u00e1n el pago de da\u00f1os, s\u00f3lo se requiere que vayan al corriente en sus contribuciones al municipio.\u00a0<\/strong><\/em><\/li>\n<\/ul>\n<p>Asume gobierno de Metepec responsabilidad y atiende a la ciudadan\u00eda con reparaci\u00f3n de da\u00f1os por baches. El alcalde Fernando Flores Fern\u00e1ndez, entreg\u00f3 este mi\u00e9rcoles\u00a0 a 13 vecinos del municipio que sufrieron una afectaci\u00f3n por calle o avenida de jurisdicci\u00f3n local en mal estado, recurso econ\u00f3mico por m\u00e1s de 63 mil pesos.<\/p>\n<div id='gallery-1' class='gallery galleryid-74146 gallery-columns-3 gallery-size-large'><figure class='gallery-item'>\n\t\t\t<div class='gallery-icon landscape'>\n\t\t\t\t<a href='https:\/\/www.porlalibreedomex.com\/?attachment_id=74153'><img loading=\"lazy\" decoding=\"async\" width=\"696\" height=\"464\" src=\"https:\/\/www.porlalibreedomex.com\/wp-content\/uploads\/2025\/10\/Fernando-Flores-Fernandez-cubre-el-pago-de-danos-por-baches-a-vehiculos-de-metepequenses-1024x683.jpeg\" class=\"attachment-large size-large\" alt=\"\" srcset=\"https:\/\/www.porlalibreedomex.com\/wp-content\/uploads\/2025\/10\/Fernando-Flores-Fernandez-cubre-el-pago-de-danos-por-baches-a-vehiculos-de-metepequenses-1024x683.jpeg 1024w, https:\/\/www.porlalibreedomex.com\/wp-content\/uploads\/2025\/10\/Fernando-Flores-Fernandez-cubre-el-pago-de-danos-por-baches-a-vehiculos-de-metepequenses-300x200.jpeg 300w, https:\/\/www.porlalibreedomex.com\/wp-content\/uploads\/2025\/10\/Fernando-Flores-Fernandez-cubre-el-pago-de-danos-por-baches-a-vehiculos-de-metepequenses-768x512.jpeg 768w, https:\/\/www.porlalibreedomex.com\/wp-content\/uploads\/2025\/10\/Fernando-Flores-Fernandez-cubre-el-pago-de-danos-por-baches-a-vehiculos-de-metepequenses-1536x1024.jpeg 1536w, https:\/\/www.porlalibreedomex.com\/wp-content\/uploads\/2025\/10\/Fernando-Flores-Fernandez-cubre-el-pago-de-danos-por-baches-a-vehiculos-de-metepequenses-2048x1365.jpeg 2048w, https:\/\/www.porlalibreedomex.com\/wp-content\/uploads\/2025\/10\/Fernando-Flores-Fernandez-cubre-el-pago-de-danos-por-baches-a-vehiculos-de-metepequenses-696x464.jpeg 696w, https:\/\/www.porlalibreedomex.com\/wp-content\/uploads\/2025\/10\/Fernando-Flores-Fernandez-cubre-el-pago-de-danos-por-baches-a-vehiculos-de-metepequenses-1068x712.jpeg 1068w, https:\/\/www.porlalibreedomex.com\/wp-content\/uploads\/2025\/10\/Fernando-Flores-Fernandez-cubre-el-pago-de-danos-por-baches-a-vehiculos-de-metepequenses-630x420.jpeg 630w\" sizes=\"auto, (max-width: 696px) 100vw, 696px\" \/><\/a>\n\t\t\t<\/div><\/figure><figure class='gallery-item'>\n\t\t\t<div class='gallery-icon landscape'>\n\t\t\t\t<a href='https:\/\/www.porlalibreedomex.com\/?attachment_id=74154'><img loading=\"lazy\" decoding=\"async\" width=\"696\" height=\"464\" src=\"https:\/\/www.porlalibreedomex.com\/wp-content\/uploads\/2025\/10\/Encabezo-el-Presidente-Fernando-Flores-reunion-de-trabajo-con-colaboradores-y-vecinos-1024x683.jpeg\" class=\"attachment-large size-large\" alt=\"\" srcset=\"https:\/\/www.porlalibreedomex.com\/wp-content\/uploads\/2025\/10\/Encabezo-el-Presidente-Fernando-Flores-reunion-de-trabajo-con-colaboradores-y-vecinos-1024x683.jpeg 1024w, https:\/\/www.porlalibreedomex.com\/wp-content\/uploads\/2025\/10\/Encabezo-el-Presidente-Fernando-Flores-reunion-de-trabajo-con-colaboradores-y-vecinos-300x200.jpeg 300w, https:\/\/www.porlalibreedomex.com\/wp-content\/uploads\/2025\/10\/Encabezo-el-Presidente-Fernando-Flores-reunion-de-trabajo-con-colaboradores-y-vecinos-768x512.jpeg 768w, https:\/\/www.porlalibreedomex.com\/wp-content\/uploads\/2025\/10\/Encabezo-el-Presidente-Fernando-Flores-reunion-de-trabajo-con-colaboradores-y-vecinos-1536x1024.jpeg 1536w, https:\/\/www.porlalibreedomex.com\/wp-content\/uploads\/2025\/10\/Encabezo-el-Presidente-Fernando-Flores-reunion-de-trabajo-con-colaboradores-y-vecinos-2048x1365.jpeg 2048w, https:\/\/www.porlalibreedomex.com\/wp-content\/uploads\/2025\/10\/Encabezo-el-Presidente-Fernando-Flores-reunion-de-trabajo-con-colaboradores-y-vecinos-696x464.jpeg 696w, https:\/\/www.porlalibreedomex.com\/wp-content\/uploads\/2025\/10\/Encabezo-el-Presidente-Fernando-Flores-reunion-de-trabajo-con-colaboradores-y-vecinos-1068x712.jpeg 1068w, https:\/\/www.porlalibreedomex.com\/wp-content\/uploads\/2025\/10\/Encabezo-el-Presidente-Fernando-Flores-reunion-de-trabajo-con-colaboradores-y-vecinos-630x420.jpeg 630w\" sizes=\"auto, (max-width: 696px) 100vw, 696px\" \/><\/a>\n\t\t\t<\/div><\/figure><figure class='gallery-item'>\n\t\t\t<div class='gallery-icon landscape'>\n\t\t\t\t<a href='https:\/\/www.porlalibreedomex.com\/?attachment_id=74152'><img loading=\"lazy\" decoding=\"async\" width=\"696\" height=\"464\" src=\"https:\/\/www.porlalibreedomex.com\/wp-content\/uploads\/2025\/10\/Fueron-trece-vecinos-de-Metepec-los-afectados-mismos-que-recibieron-el-pago-de-reparacion-1024x683.jpeg\" class=\"attachment-large size-large\" alt=\"\" srcset=\"https:\/\/www.porlalibreedomex.com\/wp-content\/uploads\/2025\/10\/Fueron-trece-vecinos-de-Metepec-los-afectados-mismos-que-recibieron-el-pago-de-reparacion-1024x683.jpeg 1024w, https:\/\/www.porlalibreedomex.com\/wp-content\/uploads\/2025\/10\/Fueron-trece-vecinos-de-Metepec-los-afectados-mismos-que-recibieron-el-pago-de-reparacion-300x200.jpeg 300w, https:\/\/www.porlalibreedomex.com\/wp-content\/uploads\/2025\/10\/Fueron-trece-vecinos-de-Metepec-los-afectados-mismos-que-recibieron-el-pago-de-reparacion-768x512.jpeg 768w, https:\/\/www.porlalibreedomex.com\/wp-content\/uploads\/2025\/10\/Fueron-trece-vecinos-de-Metepec-los-afectados-mismos-que-recibieron-el-pago-de-reparacion-1536x1024.jpeg 1536w, https:\/\/www.porlalibreedomex.com\/wp-content\/uploads\/2025\/10\/Fueron-trece-vecinos-de-Metepec-los-afectados-mismos-que-recibieron-el-pago-de-reparacion-2048x1365.jpeg 2048w, https:\/\/www.porlalibreedomex.com\/wp-content\/uploads\/2025\/10\/Fueron-trece-vecinos-de-Metepec-los-afectados-mismos-que-recibieron-el-pago-de-reparacion-696x464.jpeg 696w, https:\/\/www.porlalibreedomex.com\/wp-content\/uploads\/2025\/10\/Fueron-trece-vecinos-de-Metepec-los-afectados-mismos-que-recibieron-el-pago-de-reparacion-1068x712.jpeg 1068w, https:\/\/www.porlalibreedomex.com\/wp-content\/uploads\/2025\/10\/Fueron-trece-vecinos-de-Metepec-los-afectados-mismos-que-recibieron-el-pago-de-reparacion-630x420.jpeg 630w\" sizes=\"auto, (max-width: 696px) 100vw, 696px\" \/><\/a>\n\t\t\t<\/div><\/figure>\n\t\t<\/div>\n\n<p>El acto, es la tercera entrega de pagos tras la determinaci\u00f3n del presidente municipal de asumir dicho compromiso, en tanto, brigadas de trabajadores siguen con labor intensa tapando baches en todo el territorio, con la meta de cubrirlos en su totalidad este mismo a\u00f1o.<\/p>\n<div id='gallery-2' class='gallery galleryid-74146 gallery-columns-3 gallery-size-thumbnail'><figure class='gallery-item'>\n\t\t\t<div class='gallery-icon landscape'>\n\t\t\t\t<a href='https:\/\/www.porlalibreedomex.com\/?attachment_id=74149'><img loading=\"lazy\" decoding=\"async\" width=\"150\" height=\"150\" src=\"https:\/\/www.porlalibreedomex.com\/wp-content\/uploads\/2025\/10\/El-Presidente-Municipal-cubrio-el-costo-de-danos-causados-por-baches-a-automovilistas-150x150.jpeg\" class=\"attachment-thumbnail size-thumbnail\" alt=\"\" \/><\/a>\n\t\t\t<\/div><\/figure><figure class='gallery-item'>\n\t\t\t<div class='gallery-icon landscape'>\n\t\t\t\t<a href='https:\/\/www.porlalibreedomex.com\/?attachment_id=74151'><img loading=\"lazy\" decoding=\"async\" width=\"150\" height=\"150\" src=\"https:\/\/www.porlalibreedomex.com\/wp-content\/uploads\/2025\/10\/Vecino-afectado-por-los-baches-recibe-su-pago-de-manos-del-Alcalde-nando-Flores-150x150.jpeg\" class=\"attachment-thumbnail size-thumbnail\" alt=\"\" \/><\/a>\n\t\t\t<\/div><\/figure>\n\t\t<\/div>\n\n","protected":false},"excerpt":{"rendered":"<p>&nbsp; El programa de bacheo contin\u00faa en todo el municipio. Los vecinos afectados recibir\u00e1n el pago de da\u00f1os, s\u00f3lo se requiere que vayan al corriente en sus contribuciones al municipio.\u00a0 Asume gobierno de Metepec responsabilidad y atiende a la ciudadan\u00eda con reparaci\u00f3n de da\u00f1os por baches. El alcalde Fernando Flores Fern\u00e1ndez, entreg\u00f3 este mi\u00e9rcoles\u00a0 a [&hellip;]<\/p>\n","protected":false},"author":3,"featured_media":74150,"comment_status":"closed","ping_status":"closed","sticky":false,"template":"","format":"standard","meta":{"footnotes":""},"categories":[16,9145],"tags":[25589,34991,34989,34990],"class_list":{"0":"post-74146","1":"post","2":"type-post","3":"status-publish","4":"format-standard","5":"has-post-thumbnail","7":"category-foto","8":"category-general","9":"tag-fernando-flores-fernandez","10":"tag-intenso-programa-de-bacheo","11":"tag-metepec-paga-danos-a-automovilistas","12":"tag-pagos-por-danos-en-baches-de-metepec"},"wps_subtitle":"Entrega el Presidente Municipal Fernando Flores 63 mil pesos a a trece afectados","_links":{"self":[{"href":"https:\/\/www.porlalibreedomex.com\/index.php?rest_route=\/wp\/v2\/posts\/74146","targetHints":{"allow":["GET"]}}],"collection":[{"href":"https:\/\/www.porlalibreedomex.com\/index.php?rest_route=\/wp\/v2\/posts"}],"about":[{"href":"https:\/\/www.porlalibreedomex.com\/index.php?rest_route=\/wp\/v2\/types\/post"}],"author":[{"embeddable":true,"href":"https:\/\/www.porlalibreedomex.com\/index.php?rest_route=\/wp\/v2\/users\/3"}],"replies":[{"embeddable":true,"href":"https:\/\/www.porlalibreedomex.com\/index.php?rest_route=%2Fwp%2Fv2%2Fcomments&post=74146"}],"version-history":[{"count":3,"href":"https:\/\/www.porlalibreedomex.com\/index.php?rest_route=\/wp\/v2\/posts\/74146\/revisions"}],"predecessor-version":[{"id":74157,"href":"https:\/\/www.porlalibreedomex.com\/index.php?rest_route=\/wp\/v2\/posts\/74146\/revisions\/74157"}],"wp:featuredmedia":[{"embeddable":true,"href":"https:\/\/www.porlalibreedomex.com\/index.php?rest_route=\/wp\/v2\/media\/74150"}],"wp:attachment":[{"href":"https:\/\/www.porlalibreedomex.com\/index.php?rest_route=%2Fwp%2Fv2%2Fmedia&parent=74146"}],"wp:term":[{"taxonomy":"category","embeddable":true,"href":"https:\/\/www.porlalibreedomex.com\/index.php?rest_route=%2Fwp%2Fv2%2Fcategories&post=74146"},{"taxonomy":"post_tag","embeddable":true,"href":"https:\/\/www.porlalibreedomex.com\/index.php?rest_route=%2Fwp%2Fv2%2Ftags&post=74146"}],"curies":[{"name":"wp","href":"https:\/\/api.w.org\/{rel}","templated":true}]}}