{"id":74139,"date":"2025-10-26T02:09:42","date_gmt":"2025-10-26T08:09:42","guid":{"rendered":"https:\/\/www.porlalibreedomex.com\/?p=74139"},"modified":"2025-10-27T02:11:22","modified_gmt":"2025-10-27T08:11:22","slug":"%f0%9f%9f%a1%f0%9f%9f%a2-atletas-uaemex-conquistan-el-podio-en-alemania-hacen-el-2-3-en-el-grand-prix-lusatian-race-walking-silver","status":"publish","type":"post","link":"https:\/\/www.porlalibreedomex.com\/?p=74139","title":{"rendered":"\ud83d\udfe1\ud83d\udfe2 Atletas UAEM\u00e9x conquistan el podio en Alemania: hacen el 2-3 en el Grand Prix Lusatian Race Walking-Silver"},"content":{"rendered":"<p><em><strong>\u2022 Isaac Porcayo Villarreal y Brandon P\u00e9rez Vilchis conquistaron el segundo y tercer lugar, respectivamente.<\/strong><\/em><\/p>\n<p><em><strong>D<\/strong><\/em>estacada actuaci\u00f3n tuvieron los deportistas de la Universidad Aut\u00f3noma del Estado de M\u00e9xico (UAEM\u00e9x), Isaac Porcayo Villarreal y Brandon P\u00e9rez Vilchis, al conquistar el segundo y tercer lugar, respectivamente, en el Grand Prix Lusatian Race Walking-Silver, realizado en Alemania.<br \/>\nPorcayo Villarreal, estudiante de la Facultad de Contadur\u00eda y Administraci\u00f3n y pupilo del entrenador Alfonso Ortiz Rivera, registr\u00f3 un tiempo de 1:29:23, resultado que le vali\u00f3 la medalla de plata. Muy cerca de \u00e9l, Brandon P\u00e9rez Vilchis, alumno de Derecho Internacional a Distancia en la Unidad Acad\u00e9mica Profesional Cuautitl\u00e1n Izcalli de la UAEM\u00e9x, logr\u00f3 el bronce con un crono de 1:29:32, bajo la gu\u00eda de su entrenador Carlos Alc\u00e1ntara.<br \/>\nCon este resultado, ambos atletas pusieron en alto los colores verde y oro de la Aut\u00f3noma Mexiquense en el \u00e1mbito internacional, reafirmando el nivel competitivo del atletismo universitario.<br \/>\nCabe destacar que esta fue la primera ocasi\u00f3n en que M\u00e9xico particip\u00f3 en la distancia de 21 kil\u00f3metros, una nueva prueba ol\u00edmpica rumbo a Los \u00c1ngeles 2028.<br \/>\nLa Administraci\u00f3n Universitaria 2025-2029, encabezada por la rectora Martha Patricia Zarza Delgado, junto con el secretario de Gobernanza, Jorge Alejandro V\u00e1squez Caicedo, y el director de Actividades Deportivas, Luis Antonio Zimbr\u00f3n Romero, han seguido de cerca la preparaci\u00f3n y desempe\u00f1o de los atletas universitarios, impulsando su desarrollo para mantener actuaciones destacadas a nivel nacional e internacional.<br \/>\nEn este Medio Marat\u00f3n de Marcha, los deportistas auriverdes demostraron su disciplina, talento y proyecci\u00f3n internacional, consolid\u00e1ndose como parte de la nueva generaci\u00f3n de marchistas mexicanos.<br \/>\nCon resultados como este, la UAEM\u00e9x reafirma su compromiso con el deporte universitario y contin\u00faa demostrando el alto nivel competitivo de sus atletas.<\/p>\n","protected":false},"excerpt":{"rendered":"<p>\u2022 Isaac Porcayo Villarreal y Brandon P\u00e9rez Vilchis conquistaron el segundo y tercer lugar, respectivamente. Destacada actuaci\u00f3n tuvieron los deportistas de la Universidad Aut\u00f3noma del Estado de M\u00e9xico (UAEM\u00e9x), Isaac Porcayo Villarreal y Brandon P\u00e9rez Vilchis, al conquistar el segundo y tercer lugar, respectivamente, en el Grand Prix Lusatian Race Walking-Silver, realizado en Alemania. Porcayo [&hellip;]<\/p>\n","protected":false},"author":3,"featured_media":74140,"comment_status":"closed","ping_status":"closed","sticky":false,"template":"","format":"standard","meta":{"footnotes":""},"categories":[2481,16],"tags":[34982,34984,34981,34983],"class_list":{"0":"post-74139","1":"post","2":"type-post","3":"status-publish","4":"format-standard","5":"has-post-thumbnail","7":"category-deportes","8":"category-foto","9":"tag-brandon-perez-vilchis","10":"tag-grand-prix-lusatian-race-walking-silver","11":"tag-isaac-porcayo-villarreal","12":"tag-mas-medallas-para-la-uaemex"},"wps_subtitle":"","_links":{"self":[{"href":"https:\/\/www.porlalibreedomex.com\/index.php?rest_route=\/wp\/v2\/posts\/74139","targetHints":{"allow":["GET"]}}],"collection":[{"href":"https:\/\/www.porlalibreedomex.com\/index.php?rest_route=\/wp\/v2\/posts"}],"about":[{"href":"https:\/\/www.porlalibreedomex.com\/index.php?rest_route=\/wp\/v2\/types\/post"}],"author":[{"embeddable":true,"href":"https:\/\/www.porlalibreedomex.com\/index.php?rest_route=\/wp\/v2\/users\/3"}],"replies":[{"embeddable":true,"href":"https:\/\/www.porlalibreedomex.com\/index.php?rest_route=%2Fwp%2Fv2%2Fcomments&post=74139"}],"version-history":[{"count":1,"href":"https:\/\/www.porlalibreedomex.com\/index.php?rest_route=\/wp\/v2\/posts\/74139\/revisions"}],"predecessor-version":[{"id":74141,"href":"https:\/\/www.porlalibreedomex.com\/index.php?rest_route=\/wp\/v2\/posts\/74139\/revisions\/74141"}],"wp:featuredmedia":[{"embeddable":true,"href":"https:\/\/www.porlalibreedomex.com\/index.php?rest_route=\/wp\/v2\/media\/74140"}],"wp:attachment":[{"href":"https:\/\/www.porlalibreedomex.com\/index.php?rest_route=%2Fwp%2Fv2%2Fmedia&parent=74139"}],"wp:term":[{"taxonomy":"category","embeddable":true,"href":"https:\/\/www.porlalibreedomex.com\/index.php?rest_route=%2Fwp%2Fv2%2Fcategories&post=74139"},{"taxonomy":"post_tag","embeddable":true,"href":"https:\/\/www.porlalibreedomex.com\/index.php?rest_route=%2Fwp%2Fv2%2Ftags&post=74139"}],"curies":[{"name":"wp","href":"https:\/\/api.w.org\/{rel}","templated":true}]}}