{"id":74130,"date":"2025-10-25T23:03:32","date_gmt":"2025-10-26T05:03:32","guid":{"rendered":"https:\/\/www.porlalibreedomex.com\/?p=74130"},"modified":"2025-10-25T23:03:32","modified_gmt":"2025-10-26T05:03:32","slug":"maullidos-urbanos-mandatarios-y-sus-problemas","status":"publish","type":"post","link":"https:\/\/www.porlalibreedomex.com\/?p=74130","title":{"rendered":"Maullidos Urbanos \/ Mandatarios y sus problemas"},"content":{"rendered":"<div dir=\"ltr\">\n<div>\n<p><strong>Gato de Barrio \/<\/strong><\/p>\n<p align=\"right\"><strong><i><a href=\"mailto:gatodebarrio57@gmail.com\" target=\"_blank\" rel=\"nofollow noopener\">gatodebarrio57@gmail.com \/\u00a0<\/a><u><\/u><\/i><\/strong><\/p>\n<p align=\"right\">\n<p><strong>A<\/strong>unque se considera que los presidentes de cada naci\u00f3n representan y tienen el respaldo de la mayor\u00eda de sus habitantes, pero esto no siempre es cierto, lo que s\u00ed resulta verdadero es que mientras varios mandatarios no pasan por buenos momentos, otros reci\u00e9n electos esperan mejorar el trabajo de sus antecesores y algunos exl\u00edderes enfrentan problemas legales.<\/p>\n<p>El m\u00e1s medi\u00e1tico ha sido Donald Trump, quien el lunes cumpli\u00f3 nueve meses en su cargo, lapso en el cual ha desequilibrado al mundo con sus decisiones econ\u00f3micas, pol\u00edticas y, sociales, incluso el domingo cerca de siete millones de norteamericanos salieron a las calles a protestar contra sus medidas, en particular contra gobernadores dem\u00f3cratas e indocumentados.<\/p>\n<p>Pero sus confrontaciones han rebasado sus fronteras y tras tener en la mira a Nicol\u00e1s Maduro, su hom\u00f3logo venezolano, ahora tambi\u00e9n se ha confrontado con Gustavo Pietro, mandatario de Colombia, al acusarlo de presuntamente fomentar la producci\u00f3n y exportaci\u00f3n de coca\u00edna a los Estados Unidos y apoyo al narcotr\u00e1fico, incluso argument\u00f3 irregularidades al no luchar en contra de la distribuci\u00f3n de las drogas, a pesar de los millonarios apoyos recibidos.<\/p>\n<p>Ante este panorama, en Jap\u00f3n por primera vez se eligi\u00f3 a una mujer como primer ministro. Se trata de la conservadora Sanae Takaichi, quien en sus primeras declaraciones dijo que en su reuni\u00f3n del pr\u00f3ximo lunes con Trump buscar\u00e1 llevar la relaci\u00f3n con Estados Unidos a \u201cnuevas alturas\u201d, al abordar temas bilaterales y definir posturas ante las crisis internacionales. Incluso, no descart\u00f3 revisar su pacto econ\u00f3mico en caso de no servir a los intereses nipones.<\/p>\n<p>En Bolivia, el pasado domingo con el 54% de votos en la segunda vuelta resulto electo como presidente de Bolivia el centroderechista Rodrigo Paz, para as\u00ed terminar con veinte a\u00f1os de gobiernos de izquierda dominados por el partido MAS, de Evo Morales. Con este resultado se confirma la tendencia hacia la derecha que se registra en Latinoam\u00e9rica.<\/p>\n<p>Sin embargo, los seguidores de MAS salieron a las calles a manifestarse bajo el argumento de fraude electoral, lo cual no se ha comprobado. Incluso Estados Unidos, Costa Rica, Argentina, Ecuador, El Salvador, Panam\u00e1, Paraguay, Rep\u00fablica Dominicana y Trinidad y Tobago, ya le expresaron su apoyo al nuevo presidente boliviano. En cambio, M\u00e9xico, no.<\/p>\n<p>Por \u00faltimo, Nicolas Sarkozy, presidente de Francia entre 2007 y 2012, fue puesto tras las rejas para cumplir una condena de cinco a\u00f1os, por conspirar para financiar su campa\u00f1a electoral con dinero del difunto dictador libio Muamar el Gadafi. Es el primer mandatario en la c\u00e1rcel desde 1945, con el l\u00edder colaboracionista nazi Philippe P\u00e9tain sentenciado por traici\u00f3n.<\/p>\n<p>En fin, entre los presidentes encontramos de todo, como en botica, pero todos deben estar conscientes de que deber\u00e1n responder a sus gobernados y estar dispuestos, primero, a ser evaluados en las urnas y, segundo, por la historia para aceptar el juicio popular y definitivo.<\/p>\n<\/div>\n<\/div>\n","protected":false},"excerpt":{"rendered":"<p>Gato de Barrio \/ gatodebarrio57@gmail.com \/\u00a0 Aunque se considera que los presidentes de cada naci\u00f3n representan y tienen el respaldo de la mayor\u00eda de sus habitantes, pero esto no siempre es cierto, lo que s\u00ed resulta verdadero es que mientras varios mandatarios no pasan por buenos momentos, otros reci\u00e9n electos esperan mejorar el trabajo de [&hellip;]<\/p>\n","protected":false},"author":3,"featured_media":74131,"comment_status":"closed","ping_status":"closed","sticky":false,"template":"","format":"standard","meta":{"footnotes":""},"categories":[23,9150],"tags":[6315,34979,11389,34978],"class_list":{"0":"post-74130","1":"post","2":"type-post","3":"status-publish","4":"format-standard","5":"has-post-thumbnail","7":"category-columna","8":"category-politica","9":"tag-gato-de-barrio","10":"tag-mandatarios-y-sus-problemas","11":"tag-maullidos-urbanos","12":"tag-presidentes-sin-respaldo-popular"},"wps_subtitle":"Presidentes sin resaldo popular","_links":{"self":[{"href":"https:\/\/www.porlalibreedomex.com\/index.php?rest_route=\/wp\/v2\/posts\/74130","targetHints":{"allow":["GET"]}}],"collection":[{"href":"https:\/\/www.porlalibreedomex.com\/index.php?rest_route=\/wp\/v2\/posts"}],"about":[{"href":"https:\/\/www.porlalibreedomex.com\/index.php?rest_route=\/wp\/v2\/types\/post"}],"author":[{"embeddable":true,"href":"https:\/\/www.porlalibreedomex.com\/index.php?rest_route=\/wp\/v2\/users\/3"}],"replies":[{"embeddable":true,"href":"https:\/\/www.porlalibreedomex.com\/index.php?rest_route=%2Fwp%2Fv2%2Fcomments&post=74130"}],"version-history":[{"count":1,"href":"https:\/\/www.porlalibreedomex.com\/index.php?rest_route=\/wp\/v2\/posts\/74130\/revisions"}],"predecessor-version":[{"id":74132,"href":"https:\/\/www.porlalibreedomex.com\/index.php?rest_route=\/wp\/v2\/posts\/74130\/revisions\/74132"}],"wp:featuredmedia":[{"embeddable":true,"href":"https:\/\/www.porlalibreedomex.com\/index.php?rest_route=\/wp\/v2\/media\/74131"}],"wp:attachment":[{"href":"https:\/\/www.porlalibreedomex.com\/index.php?rest_route=%2Fwp%2Fv2%2Fmedia&parent=74130"}],"wp:term":[{"taxonomy":"category","embeddable":true,"href":"https:\/\/www.porlalibreedomex.com\/index.php?rest_route=%2Fwp%2Fv2%2Fcategories&post=74130"},{"taxonomy":"post_tag","embeddable":true,"href":"https:\/\/www.porlalibreedomex.com\/index.php?rest_route=%2Fwp%2Fv2%2Ftags&post=74130"}],"curies":[{"name":"wp","href":"https:\/\/api.w.org\/{rel}","templated":true}]}}