{"id":74088,"date":"2025-10-20T12:11:29","date_gmt":"2025-10-20T18:11:29","guid":{"rendered":"https:\/\/www.porlalibreedomex.com\/?p=74088"},"modified":"2025-10-21T12:12:47","modified_gmt":"2025-10-21T18:12:47","slug":"maullidos-urbanos-contradiccion-de-sheinbaum","status":"publish","type":"post","link":"https:\/\/www.porlalibreedomex.com\/?p=74088","title":{"rendered":"Maullidos Urbanos \/ Contradicci\u00f3n de Sheinbaum"},"content":{"rendered":"<div dir=\"ltr\">\n<div>\n<p><strong>Gato de Barrio \/<\/strong><\/p>\n<p align=\"right\"><strong><a href=\"mailto:gatodebarrio57@gmail.com\" target=\"_blank\" rel=\"nofollow noopener\"><i>gatodebarrio57@gmail.com \/\u00a0<\/i><\/a><i><u><\/u><\/i><\/strong><\/p>\n<p><strong>E<\/strong>n su conferencia de este lunes, la presidenta Claudia Sheinbaum insisti\u00f3 en negar que se haya promocionado el voto en favor de su partido, durante sus visitas de supervisi\u00f3n para la entrega de apoyos a los damnificados por las lluvias registradas la semana pasada en zonas de los estados de Quer\u00e9taro, Veracruz, Hidalgo, Puebla, San Luis Potos\u00ed.<\/p>\n<p>Detall\u00f3 que en redes sociales se sac\u00f3 de contexto su visita a Tianguistengo, Hidalgo, donde una persona le reclam\u00f3 que Febronio Rodr\u00edguez Villegas, presidente municipal emanado de Morena, no apoyaba a los damnificados. As\u00ed lo acus\u00f3: \u201cF\u00edjense bien a qu\u00e9 presidentes municipales ponen\u201d, seg\u00fan ella, algo as\u00ed, \u201cpalabras m\u00e1s, palabras menos\u201d.<\/p>\n<p>Entonces respondi\u00f3: \u201cS\u00ed, pero ustedes tambi\u00e9n f\u00edjense por qui\u00e9n vota. Nada m\u00e1s para que sepan en Tianguistengo gobierna una persona postulada por Morena. \u00bfC\u00f3mo creen que vamos hacer promoci\u00f3n del voto, si no somos iguales. No\u00bb, reiter\u00f3 y puntualiz\u00f3 que a\u00fan persiste la idea de que el o la Presidenta de la Rep\u00fablica pone a los presidentes municipales.<\/p>\n<p>Podr\u00e1 decirse que ella directamente no promovi\u00f3 al voto, como quiz\u00e1 si lo hicieron alcaldes morenistas al repartir ayuda a damnificados con bolsas y cajas con el sello de Morena, pero Sheinbaum si alent\u00f3 la presencia de su partido al portar en sus visitas un chaleco guinda, color que identifica a su partido, aunque a la espalda exista la leyenda \u201cGobierno de M\u00e9xico\u201d.<\/p>\n<p>Debe reconocerse que si bien no resulta ilegal que la presidenta, gobernadores, diputados locales y federales, alcaldes y funcionarios menores, al llevar vestimenta con el guinda, con lo cual se identifica a su partido tanto en actos p\u00fablicos como eventos sociales o de ayuda a personas afectadas por alguna tragedia, como ahora por las inundaciones, pero de lo que s\u00ed podr\u00eda calificarse esta situaci\u00f3n es como un hecho inmoral y deshonesto.<\/p>\n<p>Y es que al portar ropa con ese color se promociona a su partido, con lo cual las no solo los damnificados, tambi\u00e9n aquellos que ven a esas personas en fotos, im\u00e1genes o videos en peri\u00f3dicos, televisi\u00f3n o portales informativos de internet, confunden y consideren que Morena y autoridades son lo mismo. Eso es probablemente una mayor irregularidad que promover el voto.<\/p>\n<p>Que se recuerde esa situaci\u00f3n no suced\u00eda en anteriores administraciones o, al menos, no resultaba tan evidente pero ahora, lamentablemente, ya aparece como una situaci\u00f3n com\u00fan.<\/p>\n<p>L<strong>o ideal ser\u00eda legislar para evitar o delimitar que los gobiernos de los tres niveles usen colores o s\u00edmbolos partidistas para evitar estas inmoralidades y deshonestidades pero con la mayor\u00eda legislativa morenista ser\u00eda imposible que una iniciativa de este tipo progresara.<\/strong><\/p>\n<\/div>\n<\/div>\n<div><\/div>\n","protected":false},"excerpt":{"rendered":"<p>Gato de Barrio \/ gatodebarrio57@gmail.com \/\u00a0 En su conferencia de este lunes, la presidenta Claudia Sheinbaum insisti\u00f3 en negar que se haya promocionado el voto en favor de su partido, durante sus visitas de supervisi\u00f3n para la entrega de apoyos a los damnificados por las lluvias registradas la semana pasada en zonas de los estados [&hellip;]<\/p>\n","protected":false},"author":3,"featured_media":74089,"comment_status":"closed","ping_status":"closed","sticky":false,"template":"","format":"standard","meta":{"footnotes":""},"categories":[23,16,9150],"tags":[34950,6315,11389,34951],"class_list":{"0":"post-74088","1":"post","2":"type-post","3":"status-publish","4":"format-standard","5":"has-post-thumbnail","7":"category-columna","8":"category-foto","9":"category-politica","10":"tag-contradicciones-de-sheinbaum","11":"tag-gato-de-barrio","12":"tag-maullidos-urbanos","13":"tag-propaganmda-partidista-en-la-desgracia"},"wps_subtitle":"Propaganda morenista en las inundaciones","_links":{"self":[{"href":"https:\/\/www.porlalibreedomex.com\/index.php?rest_route=\/wp\/v2\/posts\/74088","targetHints":{"allow":["GET"]}}],"collection":[{"href":"https:\/\/www.porlalibreedomex.com\/index.php?rest_route=\/wp\/v2\/posts"}],"about":[{"href":"https:\/\/www.porlalibreedomex.com\/index.php?rest_route=\/wp\/v2\/types\/post"}],"author":[{"embeddable":true,"href":"https:\/\/www.porlalibreedomex.com\/index.php?rest_route=\/wp\/v2\/users\/3"}],"replies":[{"embeddable":true,"href":"https:\/\/www.porlalibreedomex.com\/index.php?rest_route=%2Fwp%2Fv2%2Fcomments&post=74088"}],"version-history":[{"count":2,"href":"https:\/\/www.porlalibreedomex.com\/index.php?rest_route=\/wp\/v2\/posts\/74088\/revisions"}],"predecessor-version":[{"id":74091,"href":"https:\/\/www.porlalibreedomex.com\/index.php?rest_route=\/wp\/v2\/posts\/74088\/revisions\/74091"}],"wp:featuredmedia":[{"embeddable":true,"href":"https:\/\/www.porlalibreedomex.com\/index.php?rest_route=\/wp\/v2\/media\/74089"}],"wp:attachment":[{"href":"https:\/\/www.porlalibreedomex.com\/index.php?rest_route=%2Fwp%2Fv2%2Fmedia&parent=74088"}],"wp:term":[{"taxonomy":"category","embeddable":true,"href":"https:\/\/www.porlalibreedomex.com\/index.php?rest_route=%2Fwp%2Fv2%2Fcategories&post=74088"},{"taxonomy":"post_tag","embeddable":true,"href":"https:\/\/www.porlalibreedomex.com\/index.php?rest_route=%2Fwp%2Fv2%2Ftags&post=74088"}],"curies":[{"name":"wp","href":"https:\/\/api.w.org\/{rel}","templated":true}]}}