{"id":73839,"date":"2025-09-28T23:55:55","date_gmt":"2025-09-29T05:55:55","guid":{"rendered":"https:\/\/www.porlalibreedomex.com\/?p=73839"},"modified":"2025-09-28T23:55:55","modified_gmt":"2025-09-29T05:55:55","slug":"gobierno-del-edomex-atiende-derrumbe-en-la-carretera-ixtapan-coatepec-harinas","status":"publish","type":"post","link":"https:\/\/www.porlalibreedomex.com\/?p=73839","title":{"rendered":"Gobierno del EdoM\u00e9x atiende derrumbe en la carretera Ixtapan\u2013Coatepec Harinas"},"content":{"rendered":"<p>* <em><strong>Cinco personas lesionadas ya reciben atenci\u00f3n m\u00e9dica.<\/strong><\/em><\/p>\n<p><em><strong>\u2022 \u2060Se mantiene coordinaci\u00f3n con las Secretar\u00edas de Seguridad y de Salud, as\u00ed como con Protecci\u00f3n Civil estatal y municipal.<\/strong><\/em><\/p>\n<p><em><strong>\u2022 La Gobernadora Delfina G\u00f3mez instruy\u00f3 a las autoridades permanecer en la zona hasta restablecer la seguridad y circulaci\u00f3n.<\/strong><\/em><\/p>\n<p><strong>IXTAPAN DE LA SAL, Estado de M\u00e9xico, 28 de septiembre de 2025.-<\/strong> El Gobierno del Estado de M\u00e9xico informa que esta tarde se registr\u00f3 un derrumbe sobre la carretera Ixtapan\u2013Coatepec Harinas, a la altura del paraje El Refugio. El incidente ocasion\u00f3 la obstrucci\u00f3n total de la vialidad y afect\u00f3 a tres veh\u00edculos.<\/p>\n<p>Hasta el momento cinco personas han resultado lesionadas: cuatro fueron trasladadas al Hospital General de Ixtapan y una m\u00e1s al municipio de Pilcaya, Guerrero. La Secretar\u00eda de Salud estatal da seguimiento puntual a cada caso para garantizar su pronta recuperaci\u00f3n.<\/p>\n<p>En el sitio participan de manera coordinada elementos de la Polic\u00eda Estatal, Seguridad P\u00fablica Municipal, las Unidades Municipales de Protecci\u00f3n Civil y Bomberos de Ixtapan de la Sal y Tonatico, as\u00ed como la Direcci\u00f3n General de Protecci\u00f3n Civil estatal.<\/p>\n<p>La Gobernadora Delfina G\u00f3mez instruy\u00f3 a las autoridades permanecer en la zona realizando las labores necesarias para garantizar la seguridad de la poblaci\u00f3n y restablecer la circulaci\u00f3n lo antes posible.<\/p>\n","protected":false},"excerpt":{"rendered":"<p>* Cinco personas lesionadas ya reciben atenci\u00f3n m\u00e9dica. \u2022 \u2060Se mantiene coordinaci\u00f3n con las Secretar\u00edas de Seguridad y de Salud, as\u00ed como con Protecci\u00f3n Civil estatal y municipal. \u2022 La Gobernadora Delfina G\u00f3mez instruy\u00f3 a las autoridades permanecer en la zona hasta restablecer la seguridad y circulaci\u00f3n. IXTAPAN DE LA SAL, Estado de M\u00e9xico, 28 [&hellip;]<\/p>\n","protected":false},"author":3,"featured_media":22920,"comment_status":"open","ping_status":"open","sticky":false,"template":"","format":"standard","meta":{"footnotes":""},"categories":[9157,16],"tags":[34886,34887,34888],"class_list":{"0":"post-73839","1":"post","2":"type-post","3":"status-publish","4":"format-standard","5":"has-post-thumbnail","7":"category-edomex","8":"category-foto","9":"tag-carretera-ixtapan-coatepec-harinas","10":"tag-derrumbe-en-el-paraje-el-refugio","11":"tag-trabajan-en-reabrir-la-carretera"},"wps_subtitle":"","_links":{"self":[{"href":"https:\/\/www.porlalibreedomex.com\/index.php?rest_route=\/wp\/v2\/posts\/73839","targetHints":{"allow":["GET"]}}],"collection":[{"href":"https:\/\/www.porlalibreedomex.com\/index.php?rest_route=\/wp\/v2\/posts"}],"about":[{"href":"https:\/\/www.porlalibreedomex.com\/index.php?rest_route=\/wp\/v2\/types\/post"}],"author":[{"embeddable":true,"href":"https:\/\/www.porlalibreedomex.com\/index.php?rest_route=\/wp\/v2\/users\/3"}],"replies":[{"embeddable":true,"href":"https:\/\/www.porlalibreedomex.com\/index.php?rest_route=%2Fwp%2Fv2%2Fcomments&post=73839"}],"version-history":[{"count":1,"href":"https:\/\/www.porlalibreedomex.com\/index.php?rest_route=\/wp\/v2\/posts\/73839\/revisions"}],"predecessor-version":[{"id":73840,"href":"https:\/\/www.porlalibreedomex.com\/index.php?rest_route=\/wp\/v2\/posts\/73839\/revisions\/73840"}],"wp:featuredmedia":[{"embeddable":true,"href":"https:\/\/www.porlalibreedomex.com\/index.php?rest_route=\/wp\/v2\/media\/22920"}],"wp:attachment":[{"href":"https:\/\/www.porlalibreedomex.com\/index.php?rest_route=%2Fwp%2Fv2%2Fmedia&parent=73839"}],"wp:term":[{"taxonomy":"category","embeddable":true,"href":"https:\/\/www.porlalibreedomex.com\/index.php?rest_route=%2Fwp%2Fv2%2Fcategories&post=73839"},{"taxonomy":"post_tag","embeddable":true,"href":"https:\/\/www.porlalibreedomex.com\/index.php?rest_route=%2Fwp%2Fv2%2Ftags&post=73839"}],"curies":[{"name":"wp","href":"https:\/\/api.w.org\/{rel}","templated":true}]}}