{"id":73116,"date":"2025-06-22T03:34:39","date_gmt":"2025-06-22T09:34:39","guid":{"rendered":"https:\/\/www.porlalibreedomex.com\/?p=73116"},"modified":"2025-06-24T03:35:31","modified_gmt":"2025-06-24T09:35:31","slug":"vestimenta-que-impone-respeto-y-autoridad-alebrijes-en-cuadratines","status":"publish","type":"post","link":"https:\/\/www.porlalibreedomex.com\/?p=73116","title":{"rendered":"Vestimenta que impone respeto y autoridad \/ Alebrijes en Cuadratines"},"content":{"rendered":"<div class=\"aju\">\n<div class=\"aCi\"><strong>Adri\u00e1n Chavarr\u00eda Espinosa \/\u00a0<\/strong><\/div>\n<\/div>\n<div class=\"gs\">\n<div class=\"\">\n<div id=\":om\" class=\"ii gt\">\n<div id=\":ol\" class=\"a3s aiL \">\n<div dir=\"ltr\">\n<p align=\"right\"><strong><i><u><a href=\"mailto:ache57@yahoo.com.mx\" target=\"_blank\" rel=\"noopener\">ache57@yahoo.com.mx \/\u00a0<\/a><\/u><\/i><\/strong><\/p>\n<p><strong>D<\/strong>ice el dicho: \u201cComo te ven te tratan\u201d. Pero no es \u00fanicamente estar presentable con ropa limpia y. dentro de lo posible, en buen estado. Sucede que existen diversos tipos de vestuarios para cumplir desde responsabilidades personales, pasando por las laborales hasta llegar a las ceremoniales, aunque en ocasiones todas ellas se pueden conjugar en una sola.<\/p>\n<p>\u00bfQui\u00e9n tomar\u00eda en serio a un sacerdote sin su sotana, a un militar o marino sin su uniforme, a un cantante de m\u00fasica ranchera sin su traje de charro, a un abogado sin traje y corbata, a un \u00e1rbitro de futbol o un amp\u00e1yer de beisbol sin su uniforme negro? Creo que nadie.<\/p>\n<p>Y es que todo ese tipo de ropa de ninguna forma es circunstancial, ya que al portarlas se cumple con una determinada funci\u00f3n, pero sin mantener de ninguna forma un distanciamiento, sino que representan alg\u00fan tipo de autoridad, es decir se ubican en otro tipo de nivel.<\/p>\n<p>Por ese motivo resulta no solo cuestionable sino injustificable la idea de Hugo Aguilar Ortiz, ministro presidente electo de la Suprema Corte de Justicia de la Naci\u00f3n (SCJN), de que a partir del 1 de septiembre, cuando asuma formalmente el cargo, no vestir\u00e1 la cl\u00e1sica toga magisterial durante las sesiones del m\u00e1ximo tribunal.<\/p>\n<p>Pero esa no es una decisi\u00f3n personal, ya que su uso est\u00e1 estipulado por un decreto de 1941 emitido por el entonces presidente Manuel \u00c1vila Camacho y para cancelar esa medida, ser\u00eda necesaria otra similar ahora por parte de la presidenta Claudia Sheinbaum. Por ello, de forma presurosa y para intentar quedar bien con el actual sistema pol\u00edtico, un grupo de senadores del bloque oficialista anunciaron una iniciativa de ley al respecto.<\/p>\n<p>Bajo el pretexto de \u201cerradicar s\u00edmbolos\u201d que ellos consideran de lejan\u00eda y elitismo, Laura Estrada Mauro y Antonino Morales, senadores de Morena, y Luis Alfonso Silva Romo, del Partido, Verde, presentaron su propuesta ante la Comisi\u00f3n Permanente, para modificar el art\u00edculo 4\u00ba de la Ley Org\u00e1nica del Poder Judicial de la Federaci\u00f3n, donde se establece que los ministros deben portar togas de seda negra y pu\u00f1os blancos.<\/p>\n<p>Por lo tanto, la pretensi\u00f3n es que ministras y ministros vistan de manera formal o tradicional, \u201cacorde con sus or\u00edgenes, costumbres y preferencias\u201d, resaltando que \u201cla nueva \u00e9poca judicial debe reflejar cercan\u00eda con el pueblo y atender las injusticias hist\u00f3ricas\u201d. Pero hasta el momento no se ha informado del avance de esta iniciativa.<\/p>\n<p>Los especialistas explican que el Estado de Derecho mexicano proviene del derecho romano, donde los senadores portaban una toga al momento de las sesiones, por lo cual esa costumbre se hered\u00f3 para que un magistrado o ministro las use durante las sesiones. En nuestro pa\u00eds su uso se remonta a hace 200 a\u00f1os, tras ser promulgada la Constituci\u00f3n de 1824, donde Miguel Dom\u00ednguez, el primer ministro presidente de la Corte, instaur\u00f3 su uso.<\/p>\n<p>Ahora, el uso de vestimentas especiales resulta un hecho com\u00fan, incluso entre quienes forman parte de alguna comunidad o sector y existen diversas formas de demostrar que representan a la autoridad, para tambi\u00e9n imponer mayor respeto. As\u00ed, por ejemplo, no es lo mismo ver a un sacerdote con una simple sotana que al papa con todos sus ornamentos religiosos o a un soldado raso que a un general con su traje de gala, con galones y medallas.<\/p>\n<p>De nuevo en el caso las togas, estas ropas resultan comunes en el mundo. Incluso en cada jurisdicci\u00f3n o corte internacional existen sus propios c\u00f3digos de vestimenta. Por ejemplo, los trajes usados por los jueces ingleses son de los vestuarios m\u00e1s distintivos, lo cual no es raro ya que la esencia de estos uniformes con todo y peluca blanca y rizada se remonta a, por lo menos, siete siglos de antig\u00fcedad.<\/p>\n<p>De acuerdo a la historia, solo los jueces usaron pelucas de base completa hasta la d\u00e9cada de 1780, cuando se adopt\u00f3 para los juicios civiles una peluca menos formal y m\u00e1s peque\u00f1a y en lugar de rizos amplios, se restringieron a los lados con una cola corta en la parte posterior. La de fondo completa sigui\u00f3 utiliz\u00e1ndose en juicios penales hasta la d\u00e9cada de 1840. Hoy d\u00eda se reservan para ceremonias especiales en tanto las pelucas m\u00e1s peque\u00f1as se emplean a diario.<\/p>\n<p>No puede omitirse la existencia de detractores, quienes afirman que su uso es obsoleto y, en rigor, consideran que no aportan elementos sustanciales en el desempe\u00f1o de sus labores. En respuesta, otros aseveran que las pelucas son parte de la tradici\u00f3n inglesa y su simbolismo a\u00fan est\u00e1 vigente.<\/p>\n<p>Para finalizar se debe puntualizar que la toga debe cumplir con varias condiciones a fin de representar una serie de valores: Mientras su manga derecha es muy amplia la izquierda es muy estrecha, incluso puede apretar a la altura del pu\u00f1o, para simbolizar que la ley debe ser estricta, pero tambi\u00e9n considerada. Adem\u00e1s, deliberadamente es confeccionada con telas muy pesadas, que perciban lo que es el peso de la ley.<\/p>\n<p>Aunque los nuevos ministros, magistrados y jueces provengan de la autollamada cuarta transformaci\u00f3n, deber\u00e1n cumplir con la costumbre de usar las togas, ya que como deber\u00e1n representar a la ley, aunque esta no resulte ser la mejor ni la m\u00e1s imparcial.<\/p>\n<\/div>\n<\/div>\n<\/div>\n<\/div>\n<\/div>\n","protected":false},"excerpt":{"rendered":"<p>Adri\u00e1n Chavarr\u00eda Espinosa \/\u00a0 ache57@yahoo.com.mx \/\u00a0 Dice el dicho: \u201cComo te ven te tratan\u201d. Pero no es \u00fanicamente estar presentable con ropa limpia y. dentro de lo posible, en buen estado. Sucede que existen diversos tipos de vestuarios para cumplir desde responsabilidades personales, pasando por las laborales hasta llegar a las ceremoniales, aunque en ocasiones [&hellip;]<\/p>\n","protected":false},"author":3,"featured_media":73117,"comment_status":"open","ping_status":"open","sticky":false,"template":"","format":"standard","meta":{"footnotes":""},"categories":[23,16,9150],"tags":[260,261,34457,34455,34456],"class_list":{"0":"post-73116","1":"post","2":"type-post","3":"status-publish","4":"format-standard","5":"has-post-thumbnail","7":"category-columna","8":"category-foto","9":"category-politica","10":"tag-adrian-chavarria-espinosa","11":"tag-alebrijes-en-cuadratines","12":"tag-decreto-de-1941-manuel-avila-camacho","13":"tag-estado-de-derecho-mexicano","14":"tag-la-vestimenta-en-la-suprema-corte"},"wps_subtitle":"Para ser hay que parecer, es el mensaje al presidente electo de la Suprema Corte y a Morena","_links":{"self":[{"href":"https:\/\/www.porlalibreedomex.com\/index.php?rest_route=\/wp\/v2\/posts\/73116","targetHints":{"allow":["GET"]}}],"collection":[{"href":"https:\/\/www.porlalibreedomex.com\/index.php?rest_route=\/wp\/v2\/posts"}],"about":[{"href":"https:\/\/www.porlalibreedomex.com\/index.php?rest_route=\/wp\/v2\/types\/post"}],"author":[{"embeddable":true,"href":"https:\/\/www.porlalibreedomex.com\/index.php?rest_route=\/wp\/v2\/users\/3"}],"replies":[{"embeddable":true,"href":"https:\/\/www.porlalibreedomex.com\/index.php?rest_route=%2Fwp%2Fv2%2Fcomments&post=73116"}],"version-history":[{"count":2,"href":"https:\/\/www.porlalibreedomex.com\/index.php?rest_route=\/wp\/v2\/posts\/73116\/revisions"}],"predecessor-version":[{"id":73119,"href":"https:\/\/www.porlalibreedomex.com\/index.php?rest_route=\/wp\/v2\/posts\/73116\/revisions\/73119"}],"wp:featuredmedia":[{"embeddable":true,"href":"https:\/\/www.porlalibreedomex.com\/index.php?rest_route=\/wp\/v2\/media\/73117"}],"wp:attachment":[{"href":"https:\/\/www.porlalibreedomex.com\/index.php?rest_route=%2Fwp%2Fv2%2Fmedia&parent=73116"}],"wp:term":[{"taxonomy":"category","embeddable":true,"href":"https:\/\/www.porlalibreedomex.com\/index.php?rest_route=%2Fwp%2Fv2%2Fcategories&post=73116"},{"taxonomy":"post_tag","embeddable":true,"href":"https:\/\/www.porlalibreedomex.com\/index.php?rest_route=%2Fwp%2Fv2%2Ftags&post=73116"}],"curies":[{"name":"wp","href":"https:\/\/api.w.org\/{rel}","templated":true}]}}