{"id":73070,"date":"2025-06-13T02:19:45","date_gmt":"2025-06-13T08:19:45","guid":{"rendered":"https:\/\/www.porlalibreedomex.com\/?p=73070"},"modified":"2025-06-16T02:21:41","modified_gmt":"2025-06-16T08:21:41","slug":"maullidos-urbanos-festejar-a-los-papas","status":"publish","type":"post","link":"https:\/\/www.porlalibreedomex.com\/?p=73070","title":{"rendered":"Maullidos Urbanos  \/ Festejar a los pap\u00e1s"},"content":{"rendered":"<p><strong>Gato de Barrio \/<\/strong><\/p>\n<p align=\"right\"><strong><a href=\"mailto:gatodebarrio57@gmail.com\" target=\"_blank\" rel=\"nofollow noopener\"><i>gatodebarrio57@gmail.com \/\u00a0<\/i><\/a><i><u><\/u><\/i><\/strong><\/p>\n<p><strong>A<\/strong>unque no se conmemora ni se festeja con la misma intensidad que a las mam\u00e1s, este domingo se celebrar\u00e1 en M\u00e9xico y otros pa\u00edses el D\u00eda del Padre, raz\u00f3n por la cual habr\u00e1 un incremento en la venta de regalos, as\u00ed como la asistencia a restaurantes.<\/p>\n<p>En el caso del festejo a las mam\u00e1s inici\u00f3 en Estados Unidos en 1914, al ser declarado como d\u00eda de fiesta nacional por el Congreso y el presidente Woodrow Wilson. Despu\u00e9s, cerca de 40 naciones adoptaron la celebraci\u00f3n el segundo domingo de mayo, aunque en algunos pa\u00edses se conmemora en diferentes fechas.<\/p>\n<p>Respecto a M\u00e9xico el festejo a las mam\u00e1s comenz\u00f3 a celebrarse en 1922, bajo el impulso del periodista Rafael Alduc\u00edn, director del diario Exc\u00e9lsior, siendo apoyado por el entonces secretario de Educaci\u00f3n, Jos\u00e9 Vasconcelos, la Cruz Roja y el Episcopado Mexicano, aunque el culto a la maternidad ya exist\u00eda desde la \u00e9poca prehisp\u00e1nica.<\/p>\n<p>En el caso de los padres, en antiguas civilizaciones como las de Grecia y Roma, era visto como el pilar absoluto del hogar y la madre solo un medio para procrear, pero actualmente el concepto de paternidad ha cambiado profundamente, al valorarse m\u00e1s la presencia afectiva, el cuidado y la participaci\u00f3n activa en la crianza, aunque todav\u00eda falta mucho por hacer.<\/p>\n<p>Respecto a los pap\u00e1s, de acuerdo con National Geographic Historia, en Estados Unidos el 19 de junio de 1910 el primer festejo se efectu\u00f3 en Spokane, Washington, impulsado por Sonora Smart Dodd, mujer inspirada por su propio padre, un veterano de la Guerra Civil, quien la cr\u00edo solo junto a sus cinco hermanos tras la muerte de su madre.<\/p>\n<p>Si bien inicialmente la idea no fue bien recibida al considerarse \u201cdemasiado sentimental\u201d o incluso femenina, fue en 1972 cuando el entonces presidente Richard Nixon declar\u00f3 oficialmente el D\u00eda del Padre como festivo, pero en M\u00e9xico la celebraci\u00f3n de cada tercer domingo de junio, adem\u00e1s de seguir la tendencia internacional, tambi\u00e9n refleja un reconocimiento social que contin\u00faa construy\u00e9ndose y ampli\u00e1ndose constantemente.<\/p>\n<p>En el pa\u00eds, de acuerdo con el Consejo Nacional de Poblaci\u00f3n (Conapo), el 64.8% de los pap\u00e1s participan en la ejecuci\u00f3n de tareas caseras tales como lavar, planchar o limpiar, es decir apenas el 35.2% de los padres se involucran con estas responsabilidades.<\/p>\n<p>Pero la mentalidad y disposici\u00f3n de los nuevos pap\u00e1s ya cambia, al superar mitos y tab\u00faes para asumir tareas tradicionalmente atribuidas a mujeres y a madres, para pertenecer a una nueva generaci\u00f3n de hombres que comprenden y asumen su responsabilidad familiar.<\/p>\n","protected":false},"excerpt":{"rendered":"<p>Gato de Barrio \/ gatodebarrio57@gmail.com \/\u00a0 Aunque no se conmemora ni se festeja con la misma intensidad que a las mam\u00e1s, este domingo se celebrar\u00e1 en M\u00e9xico y otros pa\u00edses el D\u00eda del Padre, raz\u00f3n por la cual habr\u00e1 un incremento en la venta de regalos, as\u00ed como la asistencia a restaurantes. En el caso [&hellip;]<\/p>\n","protected":false},"author":3,"featured_media":73072,"comment_status":"open","ping_status":"open","sticky":false,"template":"","format":"standard","meta":{"footnotes":""},"categories":[23,16],"tags":[34432,34430,6315,11389,34431],"class_list":{"0":"post-73070","1":"post","2":"type-post","3":"status-publish","4":"format-standard","5":"has-post-thumbnail","7":"category-columna","8":"category-foto","9":"tag-dia-del-padre","10":"tag-festejar-a-los-papas","11":"tag-gato-de-barrio","12":"tag-maullidos-urbanos","13":"tag-richard-nixon"},"wps_subtitle":"","_links":{"self":[{"href":"https:\/\/www.porlalibreedomex.com\/index.php?rest_route=\/wp\/v2\/posts\/73070","targetHints":{"allow":["GET"]}}],"collection":[{"href":"https:\/\/www.porlalibreedomex.com\/index.php?rest_route=\/wp\/v2\/posts"}],"about":[{"href":"https:\/\/www.porlalibreedomex.com\/index.php?rest_route=\/wp\/v2\/types\/post"}],"author":[{"embeddable":true,"href":"https:\/\/www.porlalibreedomex.com\/index.php?rest_route=\/wp\/v2\/users\/3"}],"replies":[{"embeddable":true,"href":"https:\/\/www.porlalibreedomex.com\/index.php?rest_route=%2Fwp%2Fv2%2Fcomments&post=73070"}],"version-history":[{"count":1,"href":"https:\/\/www.porlalibreedomex.com\/index.php?rest_route=\/wp\/v2\/posts\/73070\/revisions"}],"predecessor-version":[{"id":73073,"href":"https:\/\/www.porlalibreedomex.com\/index.php?rest_route=\/wp\/v2\/posts\/73070\/revisions\/73073"}],"wp:featuredmedia":[{"embeddable":true,"href":"https:\/\/www.porlalibreedomex.com\/index.php?rest_route=\/wp\/v2\/media\/73072"}],"wp:attachment":[{"href":"https:\/\/www.porlalibreedomex.com\/index.php?rest_route=%2Fwp%2Fv2%2Fmedia&parent=73070"}],"wp:term":[{"taxonomy":"category","embeddable":true,"href":"https:\/\/www.porlalibreedomex.com\/index.php?rest_route=%2Fwp%2Fv2%2Fcategories&post=73070"},{"taxonomy":"post_tag","embeddable":true,"href":"https:\/\/www.porlalibreedomex.com\/index.php?rest_route=%2Fwp%2Fv2%2Ftags&post=73070"}],"curies":[{"name":"wp","href":"https:\/\/api.w.org\/{rel}","templated":true}]}}