{"id":72567,"date":"2025-04-25T11:08:40","date_gmt":"2025-04-25T17:08:40","guid":{"rendered":"https:\/\/www.porlalibreedomex.com\/?p=72567"},"modified":"2025-04-25T11:09:26","modified_gmt":"2025-04-25T17:09:26","slug":"maullidos-urbanos-crisis-por-aumento-en-niveles-del-mar","status":"publish","type":"post","link":"https:\/\/www.porlalibreedomex.com\/?p=72567","title":{"rendered":"Crisis por aumento en niveles del mar: Maullidos Urbanos"},"content":{"rendered":"<div class=\"aju\">\n<div class=\"aCi\"><\/div>\n<\/div>\n<div class=\"gs\">\n<div class=\"\">\n<div id=\":om\" class=\"ii gt\">\n<div id=\":ol\" class=\"a3s aiL \">\n<div>\n<div>\n<div>\n<div dir=\"ltr\">\n<div>\n<p><strong>Gato de Barrio\u00a0<\/strong><\/p>\n<p align=\"right\"><strong><a href=\"mailto:gatodebarrio57@gmail.com\" target=\"_blank\" rel=\"nofollow noopener\"><i>gatodebarrio57@gmail.com \/\u00a0<\/i><\/a><i><u><\/u><\/i><\/strong><\/p>\n<p><strong>D<\/strong>iversos investigaciones han reiterado que el a\u00f1o pasado ha sido el m\u00e1s caluroso en las \u00faltimas d\u00e9cadas, pero ahora la Administraci\u00f3n Nacional de Aeron\u00e1utica y el Espacio (NASA, por sus siglas en ingl\u00e9s), revel\u00f3 que en 2024 el nivel del mar a nivel mundial subi\u00f3 m\u00e1s de lo previsto, lo que calific\u00f3 como un inusual calentamiento de los oc\u00e9anos.<\/p>\n<p>Vale recordar que el Servicio de Cambio Clim\u00e1tico Copernicus confirm\u00f3 que 2024 fue el a\u00f1o m\u00e1s caluroso jam\u00e1s registrado, con una temperatura media terrestre de 15.10 grados Celsius, adem\u00e1s de ser el primero en superar en m\u00e1s de 1.5 grados los niveles preindustriales, donde la actividad humana es el factor determinante en estos fen\u00f3menos.<\/p>\n<p>Por su parte Nadya Vinogradova Shiffer, jefa de los programas de oceanograf\u00eda f\u00edsica y del Observatorio Integrado del Sistema Terrestre de la NASA, puntualiz\u00f3 que \u201ccon 2024 como el a\u00f1o m\u00e1s c\u00e1lido registrado, los oc\u00e9anos en expansi\u00f3n de la Tierra siguen esta tendencia para alcanzar sus niveles m\u00e1s altos en tres d\u00e9cadas\u201d.<\/p>\n<p>Josh Willis, investigador del nivel del mar en el Laboratorio de Propulsi\u00f3n a Chorro de la NASA, admiti\u00f3 que el nivel de los oc\u00e9anos sigue subiendo y el ritmo se acelera; revel\u00f3 que con el monitoreo v\u00eda sat\u00e9lite de los mares desde 1993, se esperaba un aumento de 0.43 cent\u00edmetros al a\u00f1o, pero los registros reales correspondientes a 2024 indicaron un aumento de 0.59 cent\u00edmetros, lo cual rebasa la predicci\u00f3n y ,adem\u00e1s, representar\u00eda un riesgo para la seguridad de varios ecosistemas, regiones insulares y diversas actividades econ\u00f3micas.<\/p>\n<p>Es m\u00e1s, un estudio de la NASA pronostica que si el nivel del mar en las islas del Pac\u00edfico creciera al menos quince cent\u00edmetros en las pr\u00f3ximas tres d\u00e9cadas, el bienestar y la seguridad de las naciones insulares est\u00e1n en riesgo, ya que algunas podr\u00edan sufrir inundaciones por mareas altas varias veces al a\u00f1o en sus aeropuertos, mientras otras podr\u00edan enfrentarse a eventos m\u00e1s generalizados y equivalentes a estar bajo el agua durante casi la mitad del a\u00f1o.<\/p>\n<p>Seg\u00fan el informe \u201cUn nuevo clima para la paz\u201d del G-7, se concluye que el aumento del nivel del mar amenaza la viabilidad econ\u00f3mica y f\u00edsica de zonas bajas, donde los recursos terrestres y costeros se pierden gradualmente, lo cual provocar\u00eda malestar social, migraci\u00f3n y desplazamiento, as\u00ed como desacuerdos sobre fronteras mar\u00edtimas y recursos oce\u00e1nicos.<\/p>\n<p>Es necesario adoptar medidas reales y contundentes para evitar el calentamiento global \u2013pese al escepticismo de Donald Trump\u2013, de lo contrario las consecuencias ser\u00e1n catastr\u00f3ficas para todo el mundo.<\/p>\n<\/div>\n<\/div>\n<\/div>\n<\/div>\n<\/div>\n<\/div>\n<\/div>\n<\/div>\n<\/div>\n","protected":false},"excerpt":{"rendered":"<p>Gato de Barrio\u00a0 gatodebarrio57@gmail.com \/\u00a0 Diversos investigaciones han reiterado que el a\u00f1o pasado ha sido el m\u00e1s caluroso en las \u00faltimas d\u00e9cadas, pero ahora la Administraci\u00f3n Nacional de Aeron\u00e1utica y el Espacio (NASA, por sus siglas en ingl\u00e9s), revel\u00f3 que en 2024 el nivel del mar a nivel mundial subi\u00f3 m\u00e1s de lo previsto, lo [&hellip;]<\/p>\n","protected":false},"author":3,"featured_media":72568,"comment_status":"open","ping_status":"open","sticky":false,"template":"","format":"standard","meta":{"footnotes":""},"categories":[23,16,9207],"tags":[34162,34160,6315,11389,34161],"class_list":{"0":"post-72567","1":"post","2":"type-post","3":"status-publish","4":"format-standard","5":"has-post-thumbnail","7":"category-columna","8":"category-foto","9":"category-medio-ambiente","10":"tag-2024-el-mas-caluroso-en-decadas","11":"tag-cambio-climatico-copernicus","12":"tag-gato-de-barrio","13":"tag-maullidos-urbanos","14":"tag-suben-niveles-del-mar"},"wps_subtitle":"","_links":{"self":[{"href":"https:\/\/www.porlalibreedomex.com\/index.php?rest_route=\/wp\/v2\/posts\/72567","targetHints":{"allow":["GET"]}}],"collection":[{"href":"https:\/\/www.porlalibreedomex.com\/index.php?rest_route=\/wp\/v2\/posts"}],"about":[{"href":"https:\/\/www.porlalibreedomex.com\/index.php?rest_route=\/wp\/v2\/types\/post"}],"author":[{"embeddable":true,"href":"https:\/\/www.porlalibreedomex.com\/index.php?rest_route=\/wp\/v2\/users\/3"}],"replies":[{"embeddable":true,"href":"https:\/\/www.porlalibreedomex.com\/index.php?rest_route=%2Fwp%2Fv2%2Fcomments&post=72567"}],"version-history":[{"count":2,"href":"https:\/\/www.porlalibreedomex.com\/index.php?rest_route=\/wp\/v2\/posts\/72567\/revisions"}],"predecessor-version":[{"id":72570,"href":"https:\/\/www.porlalibreedomex.com\/index.php?rest_route=\/wp\/v2\/posts\/72567\/revisions\/72570"}],"wp:featuredmedia":[{"embeddable":true,"href":"https:\/\/www.porlalibreedomex.com\/index.php?rest_route=\/wp\/v2\/media\/72568"}],"wp:attachment":[{"href":"https:\/\/www.porlalibreedomex.com\/index.php?rest_route=%2Fwp%2Fv2%2Fmedia&parent=72567"}],"wp:term":[{"taxonomy":"category","embeddable":true,"href":"https:\/\/www.porlalibreedomex.com\/index.php?rest_route=%2Fwp%2Fv2%2Fcategories&post=72567"},{"taxonomy":"post_tag","embeddable":true,"href":"https:\/\/www.porlalibreedomex.com\/index.php?rest_route=%2Fwp%2Fv2%2Ftags&post=72567"}],"curies":[{"name":"wp","href":"https:\/\/api.w.org\/{rel}","templated":true}]}}