{"id":71210,"date":"2024-11-25T02:01:11","date_gmt":"2024-11-25T08:01:11","guid":{"rendered":"https:\/\/porlalibreedomex.com\/?p=71210"},"modified":"2024-11-26T02:03:13","modified_gmt":"2024-11-26T08:03:13","slug":"alebrijes-en-cuadratines-empleos-para-exgobernadores","status":"publish","type":"post","link":"https:\/\/www.porlalibreedomex.com\/?p=71210","title":{"rendered":"Alebrijes en Cuadratines \/ Empleos para exgobernadores"},"content":{"rendered":"<p>&nbsp;<\/p>\n<p><strong>Adri\u00e1n Chavarr\u00eda Espinosa<\/strong><\/p>\n<p align=\"right\"><strong><i><u><a href=\"mailto:ache57@yahoo.com.mx\" target=\"_blank\" rel=\"noopener\">ache57@yahoo.com.mx<\/a><\/u><\/i><\/strong><\/p>\n<p>Siendo presidenta electa, Claudia Sheinbaum anunci\u00f3 que los seis gobernadores morenistas que terminaran su administraci\u00f3n ser\u00edan incorporados en alg\u00fan cargo en el gobierno federal, lo cual ya cumpli\u00f3 con al menos tres de ellos.<\/p>\n<p>Son Mart\u00ed Batres, quien termin\u00f3 el periodo de Sheinbaum en el gobierno de la Ciudad de M\u00ebxico, y ahora es el director general del Instituto de Seguridad y Servicios Sociales de los Trabajadores del Estado (ISSSTE), y con el tabasque\u00f1o Carlos Manuel Merino, quien asumi\u00f3 la titularidad de Aeropuertos y Servicios Auxiliares.<\/p>\n<p>En el caso de Sergio Salom\u00f3n C\u00e9spedes, la semana pasada rindi\u00f3 su \u00faltimo informe de gobierno como gobernador sustituto de Puebla, tras el deceso de Miguel Barbosa en 2022. Ahora al terminar su gesti\u00f3n el 13 de diciembre, asumir\u00e1 la responsabilidad del Instituto Nacional de Migraci\u00f3n, en relevo de Francisco Gardu\u00f1o, quien tras su p\u00e9simo desempe\u00f1o a\u00fan no se le ha mencionado para asumir alg\u00fan otro cargo, pero sin descartarse su reubicaci\u00f3n.<\/p>\n<p>Sin embargo, ante la victoria electoral de Donald Trump en Estados Unidos, debi\u00f3 haber solicitado licencia para enfocarse a definir las estrategias para reaccionar ante las amenazas de posibles deportaciones de miles \u2013por no decir millones\u2013, de migrantes ilegales a fin de apoyar tanto a los mexicanos como a los afectados de otras naciones, a fin de evitar su expulsi\u00f3n y, en caso de suceder, estar preparados para recibirlos y atenderlos adecuadamente.<\/p>\n<p>Respecto a Cuauht\u00e9moc Blanco, quien solicit\u00f3 licencia para dejar la gubernatura del estado de Morelos, no fue considerado para alguna otra responsabilidad, ya que fue postulado como diputado plurinominal por Morena y actualmente es secretario de la Comisi\u00f3n de Presupuesto y Cuenta P\u00fablica, por lo cual no requiere ser asignado a alg\u00fan cargo federal.<\/p>\n<p>De esa forma solo quedan dos mandatarios que contin\u00faan en funciones, pero hasta el momento sin tener alg\u00fan nombramiento expreso para su futuro inmediato. Ellos son el veracruzano Cuitl\u00e1huac Garc\u00eda, quien terminar\u00e1 su gesti\u00f3n el 30 de noviembre, y el chiapaneco Rutilio Escand\u00f3n, quien concluye su administraci\u00f3n el 7 de diciembre.<\/p>\n<p>Ahora, \u00bfqu\u00e9 tienen en com\u00fan ambos gobernadores? Que han tenido un p\u00e9simo desempe\u00f1o y dejar\u00e1n a sus entidades en condiciones poco aceptables.<\/p>\n<p>Respecto a Garc\u00eda, quien tras perder las elecciones de 2016, se volvi\u00f3 a postular en 2018 para, con el total respaldo de Andr\u00e9s Manuel L\u00f3pez Obrador ahora s\u00ed ganara, raz\u00f3n por la cual le qued\u00f3 definitivamente agradecido y ha sido uno de sus m\u00e1s leales seguidores.<\/p>\n<p>Pero esa relaci\u00f3n no fue bien aprovechada para que hubiera desarrollado una positiva administraci\u00f3n en beneficio de los veracruzanos ya que, entre otros puntos, registr\u00f3 desde la falta de apoyo a la producci\u00f3n, poca atenci\u00f3n a los caminos carreteros, deficiencia en el ritmo al sector salud, la carencia de una pol\u00edtica clara en materia de seguridad ciudadana y un d\u00e9ficit en tema de desaparecidos pol\u00edticos, y le acusan de falta de sensibilidad para atender esa parte.<\/p>\n<p>Un rengl\u00f3n sensible y fallido fue el de la seguridad ciudadana, pues Garc\u00eda Jim\u00e9nez ni siquiera se preocup\u00f3 por cambiar el concepto de Seguridad P\u00fablica por el de Ciudadana, adem\u00e1s de no proporcionar los instrumentos legales, constitucionales, presupuestales e institucionales para ofrecer una mejor atenci\u00f3n a la poblaci\u00f3n.<\/p>\n<p>Adem\u00e1s. utiliz\u00f3 su cargo para efectuar persecuciones pol\u00edticas no solo en contra de opositores ideol\u00f3gicos, sino en contra de compa\u00f1eros de Morena, su mismo partido pol\u00edtico; tambi\u00e9n, bajo acusaciones sin comprobar, logr\u00f3 remover al fiscal de justicia estatal para colocar a una abogada af\u00edn.<\/p>\n<p>Pero si en Veracruz el sexenio fue desastroso, en el caso de Chiapas, con el gobernador Rutilo Escand\u00f3n result\u00f3 peor, en particular por la violencia generada por el crimen organizado la cual ha escalado a niveles nunca vistos antes. Incluso, esa entidad es objeto de disputas entre diferentes c\u00e1rteles como el de Sinaloa y el Jalisco Nueva Generaci\u00f3n.<\/p>\n<p>Los m\u00e1s afectados son los pobladores de diversas comunidades, quienes han quedado en medio del fuego cruzado entre esos delincuentes \u2013quienes los obligan a manifestase en contra de las autoridades\u2013 y las fuerzas policiacas y militares. Adem\u00e1s, se han dado casos de personas que han abandonado sus viviendas y propiedades para buscar refugio en Guatemala.<\/p>\n<p>Tambi\u00e9n la administraci\u00f3n del mandatario morenista ha sido objeto de m\u00faltiples acusaciones de corrupci\u00f3n, al demostrarse diversas irregularidades en la gesti\u00f3n de recursos p\u00fablicos y en la asignaci\u00f3n de contratos, lo cual ha generado desconfianza entre la ciudadan\u00eda al afectar la percepci\u00f3n de transparencia y legalidad en el estado.<\/p>\n<p>En especial, las principales acusaciones de corrupci\u00f3n han sido por la opacidad en la adjudicaci\u00f3n de contratos p\u00fablicos, donde varias organizaciones han denunciado que la asignaci\u00f3n de obras de infraestructura y servicios se han realizado sin los procesos de licitaci\u00f3n adecuados, beneficiando a empresas cercanas al c\u00edrculo pol\u00edtico del mandatario estatal.<\/p>\n<p>En fin, es posible que Sheinbaum haya reconsiderado su \u201cinvitaci\u00f3n\u201d a los gobernadores veracruzano y chiapaneco por sus p\u00e9simos resultados. Y de verse obligada a darles alg\u00fan cargo esperemos que sea menor, donde sus actividades no resulten socialmente perjudiciales. De lo contrario ser\u00e1n un lastre pol\u00edtico tanto para la presidenta como para Morena.<\/p>\n","protected":false},"excerpt":{"rendered":"<p>&nbsp; Adri\u00e1n Chavarr\u00eda Espinosa ache57@yahoo.com.mx Siendo presidenta electa, Claudia Sheinbaum anunci\u00f3 que los seis gobernadores morenistas que terminaran su administraci\u00f3n ser\u00edan incorporados en alg\u00fan cargo en el gobierno federal, lo cual ya cumpli\u00f3 con al menos tres de ellos. Son Mart\u00ed Batres, quien termin\u00f3 el periodo de Sheinbaum en el gobierno de la Ciudad de [&hellip;]<\/p>\n","protected":false},"author":3,"featured_media":71211,"comment_status":"open","ping_status":"open","sticky":false,"template":"","format":"standard","meta":{"footnotes":""},"categories":[23,16,9150],"tags":[260,261,33354],"class_list":{"0":"post-71210","1":"post","2":"type-post","3":"status-publish","4":"format-standard","5":"has-post-thumbnail","7":"category-columna","8":"category-foto","9":"category-politica","10":"tag-adrian-chavarria-espinosa","11":"tag-alebrijes-en-cuadratines","12":"tag-empleos-para-los-exgobernadores"},"wps_subtitle":"","_links":{"self":[{"href":"https:\/\/www.porlalibreedomex.com\/index.php?rest_route=\/wp\/v2\/posts\/71210","targetHints":{"allow":["GET"]}}],"collection":[{"href":"https:\/\/www.porlalibreedomex.com\/index.php?rest_route=\/wp\/v2\/posts"}],"about":[{"href":"https:\/\/www.porlalibreedomex.com\/index.php?rest_route=\/wp\/v2\/types\/post"}],"author":[{"embeddable":true,"href":"https:\/\/www.porlalibreedomex.com\/index.php?rest_route=\/wp\/v2\/users\/3"}],"replies":[{"embeddable":true,"href":"https:\/\/www.porlalibreedomex.com\/index.php?rest_route=%2Fwp%2Fv2%2Fcomments&post=71210"}],"version-history":[{"count":1,"href":"https:\/\/www.porlalibreedomex.com\/index.php?rest_route=\/wp\/v2\/posts\/71210\/revisions"}],"predecessor-version":[{"id":71212,"href":"https:\/\/www.porlalibreedomex.com\/index.php?rest_route=\/wp\/v2\/posts\/71210\/revisions\/71212"}],"wp:featuredmedia":[{"embeddable":true,"href":"https:\/\/www.porlalibreedomex.com\/index.php?rest_route=\/wp\/v2\/media\/71211"}],"wp:attachment":[{"href":"https:\/\/www.porlalibreedomex.com\/index.php?rest_route=%2Fwp%2Fv2%2Fmedia&parent=71210"}],"wp:term":[{"taxonomy":"category","embeddable":true,"href":"https:\/\/www.porlalibreedomex.com\/index.php?rest_route=%2Fwp%2Fv2%2Fcategories&post=71210"},{"taxonomy":"post_tag","embeddable":true,"href":"https:\/\/www.porlalibreedomex.com\/index.php?rest_route=%2Fwp%2Fv2%2Ftags&post=71210"}],"curies":[{"name":"wp","href":"https:\/\/api.w.org\/{rel}","templated":true}]}}