{"id":71073,"date":"2024-11-14T23:50:31","date_gmt":"2024-11-15T05:50:31","guid":{"rendered":"https:\/\/porlalibreedomex.com\/?p=71073"},"modified":"2024-11-14T23:50:31","modified_gmt":"2024-11-15T05:50:31","slug":"maullidos-urbanos-2024-el-ano-mas-caluroso","status":"publish","type":"post","link":"https:\/\/www.porlalibreedomex.com\/?p=71073","title":{"rendered":"Maullidos Urbanos \/  2024, el a\u00f1o m\u00e1s caluroso"},"content":{"rendered":"<div class=\"aju\">\n<div class=\"aCi\"><\/div>\n<\/div>\n<div class=\"gs\">\n<div class=\"\">\n<div id=\":rx\" class=\"ii gt\">\n<div id=\":oe\" class=\"a3s aiL \">\n<div>\n<div>\n<div>\n<div dir=\"ltr\">\n<div>\n<p><strong>Gato de Barrio \/<\/strong><\/p>\n<p align=\"right\"><strong><i><u><a href=\"mailto:gatodebarrio@yahoo.com.mx\" target=\"_blank\" rel=\"noopener\">gatodebarrio@yahoo.com.mx 7<\/a><\/u><\/i><\/strong><\/p>\n<p align=\"right\">\n<p><strong>P<\/strong>ara quienes dudan de la existencia y consecuencias del cambio clim\u00e1tico, se les recomienda analizar el reporte del Servicio de Cambio Clim\u00e1tico de Cop\u00e9rnicus (C3S), donde se establece que es \u201cpr\u00e1cticamente seguro\u201d que<strong> 2024 se convertir\u00e1 en el a\u00f1o m\u00e1s caluroso jam\u00e1s certificado, donde los investigadores destacan los nocivos impactos provocados por la crisis clim\u00e1tica en el medio ambiente.<\/strong><\/p>\n<p>Por tal motivo, los especialistas insisten en hacer un llamado urgente a las autoridades de todo el mundo para fijar los problemas clim\u00e1ticos como una prioridad dentro de sus agendas, dado que \u201cnuestra civilizaci\u00f3n nunca tuvo que enfrentarse a un clima tan c\u00e1lido como el actual\u201d.<\/p>\n<p>De acuerdo con el informe m\u00e1s reciente del sistema de monitoreo europeo, la subdirectora del C3s, Samantha Burges, vaticina que este a\u00f1o podr\u00eda ser el primero en alcanzar un aumento en la temperatura global superior a 1.5\u00b0 Celsius, respecto a la era preindustrial, avance que ha causado preocupaci\u00f3n.<\/p>\n<p>Manifest\u00f3 que \u201cesta tendencia establece una nueva marca en los registros de temperatura global y deber\u00eda servir como catalizador para aumentar la ambici\u00f3n de cara a la pr\u00f3xima conferencia sobre cambio clim\u00e1tico\u201d de la Organizaci\u00f3n de las Naciones Unidas.<\/p>\n<p>En el reporte se precisa que en los \u00faltimos 12 meses, el planeta se ha calentado 1.62\u00b0 Celsiud en comparaci\u00f3n con las d\u00e9cadas comprendidas entre 1850 y 1900, debido principalmente a la quema a gran escala de carb\u00f3n, petr\u00f3leo y gas, generando un calentamiento sin precedentes en todo el mundo. Incluso se precisa que el d\u00e9cimo mes de 2024 ha sido el segundo octubre m\u00e1s caluroso de cualquier otro a\u00f1o documentado.<\/p>\n<p>Se destaca que por este motivo ya se resienten efectos en diversos ecosistemas, tales como una disminuci\u00f3n del 19% en la extensi\u00f3n del hielo marino del \u00c1rtico, hecho certificado en octubre, as\u00ed como la presencia de lluvias m\u00e1s intensas en diferentes regiones, donde naciones europeas se ha visto especialmente afectadas, como las inundaciones en Valencia, Espa\u00f1a.<\/p>\n<p>Otra consecuencia son los huracanes m\u00e1s poderosos y catastr\u00f3ficos, los cuales han elevado sus categor\u00edas en forma acelerada como sucedi\u00f3, por ejemplo. con Otis el a\u00f1o pasado.<\/p>\n<p>Para Cop\u00e9rnicus las medidas de las diferentes naciones para frenar la huella de carbono han resultado insuficientes, por lo cual anticipan que la humanidad est\u00e1 cada vez m\u00e1s lejos de cumplir con los compromisos medioambientales para evitar un desastre clim\u00e1tico. Una vez m\u00e1s est\u00e1 hecha la advertencia, para que luego las autoridades no se digan sorprendidas.<\/p>\n<\/div>\n<\/div>\n<\/div>\n<\/div>\n<\/div>\n<\/div>\n<\/div>\n<\/div>\n<\/div>\n","protected":false},"excerpt":{"rendered":"<p>Gato de Barrio \/ gatodebarrio@yahoo.com.mx 7 Para quienes dudan de la existencia y consecuencias del cambio clim\u00e1tico, se les recomienda analizar el reporte del Servicio de Cambio Clim\u00e1tico de Cop\u00e9rnicus (C3S), donde se establece que es \u201cpr\u00e1cticamente seguro\u201d que 2024 se convertir\u00e1 en el a\u00f1o m\u00e1s caluroso jam\u00e1s certificado, donde los investigadores destacan los nocivos [&hellip;]<\/p>\n","protected":false},"author":3,"featured_media":71074,"comment_status":"open","ping_status":"open","sticky":false,"template":"","format":"standard","meta":{"footnotes":""},"categories":[23,16,9207],"tags":[33273,33274,6315,11389,33272],"class_list":{"0":"post-71073","1":"post","2":"type-post","3":"status-publish","4":"format-standard","5":"has-post-thumbnail","7":"category-columna","8":"category-foto","9":"category-medio-ambiente","10":"tag-2024-el-ano-mas-caluroso","11":"tag-el-cambio-climatico-es-real","12":"tag-gato-de-barrio","13":"tag-maullidos-urbanos","14":"tag-servicio-de-cambio-climatico"},"wps_subtitle":"","_links":{"self":[{"href":"https:\/\/www.porlalibreedomex.com\/index.php?rest_route=\/wp\/v2\/posts\/71073","targetHints":{"allow":["GET"]}}],"collection":[{"href":"https:\/\/www.porlalibreedomex.com\/index.php?rest_route=\/wp\/v2\/posts"}],"about":[{"href":"https:\/\/www.porlalibreedomex.com\/index.php?rest_route=\/wp\/v2\/types\/post"}],"author":[{"embeddable":true,"href":"https:\/\/www.porlalibreedomex.com\/index.php?rest_route=\/wp\/v2\/users\/3"}],"replies":[{"embeddable":true,"href":"https:\/\/www.porlalibreedomex.com\/index.php?rest_route=%2Fwp%2Fv2%2Fcomments&post=71073"}],"version-history":[{"count":1,"href":"https:\/\/www.porlalibreedomex.com\/index.php?rest_route=\/wp\/v2\/posts\/71073\/revisions"}],"predecessor-version":[{"id":71075,"href":"https:\/\/www.porlalibreedomex.com\/index.php?rest_route=\/wp\/v2\/posts\/71073\/revisions\/71075"}],"wp:featuredmedia":[{"embeddable":true,"href":"https:\/\/www.porlalibreedomex.com\/index.php?rest_route=\/wp\/v2\/media\/71074"}],"wp:attachment":[{"href":"https:\/\/www.porlalibreedomex.com\/index.php?rest_route=%2Fwp%2Fv2%2Fmedia&parent=71073"}],"wp:term":[{"taxonomy":"category","embeddable":true,"href":"https:\/\/www.porlalibreedomex.com\/index.php?rest_route=%2Fwp%2Fv2%2Fcategories&post=71073"},{"taxonomy":"post_tag","embeddable":true,"href":"https:\/\/www.porlalibreedomex.com\/index.php?rest_route=%2Fwp%2Fv2%2Ftags&post=71073"}],"curies":[{"name":"wp","href":"https:\/\/api.w.org\/{rel}","templated":true}]}}