{"id":70856,"date":"2024-10-21T23:16:57","date_gmt":"2024-10-22T05:16:57","guid":{"rendered":"https:\/\/porlalibreedomex.com\/?p=70856"},"modified":"2024-10-22T23:17:30","modified_gmt":"2024-10-23T05:17:30","slug":"impulsa-la-uaemex-dialogo-entre-instituciones-en-pro-del-medio-ambiente-y-la-salud","status":"publish","type":"post","link":"https:\/\/www.porlalibreedomex.com\/?p=70856","title":{"rendered":"Impulsa la UAEM\u00e9x di\u00e1logo entre instituciones\u00a0 en pro del medio ambiente y la salud\u00a0\u00a0\u00a0"},"content":{"rendered":"<div align=\"center\"><\/div>\n<ul>\n<li><strong><i>La secretaria de Investigaci\u00f3n y Estudios Avanzados, Martha Patricia Zarza Delgado, mencion\u00f3 que el proyecto PRONACES-CONAHCYT 316642 se suma a la atenci\u00f3n de problemas relacionados con la contaminaci\u00f3n del aire.<\/i><\/strong><\/li>\n<\/ul>\n<div><strong>\u00a0\u00a0<\/strong><\/div>\n<div><b>Toluca, M\u00e9xico,\u00a0 21 de octubre de 2024.<\/b>\u00a0El trabajo colaborativo entre instituciones es necesario para generar pol\u00edticas p\u00fablicas y avanzar en una nueva l\u00f3gica de la investigaci\u00f3n en M\u00e9xico en materia de contaminaci\u00f3n ambiental, un tema definido en los Proyectos Nacionales Estrat\u00e9gicos (PRONACES) del Consejo Nacional de Humanidades, Ciencias y Tecnolog\u00edas (CONAHCyT), afirm\u00f3, en representaci\u00f3n del rector de la Universidad Aut\u00f3noma del Estado de M\u00e9xico (UAEM\u00e9x), Carlos Eduardo Barrera D\u00edaz, la secretaria de Investigaci\u00f3n y Estudios Avanzados, Martha Patricia Zarza Delgado, al inaugurar el Taller de Informaci\u00f3n a las Autoridades de la Zona Metropolitana del Valle de Toluca de los Resultados del Proyecto PRONACES-CONAHCYT 316642.<\/div>\n<div>Acompa\u00f1ada por el director de Control de Emisiones a la Atm\u00f3sfera de la Direcci\u00f3n General para la Protecci\u00f3n y Restauraci\u00f3n del Medio Ambiente, Carlos Eduardo Solares Vega, en representaci\u00f3n de la Secretar\u00eda del Medio Ambiente y Desarrollo Sostenible del Gobierno del Estado de M\u00e9xico, Alhely Rubio Arronis, el director general del Centro Estatal de Vigilancia Epidemiol\u00f3gica del Estado de M\u00e9xico, V\u00edctor Manuel Torres Meza, y\u00a0 la responsable del proyecto PRONACES-CONAHCYT316642, Violeta Mugica \u00c1lvarez; Zarza Delgado mencion\u00f3 que este proyecto es de inter\u00e9s para la agenda socio ambiental en M\u00e9xico y representa una gran oportunidad para atender problemas relacionados con la contaminaci\u00f3n del aire como uno de los mayores riesgos ambientales que existen para la salud humana.<\/div>\n<div><\/div>\n<div><a href=\"http:\/\/porlalibreedomex.com\/wp-content\/uploads\/2024\/10\/Taller-de-Informacion-a-las-Autoridades-de-la-Zona-Metropolitana-del-Valle-de-Toluca.jpeg\"><img loading=\"lazy\" decoding=\"async\" class=\"aligncenter size-large wp-image-70857\" src=\"http:\/\/porlalibreedomex.com\/wp-content\/uploads\/2024\/10\/Taller-de-Informacion-a-las-Autoridades-de-la-Zona-Metropolitana-del-Valle-de-Toluca-1024x683.jpeg\" alt=\"\" width=\"800\" height=\"534\" srcset=\"https:\/\/www.porlalibreedomex.com\/wp-content\/uploads\/2024\/10\/Taller-de-Informacion-a-las-Autoridades-de-la-Zona-Metropolitana-del-Valle-de-Toluca-1024x683.jpeg 1024w, https:\/\/www.porlalibreedomex.com\/wp-content\/uploads\/2024\/10\/Taller-de-Informacion-a-las-Autoridades-de-la-Zona-Metropolitana-del-Valle-de-Toluca-300x200.jpeg 300w, https:\/\/www.porlalibreedomex.com\/wp-content\/uploads\/2024\/10\/Taller-de-Informacion-a-las-Autoridades-de-la-Zona-Metropolitana-del-Valle-de-Toluca-768x512.jpeg 768w, https:\/\/www.porlalibreedomex.com\/wp-content\/uploads\/2024\/10\/Taller-de-Informacion-a-las-Autoridades-de-la-Zona-Metropolitana-del-Valle-de-Toluca-1536x1024.jpeg 1536w, https:\/\/www.porlalibreedomex.com\/wp-content\/uploads\/2024\/10\/Taller-de-Informacion-a-las-Autoridades-de-la-Zona-Metropolitana-del-Valle-de-Toluca.jpeg 1600w\" sizes=\"auto, (max-width: 800px) 100vw, 800px\" \/><\/a><\/div>\n<div>\u201cCon estas acciones se ratifica el compromiso cient\u00edfico para el establecimiento de un di\u00e1logo interinstitucional permanente con las instancias de toma de decisiones del \u00e1mbito p\u00fablico para apoyar en la definici\u00f3n de pol\u00edticas p\u00fablicas relacionadas con el medio ambiente y la salud\u201d, apunt\u00f3.<\/div>\n<div>Por su parte, Solares Vega destac\u00f3 que este tipo de proyectos son fundamentales, ya que permiten a las autoridades generar pol\u00edticas p\u00fablicas s\u00f3lidas para mejorar la salud de quienes habitan en la Zona Metropolitana del Valle de M\u00e9xico y atender las afectaciones del cambio clim\u00e1tico.<\/div>\n<div>\u201cEste PRONACE nos permite generar acciones concretas en cada regi\u00f3n y atender las necesidades de cada una de las cuencas atmosf\u00e9ricas que, si bien no comparten similitudes atmosf\u00e9ricas, si comparten la preocupaci\u00f3n por su contaminaci\u00f3n\u201d, enfatiz\u00f3.<\/div>\n<div>Posterior a la inauguraci\u00f3n, se present\u00f3 el proyecto \u201cContaminaci\u00f3n atmosf\u00e9rica en la megal\u00f3polis de la ZMVM: fuentes, dispersi\u00f3n, su efecto en el cambio clim\u00e1tico, salud de la poblaci\u00f3n, percepci\u00f3n de riesgos y posibilidades de mitigaci\u00f3n\u201d, sobre el cual, Violeta Mugica explic\u00f3 que el objetivo fue realizar un estudio interdisciplinario e interinstitucional en tres ciudades de la megal\u00f3polis: Cuernavaca, la Zona Metropolitana de Toluca y la Zona Metropolitana del Valle de M\u00e9xico, con el prop\u00f3sito de proporcionar a los gobiernos e instancias datos que impulsen estrategias en pro del medio ambiente.<\/div>\n<div>Finalmente, Mugica \u00c1lvarez consider\u00f3 necesario crear estrategias de difusi\u00f3n para que este proyecto pueda llegar a distintos sectores de la poblaci\u00f3n, entre ellos, a los sectores salud y gubernamental, para la implementaci\u00f3n de pol\u00edticas p\u00fablicas que contribuyan a mejorar la calidad del aire.<\/div>\n","protected":false},"excerpt":{"rendered":"<p>La secretaria de Investigaci\u00f3n y Estudios Avanzados, Martha Patricia Zarza Delgado, mencion\u00f3 que el proyecto PRONACES-CONAHCYT 316642 se suma a la atenci\u00f3n de problemas relacionados con la contaminaci\u00f3n del aire. \u00a0\u00a0 Toluca, M\u00e9xico,\u00a0 21 de octubre de 2024.\u00a0El trabajo colaborativo entre instituciones es necesario para generar pol\u00edticas p\u00fablicas y avanzar en una nueva l\u00f3gica de [&hellip;]<\/p>\n","protected":false},"author":3,"featured_media":70858,"comment_status":"open","ping_status":"open","sticky":false,"template":"","format":"standard","meta":{"footnotes":""},"categories":[9157,16,9207],"tags":[33151,33148,29638,33150,33149],"class_list":{"0":"post-70856","1":"post","2":"type-post","3":"status-publish","4":"format-standard","5":"has-post-thumbnail","7":"category-edomex","8":"category-foto","9":"category-medio-ambiente","10":"tag-medio-ambiente-y-salud","11":"tag-pronaces-conahcyt-316642","12":"tag-sria-martha-patricia-zarza-delgado","13":"tag-sria-alhely-rubio-arronis","14":"tag-victor-manuel-torres-meza"},"wps_subtitle":"","_links":{"self":[{"href":"https:\/\/www.porlalibreedomex.com\/index.php?rest_route=\/wp\/v2\/posts\/70856","targetHints":{"allow":["GET"]}}],"collection":[{"href":"https:\/\/www.porlalibreedomex.com\/index.php?rest_route=\/wp\/v2\/posts"}],"about":[{"href":"https:\/\/www.porlalibreedomex.com\/index.php?rest_route=\/wp\/v2\/types\/post"}],"author":[{"embeddable":true,"href":"https:\/\/www.porlalibreedomex.com\/index.php?rest_route=\/wp\/v2\/users\/3"}],"replies":[{"embeddable":true,"href":"https:\/\/www.porlalibreedomex.com\/index.php?rest_route=%2Fwp%2Fv2%2Fcomments&post=70856"}],"version-history":[{"count":1,"href":"https:\/\/www.porlalibreedomex.com\/index.php?rest_route=\/wp\/v2\/posts\/70856\/revisions"}],"predecessor-version":[{"id":70859,"href":"https:\/\/www.porlalibreedomex.com\/index.php?rest_route=\/wp\/v2\/posts\/70856\/revisions\/70859"}],"wp:featuredmedia":[{"embeddable":true,"href":"https:\/\/www.porlalibreedomex.com\/index.php?rest_route=\/wp\/v2\/media\/70858"}],"wp:attachment":[{"href":"https:\/\/www.porlalibreedomex.com\/index.php?rest_route=%2Fwp%2Fv2%2Fmedia&parent=70856"}],"wp:term":[{"taxonomy":"category","embeddable":true,"href":"https:\/\/www.porlalibreedomex.com\/index.php?rest_route=%2Fwp%2Fv2%2Fcategories&post=70856"},{"taxonomy":"post_tag","embeddable":true,"href":"https:\/\/www.porlalibreedomex.com\/index.php?rest_route=%2Fwp%2Fv2%2Ftags&post=70856"}],"curies":[{"name":"wp","href":"https:\/\/api.w.org\/{rel}","templated":true}]}}