{"id":70852,"date":"2024-10-20T03:49:31","date_gmt":"2024-10-20T09:49:31","guid":{"rendered":"https:\/\/porlalibreedomex.com\/?p=70852"},"modified":"2024-10-21T03:50:01","modified_gmt":"2024-10-21T09:50:01","slug":"mayo-zambada-ante-la-justicia-de-eu-maullidos-urbanos","status":"publish","type":"post","link":"https:\/\/www.porlalibreedomex.com\/?p=70852","title":{"rendered":"\u201cMayo\u201d Zambada ante la justicia de EU \/ Maullidos Urbanos"},"content":{"rendered":"<p><strong>Gato de Barrio \/<\/strong><\/p>\n<p align=\"right\"><strong><i><u><a href=\"mailto:gatodebarrio@yahoo.com.mx\" target=\"_blank\" rel=\"noopener\">gatodebarrio@yahoo.com.mx \/<\/a><\/u><\/i><\/strong><\/p>\n<p><strong>A<\/strong>unque los morenistas y cuatrote\u00edstas celebran la sentencia de casi 40 a\u00f1os de c\u00e1rcel para Genaro Garc\u00eda Luna, deber\u00edan tener en cuenta que en su juicio no se presentaron pruebas tangibles de las acusaciones imputadas en su contra, solamente hubo declaraciones de delincuentes, en particular narcotraficantes investidos de \u201ctestigos protegidos\u201d.<\/p>\n<p>Pero ahora sigue el juicio de Ismael \u201cEl Mayo\u201d Zambada, sobre quien pesan 17 cargos relacionados con su liderazgo en el C\u00e1rtel de Sinaloa, donde adem\u00e1s de otras acusaciones y ofensas criminales desde los a\u00f1os ochenta, es el tr\u00e1fico de fentanilo una de las mayores razones para que el fiscal solicitara se le dicte la pena de muerte, caso respaldado por un gran c\u00famulo de pruebas, como grabaciones, registros de aseguramiento e intercepciones.<\/p>\n<p>Por la forma en c\u00f3mo ha actuado el juez Brian Cogan \u2013quien adem\u00e1s de haber llevado el caso de Garc\u00eda Luna, tambi\u00e9n sentenci\u00f3 a cadena perpetua a Joaqu\u00edn \u201cEl Chapo\u201d Guzm\u00e1n\u2013, es muy probable que acceda a esa solicitud de decretar la pena capital.<\/p>\n<p>Pero pese a sus 76 a\u00f1os de edad, el \u201cMayo\u201d Zambada quien tiene entre otras afecciones problemas en una de sus rodillas, posiblemente leucemia y, lo m\u00e1s relevante, diabetes la cual no ha sido tratada de forma adecuada, ocasion\u00e1ndole entre otras secuelas ceguera y problemas renales, es dif\u00edcil que acepte la sentencia de muerte por lo cual podr\u00eda tambi\u00e9n aceptar ser \u201ctestigo protegido\u201d.<\/p>\n<p>Bajo esa condici\u00f3n, entonces podr\u00eda empezar a revelar datos, tanto ciertos como ficticios, para involucrar en actos criminales a pol\u00edticos federales y estatales, ya sea en activo como presuntamente retirados, tal como sucedi\u00f3 y le imputaron a Garc\u00eda Luna, suficientes para que los se\u00f1alados tambi\u00e9n sean motivo de un juicio penal.<\/p>\n<p>De esta forma, entre otros presuntos implicados estar\u00edan Rub\u00e9n Rocha Moya, actual gobernador de Sinaloa \u2013adem\u00e1s, mencionado como participante en el \u201csecuestro\u201d del \u201cMayo\u201d Zambada para ser entregado a las autoridades estadounidenses\u2013, y Andr\u00e9s Manuel L\u00f3pez Obrador a quien sus opositores le colgaron el mote de \u201cnarcopresidente\u201d.<\/p>\n<p>Entonces, de suceder esa situaci\u00f3n, los morenistas tendr\u00e1n problemas para intentar desligar a los implicados en las probables acusaciones de Garc\u00eda Luna y del \u201cMayo\u201d Zambada, ya que estar\u00edan en las mismas condiciones de aceptar la palabra de los \u201ctestigos protegidos\u201d para no solo ser sometidos a un juicio, tambi\u00e9n ser sentenciados a un largo periodo de c\u00e1rcel.<\/p>\n<p>Ser\u00e1 interesante ver c\u00f3mo intentar\u00edan defenderse y decir que ellos son diferentes.<\/p>\n","protected":false},"excerpt":{"rendered":"<p>Gato de Barrio \/ gatodebarrio@yahoo.com.mx \/ Aunque los morenistas y cuatrote\u00edstas celebran la sentencia de casi 40 a\u00f1os de c\u00e1rcel para Genaro Garc\u00eda Luna, deber\u00edan tener en cuenta que en su juicio no se presentaron pruebas tangibles de las acusaciones imputadas en su contra, solamente hubo declaraciones de delincuentes, en particular narcotraficantes investidos de \u201ctestigos [&hellip;]<\/p>\n","protected":false},"author":3,"featured_media":70853,"comment_status":"open","ping_status":"open","sticky":false,"template":"","format":"standard","meta":{"footnotes":""},"categories":[23,16,9150],"tags":[33147,6315,11389],"class_list":{"0":"post-70852","1":"post","2":"type-post","3":"status-publish","4":"format-standard","5":"has-post-thumbnail","7":"category-columna","8":"category-foto","9":"category-politica","10":"tag-el-mayo-zambada-en-e-e-u-u","11":"tag-gato-de-barrio","12":"tag-maullidos-urbanos"},"wps_subtitle":"","_links":{"self":[{"href":"https:\/\/www.porlalibreedomex.com\/index.php?rest_route=\/wp\/v2\/posts\/70852","targetHints":{"allow":["GET"]}}],"collection":[{"href":"https:\/\/www.porlalibreedomex.com\/index.php?rest_route=\/wp\/v2\/posts"}],"about":[{"href":"https:\/\/www.porlalibreedomex.com\/index.php?rest_route=\/wp\/v2\/types\/post"}],"author":[{"embeddable":true,"href":"https:\/\/www.porlalibreedomex.com\/index.php?rest_route=\/wp\/v2\/users\/3"}],"replies":[{"embeddable":true,"href":"https:\/\/www.porlalibreedomex.com\/index.php?rest_route=%2Fwp%2Fv2%2Fcomments&post=70852"}],"version-history":[{"count":2,"href":"https:\/\/www.porlalibreedomex.com\/index.php?rest_route=\/wp\/v2\/posts\/70852\/revisions"}],"predecessor-version":[{"id":70855,"href":"https:\/\/www.porlalibreedomex.com\/index.php?rest_route=\/wp\/v2\/posts\/70852\/revisions\/70855"}],"wp:featuredmedia":[{"embeddable":true,"href":"https:\/\/www.porlalibreedomex.com\/index.php?rest_route=\/wp\/v2\/media\/70853"}],"wp:attachment":[{"href":"https:\/\/www.porlalibreedomex.com\/index.php?rest_route=%2Fwp%2Fv2%2Fmedia&parent=70852"}],"wp:term":[{"taxonomy":"category","embeddable":true,"href":"https:\/\/www.porlalibreedomex.com\/index.php?rest_route=%2Fwp%2Fv2%2Fcategories&post=70852"},{"taxonomy":"post_tag","embeddable":true,"href":"https:\/\/www.porlalibreedomex.com\/index.php?rest_route=%2Fwp%2Fv2%2Ftags&post=70852"}],"curies":[{"name":"wp","href":"https:\/\/api.w.org\/{rel}","templated":true}]}}