{"id":70812,"date":"2024-10-16T01:32:18","date_gmt":"2024-10-16T07:32:18","guid":{"rendered":"https:\/\/porlalibreedomex.com\/?p=70812"},"modified":"2024-10-17T01:34:53","modified_gmt":"2024-10-17T07:34:53","slug":"anuncia-el-presidente-municipal-de-almoloya-de-juarez-oscar-sanchez-el-tercer-festival-de-la-pirotecnia","status":"publish","type":"post","link":"https:\/\/www.porlalibreedomex.com\/?p=70812","title":{"rendered":"ANUNCIA EL PRESIDENTE MUNICIPAL DE ALMOLOYA DE JU\u00c1REZ, \u00d3SCAR S\u00c1NCHEZ, EL TERCER FESTIVAL DE LA PIROTECNIA"},"content":{"rendered":"<ul>\n<li><em><strong>Se realizar\u00e1 con estrictas medidas de seguridad, dijo el alcalde.<\/strong><\/em><\/li>\n<li><em><strong>En los festivales anteriores el saldo fue blanco, record\u00f3 el edil.<\/strong><\/em><\/li>\n<li><em><strong>Detall\u00f3 que la zona de quema se resguardar\u00e1 con vallas met\u00e1licas.<\/strong><\/em><\/li>\n<li><em><strong><span style=\"font-family: Arial, serif;\">En el tercer d\u00eda se presentar\u00e1n los trabajos de pirot\u00e9cnicos de <\/span><span style=\"font-family: Arial, serif;\">Rusia, Costa Rica, Reino Unido y M\u00e9xico.<\/span><\/strong><\/em><\/li>\n<\/ul>\n<p>&nbsp;<\/p>\n<p><strong>Por Bettina Falc\u00f3n Valerdi<\/strong><\/p>\n<div dir=\"auto\"><\/div>\n<div dir=\"auto\"><strong>Almoloya de Ju\u00e1rez, Estado de M\u00e9xico; 16 de octubre de 2024.<\/strong>&#8211; El gobierno municipal que encabeza el Lic. \u00d3scar S\u00e1nchez Garc\u00eda, invertir\u00e1 6.5 millones de pesos en el Tercer Festival Internacional de la Pirotecnia Arte, Fuego y Cultura, que se llevar\u00e1 a cabo del 25 al 27 de octubre en San Mateo Tlalchichilpan, lo cual permiir\u00e1 activar la econom\u00eda del municipio y, en particular, de esa comunidad.<\/div>\n<div dir=\"auto\">En esta municipalidad se tienen registrados 97 polvorines de pirotecnia de donde depende la econom\u00eda de 36 mil almoloyenses, inform\u00f3 el director de Pirotecnia local, Giovani Galv\u00e1n Coyote; de ah\u00ed la importancia de que esta demarcaci\u00f3n sea la segunda productora de esta artesan\u00eda en la entidad.<\/div>\n<div dir=\"auto\">Despu\u00e9s de informar que la primera y segunda edici\u00f3n de este Festival se desarroll\u00f3 con saldo blanco, S\u00e1nchez Garc\u00eda destac\u00f3 que la actual edici\u00f3n se est\u00e1 organizando con todas las medidas de seguridad, toda vez que se trata de un evento eminentemente familar.<\/div>\n<div dir=\"auto\"><\/div>\n<div dir=\"auto\">\n<figure id=\"attachment_70813\" aria-describedby=\"caption-attachment-70813\" style=\"width: 800px\" class=\"wp-caption aligncenter\"><a href=\"http:\/\/porlalibreedomex.com\/wp-content\/uploads\/2024\/10\/Los-dias-25-26-y-27-se-realizara-en-San-Mateo-Tlachichilpan-Almoloya-de-Juarez-el-Festival-de-la-Pirotecnia-anuncio-el-presidente-municipal.jpg\"><img loading=\"lazy\" decoding=\"async\" class=\"size-large wp-image-70813\" src=\"http:\/\/porlalibreedomex.com\/wp-content\/uploads\/2024\/10\/Los-dias-25-26-y-27-se-realizara-en-San-Mateo-Tlachichilpan-Almoloya-de-Juarez-el-Festival-de-la-Pirotecnia-anuncio-el-presidente-municipal-1024x691.jpg\" alt=\"\" width=\"800\" height=\"540\" srcset=\"https:\/\/www.porlalibreedomex.com\/wp-content\/uploads\/2024\/10\/Los-dias-25-26-y-27-se-realizara-en-San-Mateo-Tlachichilpan-Almoloya-de-Juarez-el-Festival-de-la-Pirotecnia-anuncio-el-presidente-municipal-1024x691.jpg 1024w, https:\/\/www.porlalibreedomex.com\/wp-content\/uploads\/2024\/10\/Los-dias-25-26-y-27-se-realizara-en-San-Mateo-Tlachichilpan-Almoloya-de-Juarez-el-Festival-de-la-Pirotecnia-anuncio-el-presidente-municipal-300x203.jpg 300w, https:\/\/www.porlalibreedomex.com\/wp-content\/uploads\/2024\/10\/Los-dias-25-26-y-27-se-realizara-en-San-Mateo-Tlachichilpan-Almoloya-de-Juarez-el-Festival-de-la-Pirotecnia-anuncio-el-presidente-municipal-768x518.jpg 768w, https:\/\/www.porlalibreedomex.com\/wp-content\/uploads\/2024\/10\/Los-dias-25-26-y-27-se-realizara-en-San-Mateo-Tlachichilpan-Almoloya-de-Juarez-el-Festival-de-la-Pirotecnia-anuncio-el-presidente-municipal.jpg 1280w\" sizes=\"auto, (max-width: 800px) 100vw, 800px\" \/><\/a><figcaption id=\"caption-attachment-70813\" class=\"wp-caption-text\">Los d\u00edas 25, 26 y 27 se realizar\u00e1 en San Mateo Tlachichilpan, Almoloya de Ju\u00e1rez, el Festival de la Pirotecnia, anunci\u00f3 el presidente municipal.<\/figcaption><\/figure>\n<\/div>\n<div dir=\"auto\">\u00abSe busca un ambiente cien por ciento familiar porque lo m\u00e1s importante es que vengan a disfrutar en el municipio de Almoloya de Ju\u00e1rez estos eventos que son \u00fanicos\u00bb, expres\u00f3 el edil.<\/div>\n<div dir=\"auto\">Y agreg\u00f3 que se trabaja conjuntamente con autoridades de todos los \u00e1mbitos de gobierno, para resguardar la integridad tanto de los artesanos participantes como de quienes asistan a apreciar esta artesan\u00eda tradicional almoloyense.<\/div>\n<div dir=\"auto\">Entre las medidas de seguridad destac\u00f3 el despliegue\u00a0un puesto de auxilio con ambulancias de terapia intensiva, as\u00ed como una ruta de evacuaci\u00f3n y la notificaci\u00f3n al Grupo de Rescate A\u00e9reo Rel\u00e1mpagos para habilitar un helipuerto en caso de ser necesario.<\/div>\n<div dir=\"auto\">Detall\u00f3 que la zona de quema estar\u00e1 resguardada por vallas met\u00e1licas con un radio de 20 a 22 metros para asegurar que el p\u00fablico permanezca a una distancia segura y que la\u00a0Direcci\u00f3n de Seguridad Ciudadana Municipal desplegar\u00e1 150 elementos, apoyados por 18 motopatrullas, para controlar los accesos a San Mateo Tlalchichilpan.<\/div>\n<div dir=\"auto\"><span style=\"font-family: Arial, serif;\">Por su parte\u00a0<\/span>el director del Instituto Mexiquense de la Pirotecnia, Emmanuel Reyes Urb\u00e1n, explic\u00f3 la baja contaminaci\u00f3n que genera est\u00e1 actividad si se compara con los residuos que emiten los hidrocarburos, toda vez que los desechos de la pirotecnia son grandes y se precipitan al suelo en un tiempo muy corto, en tanto que las part\u00edculas que emiten los combustibles son tan peque\u00f1as que flotan en el ambiente por largos periodos, de ah\u00ed que hizo un llamado a no estigmatizar los fuegos artificiales.<\/div>\n<div dir=\"auto\">Adem\u00e1s destac\u00f3 que en la entidad se produce el 60% de la pirotecnia nacional y precis\u00f3 que Almoloya de Ju\u00e1rez es la segunda demarcaci\u00f3n productora en el Edomex.<\/div>\n<div dir=\"auto\"><\/div>\n<div dir=\"auto\">\n<figure id=\"attachment_70815\" aria-describedby=\"caption-attachment-70815\" style=\"width: 800px\" class=\"wp-caption aligncenter\"><a href=\"http:\/\/porlalibreedomex.com\/wp-content\/uploads\/2024\/10\/El-Tercer-Festival-Internacional-de-la-Pirotecnia-se-realizara-en-coordnacion-con-el-Instituto-Mexiquense-de-la-Pirotecnia.jpg\"><img loading=\"lazy\" decoding=\"async\" class=\"size-large wp-image-70815\" src=\"http:\/\/porlalibreedomex.com\/wp-content\/uploads\/2024\/10\/El-Tercer-Festival-Internacional-de-la-Pirotecnia-se-realizara-en-coordnacion-con-el-Instituto-Mexiquense-de-la-Pirotecnia-1024x683.jpg\" alt=\"\" width=\"800\" height=\"534\" srcset=\"https:\/\/www.porlalibreedomex.com\/wp-content\/uploads\/2024\/10\/El-Tercer-Festival-Internacional-de-la-Pirotecnia-se-realizara-en-coordnacion-con-el-Instituto-Mexiquense-de-la-Pirotecnia-1024x683.jpg 1024w, https:\/\/www.porlalibreedomex.com\/wp-content\/uploads\/2024\/10\/El-Tercer-Festival-Internacional-de-la-Pirotecnia-se-realizara-en-coordnacion-con-el-Instituto-Mexiquense-de-la-Pirotecnia-300x200.jpg 300w, https:\/\/www.porlalibreedomex.com\/wp-content\/uploads\/2024\/10\/El-Tercer-Festival-Internacional-de-la-Pirotecnia-se-realizara-en-coordnacion-con-el-Instituto-Mexiquense-de-la-Pirotecnia-768x512.jpg 768w, https:\/\/www.porlalibreedomex.com\/wp-content\/uploads\/2024\/10\/El-Tercer-Festival-Internacional-de-la-Pirotecnia-se-realizara-en-coordnacion-con-el-Instituto-Mexiquense-de-la-Pirotecnia.jpg 1280w\" sizes=\"auto, (max-width: 800px) 100vw, 800px\" \/><\/a><figcaption id=\"caption-attachment-70815\" class=\"wp-caption-text\">El Tercer Festival Internacional de la Pirotecnia se realizar\u00e1 en coordnaci\u00f3n con el Instituto Mexiquense de la Pirotecnia.<\/figcaption><\/figure>\n<p>&nbsp;<\/p>\n<\/div>\n<div dir=\"auto\">E<span style=\"font-family: Arial, serif;\">l programa que se desarrollar\u00e1 iniciar\u00e1 el concurso nacional de piezas mec\u00e1nicas y sicod\u00e9licas; para el segundo d\u00eda se quemar\u00e1n los castillos monumentales y psicod\u00e9licos y en el tercer d\u00eda se presentar\u00e1n los trabajos de pirot\u00e9cnicos de\u00a0<\/span><span style=\"font-family: Arial, serif;\">Rusia, Costa Rica, Reino Unido y M\u00e9xico.<\/span><\/div>\n<div dir=\"auto\">El componente musical estar\u00e1 a cargo de\u00a0la Super Banda de Chilacachapa, en la primera fecha; el s\u00e1bado se presentar\u00e1 la Banda La Fugitiva, Claudio Alcar\u00e1z y Beto y sus Canarios y la clausura del evento estar\u00e1 a cargo de la Original Banda El Lim\u00f3n.<\/div>\n<div dir=\"auto\">El\u00a0Coronel de Arma Blindada Mario Abimael Arias Quintana, Comandante del Octavo Regimiento Mecanizado; el director de la Pirotecnia de Almoloya de Ju\u00e1rez, Giovani Galv\u00e1n Coyote; el director de Cultura municipal, Luis Fernando Gonz\u00e1lez Nava; el Coordinado Municipal de Protecci\u00f3n Civil, Christian de la Cruz Zetina, as\u00ed como integrantes del Cabildo, tambi\u00e9n estuvieron presentes en esta conferencia de prensa.<\/div>\n","protected":false},"excerpt":{"rendered":"<p>Se realizar\u00e1 con estrictas medidas de seguridad, dijo el alcalde. En los festivales anteriores el saldo fue blanco, record\u00f3 el edil. Detall\u00f3 que la zona de quema se resguardar\u00e1 con vallas met\u00e1licas. En el tercer d\u00eda se presentar\u00e1n los trabajos de pirot\u00e9cnicos de Rusia, Costa Rica, Reino Unido y M\u00e9xico. &nbsp; Por Bettina Falc\u00f3n Valerdi [&hellip;]<\/p>\n","protected":false},"author":3,"featured_media":70814,"comment_status":"open","ping_status":"open","sticky":false,"template":"","format":"standard","meta":{"footnotes":""},"categories":[9146,9157,16],"tags":[33120,33118,33119,33121,31712],"class_list":{"0":"post-70812","1":"post","2":"type-post","3":"status-publish","4":"format-standard","5":"has-post-thumbnail","7":"category-economia","8":"category-edomex","9":"category-foto","10":"tag-estrictas-medidas-de-seguridad","11":"tag-festival-de-pirotecnia-en-almoloya-de-j","12":"tag-festival-en-san-mateo-tlachichilpan","13":"tag-impulsar-la-economia-de-almoloya-de-juarez","14":"tag-presidente-municipal-oscar-sanchez"},"wps_subtitle":"SE REALIZAR\u00c1 EN SAN MATEO TLACHICILPAN","_links":{"self":[{"href":"https:\/\/www.porlalibreedomex.com\/index.php?rest_route=\/wp\/v2\/posts\/70812","targetHints":{"allow":["GET"]}}],"collection":[{"href":"https:\/\/www.porlalibreedomex.com\/index.php?rest_route=\/wp\/v2\/posts"}],"about":[{"href":"https:\/\/www.porlalibreedomex.com\/index.php?rest_route=\/wp\/v2\/types\/post"}],"author":[{"embeddable":true,"href":"https:\/\/www.porlalibreedomex.com\/index.php?rest_route=\/wp\/v2\/users\/3"}],"replies":[{"embeddable":true,"href":"https:\/\/www.porlalibreedomex.com\/index.php?rest_route=%2Fwp%2Fv2%2Fcomments&post=70812"}],"version-history":[{"count":1,"href":"https:\/\/www.porlalibreedomex.com\/index.php?rest_route=\/wp\/v2\/posts\/70812\/revisions"}],"predecessor-version":[{"id":70816,"href":"https:\/\/www.porlalibreedomex.com\/index.php?rest_route=\/wp\/v2\/posts\/70812\/revisions\/70816"}],"wp:featuredmedia":[{"embeddable":true,"href":"https:\/\/www.porlalibreedomex.com\/index.php?rest_route=\/wp\/v2\/media\/70814"}],"wp:attachment":[{"href":"https:\/\/www.porlalibreedomex.com\/index.php?rest_route=%2Fwp%2Fv2%2Fmedia&parent=70812"}],"wp:term":[{"taxonomy":"category","embeddable":true,"href":"https:\/\/www.porlalibreedomex.com\/index.php?rest_route=%2Fwp%2Fv2%2Fcategories&post=70812"},{"taxonomy":"post_tag","embeddable":true,"href":"https:\/\/www.porlalibreedomex.com\/index.php?rest_route=%2Fwp%2Fv2%2Ftags&post=70812"}],"curies":[{"name":"wp","href":"https:\/\/api.w.org\/{rel}","templated":true}]}}