{"id":70637,"date":"2024-09-29T01:53:48","date_gmt":"2024-09-29T07:53:48","guid":{"rendered":"https:\/\/porlalibreedomex.com\/?p=70637"},"modified":"2024-09-30T01:56:43","modified_gmt":"2024-09-30T07:56:43","slug":"mujeres-en-la-ciencia-las-humanidades-cohesionan-brindan-sentido-y-sensibilizan-a-las-personas-rosario-perez-bernal","status":"publish","type":"post","link":"https:\/\/www.porlalibreedomex.com\/?p=70637","title":{"rendered":"Mujeres en la ciencia: Las humanidades cohesionan, brindan sentido y sensibilizan a las personas: Rosario P\u00e9rez Bernal"},"content":{"rendered":"<div align=\"center\"><\/div>\n<div><\/div>\n<ul>\n<li><strong><i>La investigadora universitaria explic\u00f3 que la literatura y las dem\u00e1s artes hacen que percibamos la vida desde una luz diferente y, de esta manera, nos hacen m\u00e1s sensibles a nuestra realidad y nos humanizan.<\/i><\/strong><\/li>\n<\/ul>\n<div><\/div>\n<div><b>Toluca, M\u00e9xico, 29 de septiembre de 2024.<\/b>\u00a0La literatura y las dem\u00e1s artes hacen que percibamos la vida desde una luz diferente y, de esta manera, nos hacen m\u00e1s sensibles a nuestra realidad, nos humanizan, afirm\u00f3 Rosario P\u00e9rez Bernal, investigadora de la Facultad de Humanidades de la Universidad Aut\u00f3noma del Estado de M\u00e9xico (UAEM\u00e9x), quien realiza el proyecto \u201cNarraci\u00f3n y sentido en la literatura y la filosof\u00eda\u201d.<\/div>\n<div>La investigadora explic\u00f3 que, a trav\u00e9s del arte es posible encontrar \u201cel sentido\u201d de las cosas, que equivale a contar con informaci\u00f3n que lleva a las personas a mirar m\u00e1s all\u00e1 de lo evidente, es decir, lo que les permite salir de la cotidianidad con la que se toman ciertas situaciones. Dentro de la literatura el sentido es determinante para expandir la comprensi\u00f3n de lo narrado, al igual que las obras de arte pict\u00f3ricas y escult\u00f3ricas.<\/div>\n<div>\n<figure id=\"attachment_70639\" aria-describedby=\"caption-attachment-70639\" style=\"width: 800px\" class=\"wp-caption aligncenter\"><a href=\"http:\/\/porlalibreedomex.com\/wp-content\/uploads\/2024\/09\/Comunicado-424-foto-3.jpeg\"><img loading=\"lazy\" decoding=\"async\" class=\"size-full wp-image-70639\" src=\"http:\/\/porlalibreedomex.com\/wp-content\/uploads\/2024\/09\/Comunicado-424-foto-3.jpeg\" alt=\"\" width=\"800\" height=\"533\" srcset=\"https:\/\/www.porlalibreedomex.com\/wp-content\/uploads\/2024\/09\/Comunicado-424-foto-3.jpeg 800w, https:\/\/www.porlalibreedomex.com\/wp-content\/uploads\/2024\/09\/Comunicado-424-foto-3-300x200.jpeg 300w, https:\/\/www.porlalibreedomex.com\/wp-content\/uploads\/2024\/09\/Comunicado-424-foto-3-768x512.jpeg 768w\" sizes=\"auto, (max-width: 800px) 100vw, 800px\" \/><\/a><figcaption id=\"caption-attachment-70639\" class=\"wp-caption-text\">La investigadora de la UAEM\u00e9x habla de la influencia de la cultura.<\/figcaption><\/figure>\n<\/div>\n<div>\u201cUna vez que has terminado de leer un libro, visto una obra de teatro o apreciado alguna pintura, ya no eres la misma persona, ahora tienes nuevos elementos que hacen m\u00e1s vasta tu experiencia en la vida\u201d, dijo.<\/div>\n<div>A trav\u00e9s de su trabajo de investigaci\u00f3n busca encontrar si a trav\u00e9s de la narraci\u00f3n y la no narraci\u00f3n, como lo son las obras de arte que no usan la palabra como medio de expresi\u00f3n, se pueden concebir nuevos sentidos que lleven a las personas a lugares fuera de lo rutinario.<\/div>\n<div>A modo de ejemplo, habl\u00f3 sobre el poema \u201cLas moscas\u201d, del escritor espa\u00f1ol Antonio Machado, ya que estos insectos pueden ser molestos para la mayor\u00eda de las personas, pero adquieren un nuevo sentido como compa\u00f1eros presentes en los momentos m\u00e1s bellos de la vida, dejando de lado su cotidianidad para formar parte importante de los recuerdos.<\/div>\n<div><\/div>\n<div><a href=\"http:\/\/porlalibreedomex.com\/wp-content\/uploads\/2024\/09\/Comunicado-424-foto-2.jpeg\"><img loading=\"lazy\" decoding=\"async\" class=\"aligncenter size-full wp-image-70638\" src=\"http:\/\/porlalibreedomex.com\/wp-content\/uploads\/2024\/09\/Comunicado-424-foto-2.jpeg\" alt=\"\" width=\"800\" height=\"534\" srcset=\"https:\/\/www.porlalibreedomex.com\/wp-content\/uploads\/2024\/09\/Comunicado-424-foto-2.jpeg 800w, https:\/\/www.porlalibreedomex.com\/wp-content\/uploads\/2024\/09\/Comunicado-424-foto-2-300x200.jpeg 300w, https:\/\/www.porlalibreedomex.com\/wp-content\/uploads\/2024\/09\/Comunicado-424-foto-2-768x513.jpeg 768w\" sizes=\"auto, (max-width: 800px) 100vw, 800px\" \/><\/a><\/div>\n<div>De igual modo, P\u00e9rez Bernal explic\u00f3 que la literatura y la filosof\u00eda est\u00e1n estrechamente vinculadas; su engranaje permite explorar la realidad y brinda sentidos intangibles a la percepci\u00f3n de la existencia, de tal manera que se enriquecen las experiencias de las personas y de su comunidad.\u00a0 Un ejemplo es la obra de Jorge Luis Borges, considerado como un literato fil\u00f3sofo, ya que aborda y cuestiona teor\u00edas filos\u00f3ficas en algunos cuentos, adem\u00e1s de explorar el sentido profundo de las cosas.<\/div>\n<div>Por ello, plante\u00f3 que las disciplinas human\u00edsticas cohesionan, brindan sentido y a\u00f1aden sensibilidad a las personas, y de esta manera, fomentan la convivencia arm\u00f3nica y mantienen unida a la comunidad. \u201cLas humanidades son el cemento de la sociedad; son lo que nos hace seres humanos emp\u00e1ticos, por eso mejoran nuestra vida y la hacen m\u00e1s significativa\u201d puntualiz\u00f3.<\/div>\n<div>El equipo que integra esta investigaci\u00f3n est\u00e1 conformado por Mar\u00eda del Carmen \u00c1lvarez Lobato y Mar\u00eda Luisa Bacarlett P\u00e9rez, quienes pertenecen a la Facultad de Humanidades de la UAEM\u00e9x; sin embargo, tambi\u00e9n cuentan con colaboradores y colaboradoras nacionales e internacionales integrados a este grupo de trabajo.<\/div>\n<div>P\u00e9rez Bernal hizo hincapi\u00e9 en la importancia de la reivindicaci\u00f3n de la mujer en la ciencia y afirm\u00f3 que la sociedad es un conglomerado humano en donde lo m\u00e1s importante debe ser la preservaci\u00f3n de la igualdad y la equidad.<\/div>\n<div>Finalmente, exhort\u00f3 a las mujeres universitarias a continuar prepar\u00e1ndose profesionalmente en las humanidades para darles mayor difusi\u00f3n y a\u00f1adi\u00f3 que \u201cdesde el momento en que te conviertes en profesora tambi\u00e9n debes convertirte en investigadora, porque es preciso preparar clases, proyectos y compartir el conocimiento que has adquirido. Por ello, es necesario estar a la vanguardia, para poder competir en el \u00e1mbito cient\u00edfico y acad\u00e9mico internacional\u201d.<\/div>\n<div><\/div>\n<div>*<b>Enlace de video<\/b>*<\/div>\n<div><a id=\"m_2161060382507426550OWA6c800efe-d3d6-d444-493c-c019dc9f8614\" href=\"https:\/\/drive.google.com\/file\/d\/15bE1GPOCKFg8ie6EeLrRWU1yErtm0H-8\/view?usp=sharing\" target=\"_blank\" rel=\"noopener\" data-saferedirecturl=\"https:\/\/www.google.com\/url?q=https:\/\/drive.google.com\/file\/d\/15bE1GPOCKFg8ie6EeLrRWU1yErtm0H-8\/view?usp%3Dsharing&amp;source=gmail&amp;ust=1727760531286000&amp;usg=AOvVaw2w07TwhftFT1qbCo2KDb5W\">https:\/\/drive.google.com\/file\/<wbr \/>d\/<wbr \/>15bE1GPOCKFg8ie6EeLrRWU1yErtm0<wbr \/>H-8\/view?usp=sharing<\/a><\/div>\n<div><\/div>\n","protected":false},"excerpt":{"rendered":"<p>La investigadora universitaria explic\u00f3 que la literatura y las dem\u00e1s artes hacen que percibamos la vida desde una luz diferente y, de esta manera, nos hacen m\u00e1s sensibles a nuestra realidad y nos humanizan. Toluca, M\u00e9xico, 29 de septiembre de 2024.\u00a0La literatura y las dem\u00e1s artes hacen que percibamos la vida desde una luz diferente [&hellip;]<\/p>\n","protected":false},"author":3,"featured_media":70640,"comment_status":"open","ping_status":"open","sticky":false,"template":"","format":"standard","meta":{"footnotes":""},"categories":[9873,9148,16],"tags":[33026,33027,33028,1085],"class_list":{"0":"post-70637","1":"post","2":"type-post","3":"status-publish","4":"format-standard","5":"has-post-thumbnail","7":"category-cultura","8":"category-educacion","9":"category-foto","10":"tag-investigadora-de-la-facultad-de-humanidades","11":"tag-las-artes-nos-humanizan","12":"tag-mujeres-en-la-ciencia-uaemex","13":"tag-rosario-perez-bernal"},"wps_subtitle":"","_links":{"self":[{"href":"https:\/\/www.porlalibreedomex.com\/index.php?rest_route=\/wp\/v2\/posts\/70637","targetHints":{"allow":["GET"]}}],"collection":[{"href":"https:\/\/www.porlalibreedomex.com\/index.php?rest_route=\/wp\/v2\/posts"}],"about":[{"href":"https:\/\/www.porlalibreedomex.com\/index.php?rest_route=\/wp\/v2\/types\/post"}],"author":[{"embeddable":true,"href":"https:\/\/www.porlalibreedomex.com\/index.php?rest_route=\/wp\/v2\/users\/3"}],"replies":[{"embeddable":true,"href":"https:\/\/www.porlalibreedomex.com\/index.php?rest_route=%2Fwp%2Fv2%2Fcomments&post=70637"}],"version-history":[{"count":1,"href":"https:\/\/www.porlalibreedomex.com\/index.php?rest_route=\/wp\/v2\/posts\/70637\/revisions"}],"predecessor-version":[{"id":70644,"href":"https:\/\/www.porlalibreedomex.com\/index.php?rest_route=\/wp\/v2\/posts\/70637\/revisions\/70644"}],"wp:featuredmedia":[{"embeddable":true,"href":"https:\/\/www.porlalibreedomex.com\/index.php?rest_route=\/wp\/v2\/media\/70640"}],"wp:attachment":[{"href":"https:\/\/www.porlalibreedomex.com\/index.php?rest_route=%2Fwp%2Fv2%2Fmedia&parent=70637"}],"wp:term":[{"taxonomy":"category","embeddable":true,"href":"https:\/\/www.porlalibreedomex.com\/index.php?rest_route=%2Fwp%2Fv2%2Fcategories&post=70637"},{"taxonomy":"post_tag","embeddable":true,"href":"https:\/\/www.porlalibreedomex.com\/index.php?rest_route=%2Fwp%2Fv2%2Ftags&post=70637"}],"curies":[{"name":"wp","href":"https:\/\/api.w.org\/{rel}","templated":true}]}}